{"id":27343,"date":"2025-07-23T19:33:01","date_gmt":"2025-07-24T01:33:01","guid":{"rendered":"https:\/\/www.aquilaguna.com\/?p=27343"},"modified":"2025-07-23T19:33:01","modified_gmt":"2025-07-24T01:33:01","slug":"viesca-y-sus-dunas-sorprenderan-en-estas-vacaciones-2025","status":"publish","type":"post","link":"https:\/\/www.aquilaguna.com\/index.php\/2025\/07\/23\/viesca-y-sus-dunas-sorprenderan-en-estas-vacaciones-2025\/","title":{"rendered":"VIESCA Y SUS DUNAS SORPRENDER\u00c1N\u00a0 EN ESTAS VACACIONES 2025."},"content":{"rendered":"\n<p>Saltillo, Coahuila de Zaragoza; a 23 de julio de 2025.- Entre el silencio del desierto lagunero y la calma de un pueblo de historia, Viesca se revela como un lugar de contemplaci\u00f3n. Sus calles empedradas, templos antiguos y las imponentes Dunas de Bilbao conforman un paisaje de otro mundo.&nbsp;<\/p>\n\n\n\n<p>Ideal para la fotograf\u00eda, la aventura o la reflexi\u00f3n, este Pueblo M\u00e1gico ofrece una experiencia \u00edntima con la naturaleza y el pasado. Viesca no grita, susurra.<\/p>\n\n\n\n<p>Antes de llegar a la cabecera municipal de Viesca, se encuentran las Dunas de Bilbao, una muestra de la biodiversidad de Coahuila, en el Ejido Villa de Bilbao. Es una maravilla natural que destaca por la dorada arena del desierto.&nbsp;<\/p>\n\n\n\n<p>Formada por 17 hect\u00e1reas de monta\u00f1as de arena que movida por el viento luce caprichosas formas; lugar ideal para actividades de esparcimiento como sandboarding, caminar en la arena o disfrutar de una sesi\u00f3n fotogr\u00e1fica al amanecer o atardecer.<\/p>\n\n\n\n<p>M\u00e1s adelante, se localiza la ex Hacienda de Santa Ana de Hornos, un punto de gran valor hist\u00f3rico de la regi\u00f3n Laguna; se trata de la Antigua edificaci\u00f3n que fue registrada como propiedad del espa\u00f1ol Leonardo de Zuloaga y do\u00f1a Luisa Ibarra Goribar. Como parte de su patrimonio cuenta con un enorme patio central y una capilla, fundada en 1598 por sacerdotes de la Compa\u00f1\u00eda de Jes\u00fas, es un peque\u00f1o templo presidido por un hermoso altar barroco con esmalte de otro, aderezado con una c\u00fapula de tipo franciscana y varios \u00f3leos antiguos como muestra de arte sacro.<\/p>\n\n\n\n<p>Fundado en el siglo 18, el templo de Santiago Ap\u00f3stol, Santo Patrono del municipio, ha sido testigo de la rica historia y tradiciones de Viesca. Su construcci\u00f3n data de 1748, coincidiendo con la fundaci\u00f3n de Viesca, lo que le ha dado el t\u00edtulo de la parroquia m\u00e1s antigua de la regi\u00f3n Laguna.<\/p>\n\n\n\n<p>Su arquitectura refleja los estilos coloniales de la \u00e9poca, con una fachada de cantera y una estructura imponente que domina el paisaje del peque\u00f1o poblado. Su fiesta patronal es el 25 de julio, es actualmente el punto donde concluye cada a\u00f1o la Procesi\u00f3n del Silencio, una de las celebraciones religiosas m\u00e1s importantes de Coahuila en Semana Santa.<\/p>\n\n\n\n<p>El Museo de Arte Sacro, ubicado en una de las capillas laterales de la Parroquia de Santiago Ap\u00f3stol de Viesca, resguarda piezas de arte sacro, entre las que destacan siete lienzos del siglo 17 que representan im\u00e1genes de la Virgen y de algunos Santos, cuenta con esculturas religiosas, antiguos ornamentos sacerdotales, custodias, incensarios y entre otros objetos lit\u00fargicos.<\/p>\n\n\n\n<p>Otro atractivo es la Plaza de Armas y Reloj Bicentenario, es una explanada con un kiosco, bellos andenes y jardines con variada vegetaci\u00f3n que refleja la biodiversidad de la regi\u00f3n Laguna. La plaza es el punto central del Pueblo M\u00e1gico donde se realizan la mayor\u00eda de eventos c\u00edvicos, religiosos y culturales, en el lugar destaca el llamado Reloj Bicentenario, emblema conmemorativo de los 200 a\u00f1os de la Independencia mexicana.<\/p>\n\n\n\n<p>Mientras que las Ruinas de la F\u00e1brica de Sal est\u00e1n al noreste de Viesca se encuentran las ruinas de lo que fue la F\u00e1brica Sulfatos de Viesca, S.A. una empresa productora de sal y sulfato de sodio. Luego de su cierre en los a\u00f1os 90 se convirti\u00f3 en un lugar emblem\u00e1tico para el surgimiento de leyendas y un atractivo para los visitantes que llegan a explorar el lugar; ah\u00ed encuentran un \u00e1rbol fosilizado y las ruinas de la f\u00e1brica, un interesante escenario para fotograf\u00edas y filmaciones.<\/p>\n\n\n\n<p>Este Pueblo M\u00e1gico tambi\u00e9n cuenta con un Centro de Investigaci\u00f3n y Jard\u00edn Etnobiol\u00f3gico, inaugurado en el 2020 con recursos de la Universidad Aut\u00f3noma de Coahuila, el Gobierno estatal, CONACYT y el respaldo de varios sectores p\u00fablicos y privados.<\/p>\n\n\n\n<p>Tiene como objetivo conservar la flora y fauna de Viesca y la Laguna, as\u00ed como resguardar el conocimiento etnobiol\u00f3gico y difundir de manera accesible la riqueza biocultural del semidesierto de Coahuila para las futuras generaciones. El lugar de 2 hect\u00e1reas de extensi\u00f3n cuenta con m\u00e1s de 70 especies de plantas end\u00e9micas de la regi\u00f3n. Adem\u00e1s, tiene algunas salas de exhibici\u00f3n y espacios donde se imparten talleres para los habitantes. Recibe tambi\u00e9n turistas y visitantes. La entrada es gratuita.<\/p>\n\n\n\n<p>Otro atractivo es el Parque Recreativo Juan Guerra, un balneario ubicado a pocos minutos del centro de Viesca. En temporada de calor, es el lugar m\u00e1s visitado por las familias y visitantes que buscan refrescarse. En el parque hay \u00e1rboles, una alberca, \u00e1rea familiar con palapas, mesas, bancas, asadores y juegos infantiles.<\/p>\n\n\n\n<p>EN VIESCA HAY PLAN<\/p>\n\n\n\n<p>Del 23 al 27 de julio Viesca celebrar\u00e1 su tradicional Feria en el marco del aniversario de su fundaci\u00f3n en la que habr\u00e1 ceremonia conmemorativa, cabalgata y rodeo.<\/p>\n","protected":false},"excerpt":{"rendered":"<p>Saltillo, Coahuila de Zaragoza; a 23 de julio de 2025.- Entre el silencio del desierto lagunero y la calma de un pueblo de historia, Viesca se revela como un lugar de contemplaci\u00f3n. Sus calles empedradas, templos antiguos y las imponentes Dunas de Bilbao conforman un paisaje de otro mundo.&nbsp; Ideal para la fotograf\u00eda, la aventura o la reflexi\u00f3n, este Pueblo M\u00e1gico ofrece una experiencia \u00edntima con la naturaleza y el&#8230;<\/p>\n","protected":false},"author":1,"featured_media":27344,"comment_status":"closed","ping_status":"","sticky":false,"template":"","format":"standard","meta":{"footnotes":""},"categories":[5,15,28,34,45],"tags":[],"class_list":["post-27343","post","type-post","status-publish","format-standard","has-post-thumbnail","hentry","category-coahuila","category-gobierno-de-coahuila","category-la-laguna","category-turismo","category-viesca","wpcat-5-id","wpcat-15-id","wpcat-28-id","wpcat-34-id","wpcat-45-id"],"_links":{"self":[{"href":"https:\/\/www.aquilaguna.com\/index.php\/wp-json\/wp\/v2\/posts\/27343","targetHints":{"allow":["GET"]}}],"collection":[{"href":"https:\/\/www.aquilaguna.com\/index.php\/wp-json\/wp\/v2\/posts"}],"about":[{"href":"https:\/\/www.aquilaguna.com\/index.php\/wp-json\/wp\/v2\/types\/post"}],"author":[{"embeddable":true,"href":"https:\/\/www.aquilaguna.com\/index.php\/wp-json\/wp\/v2\/users\/1"}],"replies":[{"embeddable":true,"href":"https:\/\/www.aquilaguna.com\/index.php\/wp-json\/wp\/v2\/comments?post=27343"}],"version-history":[{"count":1,"href":"https:\/\/www.aquilaguna.com\/index.php\/wp-json\/wp\/v2\/posts\/27343\/revisions"}],"predecessor-version":[{"id":27345,"href":"https:\/\/www.aquilaguna.com\/index.php\/wp-json\/wp\/v2\/posts\/27343\/revisions\/27345"}],"wp:featuredmedia":[{"embeddable":true,"href":"https:\/\/www.aquilaguna.com\/index.php\/wp-json\/wp\/v2\/media\/27344"}],"wp:attachment":[{"href":"https:\/\/www.aquilaguna.com\/index.php\/wp-json\/wp\/v2\/media?parent=27343"}],"wp:term":[{"taxonomy":"category","embeddable":true,"href":"https:\/\/www.aquilaguna.com\/index.php\/wp-json\/wp\/v2\/categories?post=27343"},{"taxonomy":"post_tag","embeddable":true,"href":"https:\/\/www.aquilaguna.com\/index.php\/wp-json\/wp\/v2\/tags?post=27343"}],"curies":[{"name":"wp","href":"https:\/\/api.w.org\/{rel}","templated":true}]}}