{"id":27349,"date":"2025-07-23T19:35:14","date_gmt":"2025-07-24T01:35:14","guid":{"rendered":"https:\/\/www.aquilaguna.com\/?p=27349"},"modified":"2025-07-23T19:35:14","modified_gmt":"2025-07-24T01:35:14","slug":"continuaran-lluvias-muy-fuertes-descargas-electricas-y-granizo-en-coahuila","status":"publish","type":"post","link":"https:\/\/www.aquilaguna.com\/index.php\/2025\/07\/23\/continuaran-lluvias-muy-fuertes-descargas-electricas-y-granizo-en-coahuila\/","title":{"rendered":"CONTINUAR\u00c1N LLUVIAS MUY FUERTES, DESCARGAS EL\u00c9CTRICAS Y GRANIZO EN COAHUILA."},"content":{"rendered":"\n<p>Saltillo, Coahuila de Zaragoza; 23 de julio de 2025. \u2013 La Secretar\u00eda de Gobierno, a trav\u00e9s de la Subsecretar\u00eda de Protecci\u00f3n Civil del Estado, informa que para este d\u00eda, la presencia de canales de baja presi\u00f3n en el norte, oriente y occidente del pa\u00eds, junto con inestabilidad en la atm\u00f3sfera y el ingreso de humedad del oc\u00e9ano Pac\u00edfico y el golfo de M\u00e9xico, provocar\u00e1n lluvias fuertes en Coahuila, acompa\u00f1adas de descargas el\u00e9ctricas y posible ca\u00edda de granizo.<\/p>\n\n\n\n<p>Se espera cielo medio nublado a nublado, con ambiente templado por la ma\u00f1ana. Por la tarde, se prev\u00e9 un ambiente c\u00e1lido a caluroso, adem\u00e1s de rachas de viento de 40 a 60 km\/h.<\/p>\n\n\n\n<p>Ante el calor, se recomienda a la poblaci\u00f3n tomar precauciones para evitar golpes de calor, deshidrataci\u00f3n o afectaciones respiratorias, especialmente en ni\u00f1as, ni\u00f1os, personas adultas mayores y quienes trabajan o permanecen al aire libre.<\/p>\n\n\n\n<p>Pron\u00f3stico general del Servicio Meteorol\u00f3gico Nacional:<\/p>\n\n\n\n<ul class=\"wp-block-list\">\n<li>Chubascos con lluvias fuertes (25 a 50 mm) en las cinco regiones del estado. Estas lluvias podr\u00edan aumentar el nivel de r\u00edos y arroyos, y provocar encharcamientos, deslaves o inundaciones.<\/li>\n<\/ul>\n\n\n\n<p>\u2022&nbsp; Temperaturas m\u00e1ximas entre 35 \u00b0C y 40 \u00b0C en la mayor parte del estado.<\/p>\n\n\n\n<ul class=\"wp-block-list\">\n<li>Rachas de viento de 40 a 60 km\/h, con riesgo de ca\u00edda de \u00e1rboles, postes y estructuras ligeras.<\/li>\n<\/ul>\n\n\n\n<p>Pron\u00f3stico por regi\u00f3n:<\/p>\n\n\n\n<p><img decoding=\"async\" alt=\"\ud83d\udd39\" src=\"https:\/\/fonts.gstatic.com\/s\/e\/notoemoji\/16.0\/1f539\/72.png\">&nbsp;Regi\u00f3n Norte<\/p>\n\n\n\n<p>\u2022&nbsp; Mi\u00e9rcoles: 38 \u00b0C \/ 26 \u00b0C \u2013 5 % de probabilidad de lluvia<\/p>\n\n\n\n<p>\u2022&nbsp; Jueves: 39 \u00b0C \/ 26 \u00b0C \u2013 0 % de probabilidad de lluvia<\/p>\n\n\n\n<p><img decoding=\"async\" alt=\"\ud83d\udd39\" src=\"https:\/\/fonts.gstatic.com\/s\/e\/notoemoji\/16.0\/1f539\/72.png\">&nbsp;Regi\u00f3n Carbon\u00edfera<\/p>\n\n\n\n<p>\u2022&nbsp; Mi\u00e9rcoles: 39 \u00b0C \/ 25 \u00b0C \u2013 5 % de probabilidad de lluvia<\/p>\n\n\n\n<p>\u2022&nbsp; Jueves: 40 \u00b0C \/ 26 \u00b0C \u2013 5 % de probabilidad de lluvia<\/p>\n\n\n\n<p><img decoding=\"async\" alt=\"\ud83d\udd39\" src=\"https:\/\/fonts.gstatic.com\/s\/e\/notoemoji\/16.0\/1f539\/72.png\">&nbsp;Regi\u00f3n Centro<\/p>\n\n\n\n<p>\u2022&nbsp; Mi\u00e9rcoles: 38 \u00b0C \/ 24 \u00b0C \u2013 10 % de probabilidad de lluvia<\/p>\n\n\n\n<p>\u2022&nbsp; Jueves: 38 \u00b0C \/ 25 \u00b0C \u2013 5 % de probabilidad de lluvia<\/p>\n\n\n\n<p><img decoding=\"async\" alt=\"\ud83d\udd39\" src=\"https:\/\/fonts.gstatic.com\/s\/e\/notoemoji\/16.0\/1f539\/72.png\">&nbsp;Regi\u00f3n Laguna<\/p>\n\n\n\n<p>\u2022&nbsp; Mi\u00e9rcoles: 36 \u00b0C \/ 22 \u00b0C \u2013 5 % de probabilidad de lluvia<\/p>\n\n\n\n<p>\u2022&nbsp; Jueves: 36 \u00b0C \/ 22 \u00b0C \u2013 5 % de probabilidad de lluvia<\/p>\n\n\n\n<p><img decoding=\"async\" alt=\"\ud83d\udd39\" src=\"https:\/\/fonts.gstatic.com\/s\/e\/notoemoji\/16.0\/1f539\/72.png\">&nbsp;Regi\u00f3n Sureste<\/p>\n\n\n\n<p>\u2022&nbsp; Mi\u00e9rcoles: 31 \u00b0C \/ 16 \u00b0C \u2013 10 % de probabilidad de lluvia<\/p>\n\n\n\n<p>\u2022&nbsp; Jueves: 30 \u00b0C \/ 16 \u00b0C \u2013 5 % de probabilidad de lluvia<\/p>\n\n\n\n<p>Recomendaciones ante lluvia y viento:<\/p>\n\n\n\n<p>\u2022&nbsp; Asegura techos, l\u00e1minas, lonas y objetos que puedan desprenderse.<\/p>\n\n\n\n<p>\u2022&nbsp; Retira macetas y muebles de balcones o patios.<\/p>\n\n\n\n<p>\u2022&nbsp; Evita estacionarte bajo \u00e1rboles o postes.<\/p>\n\n\n\n<p>\u2022&nbsp; Maneja con precauci\u00f3n: la lluvia reduce la visibilidad y el viento puede desestabilizar tu veh\u00edculo.<\/p>\n\n\n\n<p>\u2022&nbsp; No te refugies bajo \u00e1rboles durante tormentas el\u00e9ctricas.<\/p>\n\n\n\n<p>\u2022&nbsp; Si se presenta un torbellino, resgu\u00e1rdate en una habitaci\u00f3n sin ventanas, de preferencia en planta baja.<\/p>\n\n\n\n<p>Recomendaciones por calor:<\/p>\n\n\n\n<p>\u2022&nbsp; Hidr\u00e1tate frecuentemente, aunque no tengas sed.<\/p>\n\n\n\n<p>\u2022&nbsp; Evita bebidas alcoh\u00f3licas o con cafe\u00edna.<\/p>\n\n\n\n<p>\u2022&nbsp; No te expongas al sol entre las 10:00 y las 16:00 horas.<\/p>\n\n\n\n<p>\u2022&nbsp; Usa ropa ligera y de colores claros.<\/p>\n\n\n\n<p>\u2022&nbsp; Permanece en lugares frescos o ventilados.<\/p>\n\n\n\n<p>\u2022&nbsp; Pon atenci\u00f3n a s\u00edntomas como mareo, n\u00e1usea o sudoraci\u00f3n excesiva.<\/p>\n\n\n\n<p>\u2022&nbsp; Cuida especialmente a ni\u00f1as, ni\u00f1os, personas mayores y quienes padecen enfermedades cr\u00f3nicas.<\/p>\n\n\n\n<p>\u2022&nbsp; Usa protector solar con FPS 30 o mayor y reaplica cada dos horas.<\/p>\n\n\n\n<p>La Subsecretar\u00eda de Protecci\u00f3n Civil del Estado mantiene vigilancia constante sobre las condiciones del clima e invita a la poblaci\u00f3n a mantenerse informada \u00fanicamente a trav\u00e9s de medios oficiales.<\/p>\n\n\n\n<p>En caso de emergencia, llama al 911.<\/p>\n","protected":false},"excerpt":{"rendered":"<p>Saltillo, Coahuila de Zaragoza; 23 de julio de 2025. \u2013 La Secretar\u00eda de Gobierno, a trav\u00e9s de la Subsecretar\u00eda de Protecci\u00f3n Civil del Estado, informa que para este d\u00eda, la presencia de canales de baja presi\u00f3n en el norte, oriente y occidente del pa\u00eds, junto con inestabilidad en la atm\u00f3sfera y el ingreso de humedad del oc\u00e9ano Pac\u00edfico y el golfo de M\u00e9xico, provocar\u00e1n lluvias fuertes en Coahuila, acompa\u00f1adas de&#8230;<\/p>\n","protected":false},"author":1,"featured_media":27350,"comment_status":"closed","ping_status":"","sticky":false,"template":"","format":"standard","meta":{"footnotes":""},"categories":[27,5,15,54],"tags":[],"class_list":["post-27349","post","type-post","status-publish","format-standard","has-post-thumbnail","hentry","category-clima","category-coahuila","category-gobierno-de-coahuila","category-proteccion-civil","wpcat-27-id","wpcat-5-id","wpcat-15-id","wpcat-54-id"],"_links":{"self":[{"href":"https:\/\/www.aquilaguna.com\/index.php\/wp-json\/wp\/v2\/posts\/27349","targetHints":{"allow":["GET"]}}],"collection":[{"href":"https:\/\/www.aquilaguna.com\/index.php\/wp-json\/wp\/v2\/posts"}],"about":[{"href":"https:\/\/www.aquilaguna.com\/index.php\/wp-json\/wp\/v2\/types\/post"}],"author":[{"embeddable":true,"href":"https:\/\/www.aquilaguna.com\/index.php\/wp-json\/wp\/v2\/users\/1"}],"replies":[{"embeddable":true,"href":"https:\/\/www.aquilaguna.com\/index.php\/wp-json\/wp\/v2\/comments?post=27349"}],"version-history":[{"count":1,"href":"https:\/\/www.aquilaguna.com\/index.php\/wp-json\/wp\/v2\/posts\/27349\/revisions"}],"predecessor-version":[{"id":27351,"href":"https:\/\/www.aquilaguna.com\/index.php\/wp-json\/wp\/v2\/posts\/27349\/revisions\/27351"}],"wp:featuredmedia":[{"embeddable":true,"href":"https:\/\/www.aquilaguna.com\/index.php\/wp-json\/wp\/v2\/media\/27350"}],"wp:attachment":[{"href":"https:\/\/www.aquilaguna.com\/index.php\/wp-json\/wp\/v2\/media?parent=27349"}],"wp:term":[{"taxonomy":"category","embeddable":true,"href":"https:\/\/www.aquilaguna.com\/index.php\/wp-json\/wp\/v2\/categories?post=27349"},{"taxonomy":"post_tag","embeddable":true,"href":"https:\/\/www.aquilaguna.com\/index.php\/wp-json\/wp\/v2\/tags?post=27349"}],"curies":[{"name":"wp","href":"https:\/\/api.w.org\/{rel}","templated":true}]}}