{"id":27353,"date":"2025-07-23T19:55:01","date_gmt":"2025-07-24T01:55:01","guid":{"rendered":"https:\/\/www.aquilaguna.com\/?p=27353"},"modified":"2025-07-23T19:55:01","modified_gmt":"2025-07-24T01:55:01","slug":"apagon-en-centro-de-torreon-afecta-actividades-de-presidencia-municipal","status":"publish","type":"post","link":"https:\/\/www.aquilaguna.com\/index.php\/2025\/07\/23\/apagon-en-centro-de-torreon-afecta-actividades-de-presidencia-municipal\/","title":{"rendered":"Apag\u00f3n en centro de Torre\u00f3n afecta actividades de Presidencia Municipal."},"content":{"rendered":"\n<p>Torre\u00f3n, Coahuila.- Uno de los &#8220;apagones&#8221; m\u00e1s prolongados que se registran\u00a0la zona donde se ubica el Edificio\u00a0de la Presidencia, a lo largo del d\u00eda de ayer\u00a0y que\u00a0se prolong\u00f3 por horas deja un saldo importante de da\u00f1os, retrasos en tr\u00e1mites diversos y hasta la suspensi\u00f3n de actividades\u00a0administrativas\u00a0am\u00e9n de innumerables\u00a0da\u00f1os en bienes muebles de\u00a0la l\u00ednea\u00a0blanca, en domicilios\u00a0de los vecinos, negocios, comercios, despachos, otros edificios p\u00fablicos y privados, restaurantes y hoteles,\u00a0que se ubican\u00a0en tal zona.<\/p>\n\n\n\n<p>Esta ma\u00f1ana, el alcalde Rom\u00e1n Alberto Cepeda Gonz\u00e1lez, expres\u00f3 que la falta de suministro de energ\u00eda el\u00e9ctrica, se resolvi\u00f3 hasta las\u00a017:00 horas.\u00a0<\/p>\n\n\n\n<p>Y pues si, dijo, &#8220;todo este sector\u00a0sufri\u00f3 da\u00f1os. No es la primera vez que sucede. Estuvimos en contacto desde el primer momento con la Comisi\u00f3n\u00a0Federal de Electricidad, una l\u00ednea de alta tensi\u00f3n de 13,000 mil, fue la que causo el da\u00f1o&#8221;.<\/p>\n\n\n\n<p>&#8220;Esperemos que no vuelva a suceder,\u00a0pues los da\u00f1os colaterales gener\u00f3 tambi\u00e9n el apoyo de un importante n\u00famero de bombas -de extraci\u00f3n\u00a0 de\u00a0 agua-, sem\u00e1foros, etc.&#8221;<\/p>\n\n\n\n<p>As\u00ed tambi\u00e9n cit\u00f3 que el edificio municipal registr\u00f3 el paro de sus elevadores.<\/p>\n\n\n\n<p>Admiti\u00f3 que\u00a0&#8220;estos apagones\u00a0ya son\u00a0recurrentes,\u00a0si bien se esta haciendo un esfuerzo por parte de la CFE local para\u00a0tratar de evitarlos, pero insisto, este es un tema que tiene que ver con energ\u00eda que ellos conocen mejor, de trasmisi\u00f3n, capacidad de transformadores&#8221;.<\/p>\n\n\n\n<p>&#8220;Se est\u00e1 haciendo un esfuerzo, pero nosotros\u00a0esperamos que ya no suceda, pues no le conviene\u00a0no solo a este orden del gobierno, porque estos nos causa da\u00f1os colaterales, como es el caso de apagones de bombas, falta de agua, aparte de los servicios que se brindan aqu\u00ed en la presidencia municipal&#8221;.<\/p>\n\n\n\n<p><strong>DRENAJE.\u00a0<\/strong><\/p>\n\n\n\n<p>El Alcalde en torno tema relacionado: el drenaje pluvial, rechaz\u00f3 que\u00a0se tenga en ello &#8220;pendiente alguno. Yo no tengo pendientes, yo\u00a0no puedo dar factibilidades&#8221;.<\/p>\n\n\n\n<p>&#8220;En la Ley, nos han mandando cartas y les hemos contestado que yo no estoy facultado ni para pagarlo ni para hacerlo. Tiene que ser otro orden de gobierno quien los haga. Y ah\u00ed est\u00e1, lo tenemos por escrito&#8221;.<\/p>\n\n\n\n<p>&#8220;El municipio\u00a0est\u00e1 en la mejor disposici\u00f3n en lo que le corresponde, incluso de colaborar en el poder ayudar a poder dar esas factibilidades, pero directamente, no lo podemos hacer&#8221;.<\/p>\n\n\n\n<p>Habl\u00f3 luego que eso pudiera ser posible &#8220;mediante un convenio que se pudiera hacerse&#8221;.<\/p>\n\n\n\n<p>M\u00e1s adelante,\u00a0indic\u00f3 que en este tema, &#8220;yo no tengo ni siquiera las facultades de consulta,\u00a0pues es un tema estrictamente estatal y federal&#8221;.<\/p>\n\n\n\n<p>Inform\u00f3 luego que en cuanto a atenci\u00f3n a las lagunas de regulaci\u00f3n, se sigue adelante,\u00a0&#8220;pues se ha invertido ya cerca de 40 millones de pesos en parte de un drenaje sanitario que tienen que ver con la parte m\u00e1s compleja del drenaje pluvial, que es en la colonia Las Fuentes, con un tubo de 36 pulgadas en su primera etapa. Esa es la parte que nos toca y la que podemos hacer&#8221;. dijo.<\/p>\n\n\n\n<p><strong>OBRAS.<\/strong><\/p>\n\n\n\n<p>En\u00a0cuanto al inicio de la obra p\u00fablica correspondiente\u00a0a este a\u00f1o con financiamiento del municipio, dado lo avanzando del a\u00f1o,\u00a0el edil expres\u00f3 que ser\u00e1\u00a0no m\u00e1s all\u00e1 del mes de septiembre pr\u00f3ximo cuando se inicie entre otros, el proyecto del Centro Cultural del Norte&#8221;.<\/p>\n","protected":false},"excerpt":{"rendered":"<p>Torre\u00f3n, Coahuila.- Uno de los &#8220;apagones&#8221; m\u00e1s prolongados que se registran\u00a0la zona donde se ubica el Edificio\u00a0de la Presidencia, a lo largo del d\u00eda de ayer\u00a0y que\u00a0se prolong\u00f3 por horas deja un saldo importante de da\u00f1os, retrasos en tr\u00e1mites diversos y hasta la suspensi\u00f3n de actividades\u00a0administrativas\u00a0am\u00e9n de innumerables\u00a0da\u00f1os en bienes muebles de\u00a0la l\u00ednea\u00a0blanca, en domicilios\u00a0de los vecinos, negocios, comercios, despachos, otros edificios p\u00fablicos y privados, restaurantes y hoteles,\u00a0que se ubican\u00a0en&#8230;<\/p>\n","protected":false},"author":2,"featured_media":0,"comment_status":"closed","ping_status":"","sticky":false,"template":"","format":"standard","meta":{"footnotes":""},"categories":[5,28,7],"tags":[],"class_list":["post-27353","post","type-post","status-publish","format-standard","hentry","category-coahuila","category-la-laguna","category-torreon","wpcat-5-id","wpcat-28-id","wpcat-7-id"],"_links":{"self":[{"href":"https:\/\/www.aquilaguna.com\/index.php\/wp-json\/wp\/v2\/posts\/27353","targetHints":{"allow":["GET"]}}],"collection":[{"href":"https:\/\/www.aquilaguna.com\/index.php\/wp-json\/wp\/v2\/posts"}],"about":[{"href":"https:\/\/www.aquilaguna.com\/index.php\/wp-json\/wp\/v2\/types\/post"}],"author":[{"embeddable":true,"href":"https:\/\/www.aquilaguna.com\/index.php\/wp-json\/wp\/v2\/users\/2"}],"replies":[{"embeddable":true,"href":"https:\/\/www.aquilaguna.com\/index.php\/wp-json\/wp\/v2\/comments?post=27353"}],"version-history":[{"count":1,"href":"https:\/\/www.aquilaguna.com\/index.php\/wp-json\/wp\/v2\/posts\/27353\/revisions"}],"predecessor-version":[{"id":27354,"href":"https:\/\/www.aquilaguna.com\/index.php\/wp-json\/wp\/v2\/posts\/27353\/revisions\/27354"}],"wp:attachment":[{"href":"https:\/\/www.aquilaguna.com\/index.php\/wp-json\/wp\/v2\/media?parent=27353"}],"wp:term":[{"taxonomy":"category","embeddable":true,"href":"https:\/\/www.aquilaguna.com\/index.php\/wp-json\/wp\/v2\/categories?post=27353"},{"taxonomy":"post_tag","embeddable":true,"href":"https:\/\/www.aquilaguna.com\/index.php\/wp-json\/wp\/v2\/tags?post=27353"}],"curies":[{"name":"wp","href":"https:\/\/api.w.org\/{rel}","templated":true}]}}