{"id":27355,"date":"2025-07-23T20:15:01","date_gmt":"2025-07-24T02:15:01","guid":{"rendered":"https:\/\/www.aquilaguna.com\/?p=27355"},"modified":"2025-07-23T20:15:01","modified_gmt":"2025-07-24T02:15:01","slug":"aqui-laguna-430","status":"publish","type":"post","link":"https:\/\/www.aquilaguna.com\/index.php\/2025\/07\/23\/aqui-laguna-430\/","title":{"rendered":"Aqu\u00ed Laguna."},"content":{"rendered":"\n<p>\u00a1La Barredora!\u00a0Vaya nivel que alcanza ya\u00a0la\u00a0penetraci\u00f3n\u00a0del crimen organizado\u00a0a los m\u00e1s altos niveles\u00a0del poder\u00a0p\u00fablico, donde como es el caso del Estado de Tabasco y el gobierno que presidiera en tal entidad\u00a0el hoy lider del Senado Ad\u00e1n Augusto L\u00f3pez, quien tras 35 a\u00f1os de &#8220;amistad&#8221; con\u00a0su hoy pr\u00f3fugo Secretario de Seguridad P\u00fablica cuando \u00e9ste fuera Gobernador de dicho Estado, y como tal tuviera como su subalterno\u00a0por m\u00e1s de cinco a\u00f1os a Hern\u00e1n Berm\u00fadez Requena, sin que &#8220;hubiera sospechado, menos aun intuido, olido siquiera&#8221;, como dicen en mi rancho que \u00e9ste era la cabeza del grupo criminal\u00a0citado \u00a1A otro perro con ese\u00a0 hueso!, pues hoy, quien fuera Secretario de Gobernaci\u00f3n\u00a0durante los tiempos de &#8220;Abrazo no balazos&#8221;, del inefable L\u00f3pez Obrador y posteriormente una de sus &#8220;corcholatas&#8221; en juego por la Presidencia de la Rep\u00fablica\u00a0y hoy,\u00a0 funge como l\u00edder de la bancada oficialista\u00a0del Senado de la\u00a0Rep\u00fablica, luce, con todo y la andanada de ret\u00f3rica boba del\u00a0&#8220;no est\u00e1s solo&#8221;\u00a0que\u00a0le lanza el grupo en\u00a0el poder en \u00a0 inolvidable Asamblea\u00a0de MORENA celebrada el pasado domingo\u00a0en la ciudad capital para cubrirlo del escarnio p\u00fablico en que se encuentra, o\u00a0encubrir seg\u00fan sea vea,\u00a0queda pues, solo como un aut\u00e9ntico\u00a0bobo, v\u00edctima\u00a0de cupido quiz\u00e1s en el oto\u00f1o de su vida, de tard\u00eda pasi\u00f3n\u00a0que le profesa a una \u00a0 aspirante al Gobierno de Chihuahua, el\u00a0amor pues que exhibe\u00a0es quiz\u00e1s\u00a0quien\u00a0lo\u00a0haya convertido en eso, un\u00a0tonto de capirote, que un d\u00eda si y el otro tambi\u00e9n es objeto de inmisericorde caricaturizaci\u00f3n de su estampa, que se iguala a la imaginaria figura del Conde Dr\u00e1cula. <\/p>\n\n\n\n<p>Y\u00a0el tema del Huachicol, es decir, del escandalo que registr\u00f3 el pa\u00eds con los gigantescos decomisos de gasolina y derivados\u00a0no solo en Coahuila sino tambi\u00e9n en otras entidades y hasta &#8220;el\u00a0descubrimiento&#8221; de\u00a0 una mini refiner\u00eda, que generaba m\u00e1s\u00a0gasolina que\u00a0la de\u00a0Dos Bocas, es fecha, que no sale informaci\u00f3n alguna sobre\u00a0el curso que siguen las investigaciones, y menos aun, de que se hayan detenidos a los &#8220;CEOS&#8221; de tan generoso &#8220;negocio&#8221;. No basta, en realidad\u00a0 que &#8220;los golpes&#8221; que propina Garc\u00eda Hartfuch \u00a0 se produzcan a diario, pues no hay por lo visto evidente seguimiento que concluya en proceso, en judicializaci\u00f3n de presuntos culpables de tales expolios, ret\u00f3rica y m\u00e1s ret\u00f3rica\u00a0pues,\u00a0que no abona a generar o fortalecer confianza entre los gobernados, menos aun, entre los inversionistas que ven\u00a0como se deterioran las condiciones indispensables para que arriesguen tiempo y capitales en nuestro pa\u00eds. Ah\u00ed tienen\u00a0por ejemplo el anuncio de este d\u00eda,\u00a0donde la\u00a0empresa espa\u00f1ola Iberdrola, con\u00a0negocios de generaci\u00f3n de energ\u00edas en este pa\u00eds, fueran adquiridas apenas por el gobierno de AMLO, por 6 mil millones de dolares,\u00a0anuncian este d\u00eda, la venta de los mismos y su retorno a la Madre patria, alegando haber perdido la confianza\u00a0y en la certeza jur\u00eddica\u00a0necesaria para permanecer en estas tierras. Y esto, apenas empieza&#8230;<\/p>\n\n\n\n<p>Y precisamente\u00a0por estas tierras,\u00a0los recurrentes &#8220;apagones&#8221; que registra el suministro de energ\u00eda el\u00e9ctrica, esa que\u00a0genera y trasmite la CFE, gener\u00f3 en amplio sector del primer cuadro de Torre\u00f3n, un prolongado tiempo de tinieblas con todo y que se produjo en las primeras horas de la ma\u00f1ana y \u00a0concluy\u00f3 pasadas las 17:00 horas\u00a0es decir, el periodo clave del d\u00eda, en el que se desarrolla la mayor\u00eda de las actividades que generan resultados y por las que se cobra,\u00a0no se diga las que corresponden al \u00e1mbito oficial,\u00a0 as\u00ed tambi\u00e9n en el \u00e1mbito privado el apag\u00f3n cancel\u00f3 toda posibilidad de utilizar el tiempo en de que cual saldo quedan innumerables da\u00f1os a patrimonios muebles, en especial los de l\u00ednea banca, y en \u00a0 oficinas p\u00fablicas y privadas, afectaciones a sus instalaciones\u00a0electr\u00f3nicas y \u00a0digitales, y lo peor, ni a quien reclamar, p\u00faes la CFE\u00a0amen de envolverse en el silencio,\u00a0 y\u00a0que es indiferencia, atiende con\u00a0indolencia los reclamos de los\u00a0usuarios afectados en sus patrimonios, a quienes exige desde\u00a0la exhibici\u00f3n de las facturas del aparato afectado,\u00a0 del que generalmente carece, por m\u00faltiples motivos el reclamante, que se quedo en eso.<\/p>\n\n\n\n<p>Pero estos\u00a0 son los tiempos\u00a0de la transformaci\u00f3n, per\u00edodo en el que\u00a0los\u00a0responsables ya no tienen al pasado inmediato como culpable de todos sus omisiones e incapacidades, como lo fuera en el sexenio federal anterior. Est\u00e1n encuerados, dir\u00e1 el pueblo. <\/p>\n\n\n\n<p>Y encuerado qued\u00f3 ante la opini\u00f3n p\u00fablica que se encuentra\u00a0m\u00e1s all\u00e1 de los m\u00f3viles que\u00a0generaron la disputa del controversial gatito callejero, es decir, del\u00a0autollamado\u00a0 tigre, Ricardo S\u00f3stenes Mej\u00eda Berdeja \u00a0 y el diputado local\u00a0del escaso\u00a0grupo panista Gerardo -el\u00a0 Quillo- Aguado,\u00a0ven con fruici\u00f3n\u00a0el desarrollo no solo medi\u00e1tico, sino ya por ahora judicial que\u00a0toma\u00a0tal desencuentro, que\u00a0 parece,\u00a0no esperaba tal curso\u00a0el ex subsecretario de Seguridad P\u00fablica en tiempos de AMLO, que ahora, con todo y Fuero,\u00a0est\u00e1\u00a0se\u00f1alado ante la F\u00edscalia General de la Rep\u00fablica, por lo menos de incompetencia en el desempe\u00f1o\u00a0de la funci\u00f3n antes citada, am\u00e9n de\u00a0otros presuntos\u00a0y feos delitos del orden federal, que han tenido el m\u00e1gico efecto, de hacerlo callar\u00a0en los Medios que acostumbra para\u00a0denostar a cualquier tema o personaje que se le ponga enfrente. <\/p>\n\n\n\n<p>Y a nivel local, entre las f\u00e9minas que militan\u00a0en\u00a0los\u00a0partidos pol\u00edticos con registr\u00f3 por estas tierras, no ocultan su inter\u00e9s en llamar la atenci\u00f3n de poderosos\u00a0 personajes, esos que tienen en mano la decisi\u00f3n de conformar candidatas, en este caso a alguna de las 16 curules de mayor\u00eda que estar\u00e1n en en juego\u00a0el a\u00f1o pr\u00f3ximo, algunas, con eso de la fusi\u00f3n o alianza m\u00e1s bien dicho entre el PRI\u00a0y el PAN, resultan que\u00a0ser\u00e1n aspirantes &#8220;h\u00edbridas&#8221; sin perfil partidista claro, que las identifique entre los votantes o diletantes de la operaci\u00f3n pol\u00edtica por ahora les resta algun tiempito para\u00a0apoyarse en alguna causa social, m\u00e1s all\u00e1 de la del feminismo, para\u00a0 significar ante\u00a0los diversos grupos que\u00a0habr\u00e1n de surgir en unas semanas m\u00e1s en este escenario\u00a0regional. Ya veremos y diremos, por lo pronto disp\u00f3nganse a disfrutar, si es posible con sus familias, estos tiempos\u00a0 vacacionales, veraniegos, si es que las lluvias\u00a0lo permiten.<\/p>\n","protected":false},"excerpt":{"rendered":"<p>\u00a1La Barredora!\u00a0Vaya nivel que alcanza ya\u00a0la\u00a0penetraci\u00f3n\u00a0del crimen organizado\u00a0a los m\u00e1s altos niveles\u00a0del poder\u00a0p\u00fablico, donde como es el caso del Estado de Tabasco y el gobierno que presidiera en tal entidad\u00a0el hoy lider del Senado Ad\u00e1n Augusto L\u00f3pez, quien tras 35 a\u00f1os de &#8220;amistad&#8221; con\u00a0su hoy pr\u00f3fugo Secretario de Seguridad P\u00fablica cuando \u00e9ste fuera Gobernador de dicho Estado, y como tal tuviera como su subalterno\u00a0por m\u00e1s de cinco a\u00f1os a Hern\u00e1n&#8230;<\/p>\n","protected":false},"author":2,"featured_media":0,"comment_status":"closed","ping_status":"","sticky":false,"template":"","format":"standard","meta":{"footnotes":""},"categories":[8],"tags":[],"class_list":["post-27355","post","type-post","status-publish","format-standard","hentry","category-aqui-laguna","wpcat-8-id"],"_links":{"self":[{"href":"https:\/\/www.aquilaguna.com\/index.php\/wp-json\/wp\/v2\/posts\/27355","targetHints":{"allow":["GET"]}}],"collection":[{"href":"https:\/\/www.aquilaguna.com\/index.php\/wp-json\/wp\/v2\/posts"}],"about":[{"href":"https:\/\/www.aquilaguna.com\/index.php\/wp-json\/wp\/v2\/types\/post"}],"author":[{"embeddable":true,"href":"https:\/\/www.aquilaguna.com\/index.php\/wp-json\/wp\/v2\/users\/2"}],"replies":[{"embeddable":true,"href":"https:\/\/www.aquilaguna.com\/index.php\/wp-json\/wp\/v2\/comments?post=27355"}],"version-history":[{"count":1,"href":"https:\/\/www.aquilaguna.com\/index.php\/wp-json\/wp\/v2\/posts\/27355\/revisions"}],"predecessor-version":[{"id":27356,"href":"https:\/\/www.aquilaguna.com\/index.php\/wp-json\/wp\/v2\/posts\/27355\/revisions\/27356"}],"wp:attachment":[{"href":"https:\/\/www.aquilaguna.com\/index.php\/wp-json\/wp\/v2\/media?parent=27355"}],"wp:term":[{"taxonomy":"category","embeddable":true,"href":"https:\/\/www.aquilaguna.com\/index.php\/wp-json\/wp\/v2\/categories?post=27355"},{"taxonomy":"post_tag","embeddable":true,"href":"https:\/\/www.aquilaguna.com\/index.php\/wp-json\/wp\/v2\/tags?post=27355"}],"curies":[{"name":"wp","href":"https:\/\/api.w.org\/{rel}","templated":true}]}}