{"id":27384,"date":"2025-07-25T21:19:21","date_gmt":"2025-07-26T03:19:21","guid":{"rendered":"https:\/\/www.aquilaguna.com\/?p=27384"},"modified":"2025-07-25T21:19:21","modified_gmt":"2025-07-26T03:19:21","slug":"fomentan-educacion-vial-infantil-en-el-bicla-fest-con-la-participacion-de-la-bici-escuelita","status":"publish","type":"post","link":"https:\/\/www.aquilaguna.com\/index.php\/2025\/07\/25\/fomentan-educacion-vial-infantil-en-el-bicla-fest-con-la-participacion-de-la-bici-escuelita\/","title":{"rendered":"Fomentan Educaci\u00f3n Vial infantil en el \u201cBicla Fest\u201d con la participaci\u00f3n de la Bici escuelita."},"content":{"rendered":"\n<p>Torre\u00f3n, Coahuila a 25 de julio del 2025.<\/p>\n\n\n\n<p>La Direcci\u00f3n de Vialidad y Movilidad Urbana participar\u00e1 el s\u00e1bado 26 de julio en el<br>Bicla Fest organizado por el colectivo Ruedas del Desierto, con el objetivo de que<br>los ni\u00f1os aprendan las reglas b\u00e1sicas de tr\u00e1nsito.<\/p>\n\n\n\n<p>El evento tendr\u00e1 lugar a partir de las 18:00 horas en el Skate Park Torre\u00f3n<br>ubicado en la colonia \u00c1vila Camacho, en el cual, a trav\u00e9s del programa de la Bici<br>escuelita de la Direcci\u00f3n de Vialidad y Movilidad Urbana, la Administraci\u00f3n<br>Municipal fortalece las acciones en la cultura de prevenci\u00f3n de accidentes en todo<br>tipo de veh\u00edculos y da a conocer la reglamentaci\u00f3n correspondiente.<\/p>\n\n\n\n<p>En el espacio deportivo y recreativo, se instalar\u00e1 por parte de la dependencia, un<br>circuito especialmente dise\u00f1ado para que ni\u00f1as y ni\u00f1os aprendan de forma<br>did\u00e1ctica y divertida sobre los temas de Educaci\u00f3n Vial.<\/p>\n\n\n\n<p>Luis Alberto Morales Cort\u00e9s, director de la dependencia municipal, explic\u00f3 que la<br>educaci\u00f3n vial debe comenzar desde temprana edad, para formar ciudadanos m\u00e1s<br>conscientes, responsables y emp\u00e1ticos en temas de movilidad.<\/p>\n\n\n\n<p>\u201cMediante actividades l\u00fadicas y guiadas por personal capacitado, se refuerzan<br>conceptos clave sobre el respeto a las se\u00f1ales, la convivencia con otros usuarios<br>de la v\u00eda y el uso responsable de la bicicleta\u201d, se\u00f1al\u00f3.<\/p>\n\n\n\n<p>El Bicla Fest, es un evento organizado por el colectivo Ruedas del Desierto, como<br>celebraci\u00f3n del uso de la bicicleta en sus distintas modalidades. \u201cRepresenta una<br>excelente oportunidad para acercar a las familias a pr\u00e1cticas de movilidad<br>sustentable\u201d.<\/p>\n\n\n\n<p>Adem\u00e1s de la Bici escuelita, el evento contar\u00e1 con rodadas, exhibiciones, talleres,<br>concursos, DJ&#8217;s, bazar, food trucks y premios para los asistentes.<\/p>\n\n\n\n<p>Cabe se\u00f1alar que este tipo de actividades fortalecen el tejido social, impulsan<br>h\u00e1bitos saludables y fomentan una ciudad m\u00e1s ordenada y accesible para todos,<br>iniciativas que se alinean a los programas de la Administraci\u00f3n Municipal del<br>alcalde Rom\u00e1n Alberto Cepeda Gonz\u00e1lez, para garantizar una movilidad ordenada<br>y segura.<\/p>\n","protected":false},"excerpt":{"rendered":"<p>Torre\u00f3n, Coahuila a 25 de julio del 2025. La Direcci\u00f3n de Vialidad y Movilidad Urbana participar\u00e1 el s\u00e1bado 26 de julio en elBicla Fest organizado por el colectivo Ruedas del Desierto, con el objetivo de quelos ni\u00f1os aprendan las reglas b\u00e1sicas de tr\u00e1nsito. El evento tendr\u00e1 lugar a partir de las 18:00 horas en el Skate Park Torre\u00f3nubicado en la colonia \u00c1vila Camacho, en el cual, a trav\u00e9s del programa&#8230;<\/p>\n","protected":false},"author":1,"featured_media":27385,"comment_status":"closed","ping_status":"","sticky":false,"template":"","format":"standard","meta":{"footnotes":""},"categories":[5,28,7],"tags":[],"class_list":["post-27384","post","type-post","status-publish","format-standard","has-post-thumbnail","hentry","category-coahuila","category-la-laguna","category-torreon","wpcat-5-id","wpcat-28-id","wpcat-7-id"],"_links":{"self":[{"href":"https:\/\/www.aquilaguna.com\/index.php\/wp-json\/wp\/v2\/posts\/27384","targetHints":{"allow":["GET"]}}],"collection":[{"href":"https:\/\/www.aquilaguna.com\/index.php\/wp-json\/wp\/v2\/posts"}],"about":[{"href":"https:\/\/www.aquilaguna.com\/index.php\/wp-json\/wp\/v2\/types\/post"}],"author":[{"embeddable":true,"href":"https:\/\/www.aquilaguna.com\/index.php\/wp-json\/wp\/v2\/users\/1"}],"replies":[{"embeddable":true,"href":"https:\/\/www.aquilaguna.com\/index.php\/wp-json\/wp\/v2\/comments?post=27384"}],"version-history":[{"count":1,"href":"https:\/\/www.aquilaguna.com\/index.php\/wp-json\/wp\/v2\/posts\/27384\/revisions"}],"predecessor-version":[{"id":27386,"href":"https:\/\/www.aquilaguna.com\/index.php\/wp-json\/wp\/v2\/posts\/27384\/revisions\/27386"}],"wp:featuredmedia":[{"embeddable":true,"href":"https:\/\/www.aquilaguna.com\/index.php\/wp-json\/wp\/v2\/media\/27385"}],"wp:attachment":[{"href":"https:\/\/www.aquilaguna.com\/index.php\/wp-json\/wp\/v2\/media?parent=27384"}],"wp:term":[{"taxonomy":"category","embeddable":true,"href":"https:\/\/www.aquilaguna.com\/index.php\/wp-json\/wp\/v2\/categories?post=27384"},{"taxonomy":"post_tag","embeddable":true,"href":"https:\/\/www.aquilaguna.com\/index.php\/wp-json\/wp\/v2\/tags?post=27384"}],"curies":[{"name":"wp","href":"https:\/\/api.w.org\/{rel}","templated":true}]}}