{"id":27387,"date":"2025-07-25T21:22:30","date_gmt":"2025-07-26T03:22:30","guid":{"rendered":"https:\/\/www.aquilaguna.com\/?p=27387"},"modified":"2025-07-25T21:22:30","modified_gmt":"2025-07-26T03:22:30","slug":"coordinan-esfuerzos-para-ofrecer-un-mejor-servicio-de-transporte-publico","status":"publish","type":"post","link":"https:\/\/www.aquilaguna.com\/index.php\/2025\/07\/25\/coordinan-esfuerzos-para-ofrecer-un-mejor-servicio-de-transporte-publico\/","title":{"rendered":"Coordinan esfuerzos para ofrecer un mejor servicio de transporte p\u00fablico."},"content":{"rendered":"\n<p>Torre\u00f3n, Coahuila a 25 de julio del 2025.<\/p>\n\n\n\n<p>n cumplimiento al compromiso de la Administraci\u00f3n Municipal del alcalde Rom\u00e1n<br>Alberto Cepeda Gonz\u00e1lez, de consolidar un sistema de transporte p\u00fablico m\u00e1s<br>seguro, incluyente y con perspectiva de g\u00e9nero, se llev\u00f3 a cabo la primera jornada<br>de capacitaci\u00f3n conjunta dirigida a operadores del servicio de autob\u00fas.<\/p>\n\n\n\n<p>Personal del Instituto Municipal de la Mujer (IMM), en coordinaci\u00f3n con la<br>Direcci\u00f3n de Transporte P\u00fablico Municipal, capacitaron a 27 operadores, quienes<br>participaron en actividades orientadas a sensibilizar y reforzar su rol como agentes<br>preventivos ante situaciones de violencia hacia las mujeres.<\/p>\n\n\n\n<p>Amira Darwich Garc\u00eda, directora del Instituto Municipal de la Mujer, mencion\u00f3 que<br>esta acci\u00f3n conjunta constituye un paso relevante hacia la consolidaci\u00f3n de un<br>sistema de transporte p\u00fablico m\u00e1s profesional, consciente y comprometido con la<br>protecci\u00f3n y el bienestar de todas las personas usuarias de este servicio,<br>especialmente de las mujeres torreonenses.<\/p>\n\n\n\n<p>Durante el encuentro, Ana Karen Villegas, representante del IMM, abord\u00f3 los<br>lineamientos del Protocolo de Atenci\u00f3n a Mujeres V\u00edctimas de Violencia, haciendo<br>\u00e9nfasis en la necesidad de actuar con empat\u00eda, respeto y bajo una perspectiva de<br>g\u00e9nero en el ejercicio de sus funciones.<\/p>\n\n\n\n<p>Por su parte, Sahara Cecilia Soto Puentes, en representaci\u00f3n de la Direcci\u00f3n de<br>Transporte P\u00fablico Municipal, imparti\u00f3 la capacitaci\u00f3n titulada \u201cProfesionalizaci\u00f3n<br>de Operadores del Transporte P\u00fablico\u201d, con el prop\u00f3sito de fortalecer las<br>capacidades t\u00e9cnicas del personal operativo, elevando con ello los est\u00e1ndares de<br>calidad del servicio.<\/p>\n\n\n\n<p>La jornada se extender\u00e1 a otros grupos de operadores de autob\u00fas, quienes se han<br>sumado activamente al objetivo de la Administraci\u00f3n Municipal por brindar un<br>mejor servicio a los usuarios del transporte p\u00fablico.<\/p>\n","protected":false},"excerpt":{"rendered":"<p>Torre\u00f3n, Coahuila a 25 de julio del 2025. n cumplimiento al compromiso de la Administraci\u00f3n Municipal del alcalde Rom\u00e1nAlberto Cepeda Gonz\u00e1lez, de consolidar un sistema de transporte p\u00fablico m\u00e1sseguro, incluyente y con perspectiva de g\u00e9nero, se llev\u00f3 a cabo la primera jornadade capacitaci\u00f3n conjunta dirigida a operadores del servicio de autob\u00fas. Personal del Instituto Municipal de la Mujer (IMM), en coordinaci\u00f3n con laDirecci\u00f3n de Transporte P\u00fablico Municipal, capacitaron a 27&#8230;<\/p>\n","protected":false},"author":1,"featured_media":27388,"comment_status":"closed","ping_status":"","sticky":false,"template":"","format":"standard","meta":{"footnotes":""},"categories":[5,28,7],"tags":[],"class_list":["post-27387","post","type-post","status-publish","format-standard","has-post-thumbnail","hentry","category-coahuila","category-la-laguna","category-torreon","wpcat-5-id","wpcat-28-id","wpcat-7-id"],"_links":{"self":[{"href":"https:\/\/www.aquilaguna.com\/index.php\/wp-json\/wp\/v2\/posts\/27387","targetHints":{"allow":["GET"]}}],"collection":[{"href":"https:\/\/www.aquilaguna.com\/index.php\/wp-json\/wp\/v2\/posts"}],"about":[{"href":"https:\/\/www.aquilaguna.com\/index.php\/wp-json\/wp\/v2\/types\/post"}],"author":[{"embeddable":true,"href":"https:\/\/www.aquilaguna.com\/index.php\/wp-json\/wp\/v2\/users\/1"}],"replies":[{"embeddable":true,"href":"https:\/\/www.aquilaguna.com\/index.php\/wp-json\/wp\/v2\/comments?post=27387"}],"version-history":[{"count":1,"href":"https:\/\/www.aquilaguna.com\/index.php\/wp-json\/wp\/v2\/posts\/27387\/revisions"}],"predecessor-version":[{"id":27389,"href":"https:\/\/www.aquilaguna.com\/index.php\/wp-json\/wp\/v2\/posts\/27387\/revisions\/27389"}],"wp:featuredmedia":[{"embeddable":true,"href":"https:\/\/www.aquilaguna.com\/index.php\/wp-json\/wp\/v2\/media\/27388"}],"wp:attachment":[{"href":"https:\/\/www.aquilaguna.com\/index.php\/wp-json\/wp\/v2\/media?parent=27387"}],"wp:term":[{"taxonomy":"category","embeddable":true,"href":"https:\/\/www.aquilaguna.com\/index.php\/wp-json\/wp\/v2\/categories?post=27387"},{"taxonomy":"post_tag","embeddable":true,"href":"https:\/\/www.aquilaguna.com\/index.php\/wp-json\/wp\/v2\/tags?post=27387"}],"curies":[{"name":"wp","href":"https:\/\/api.w.org\/{rel}","templated":true}]}}