{"id":2739,"date":"2021-06-11T16:36:49","date_gmt":"2021-06-11T21:36:49","guid":{"rendered":"https:\/\/www.aquilaguna.com\/?p=2739"},"modified":"2021-06-11T16:36:50","modified_gmt":"2021-06-11T21:36:50","slug":"que-es-la-oposicion","status":"publish","type":"post","link":"https:\/\/www.aquilaguna.com\/index.php\/2021\/06\/11\/que-es-la-oposicion\/","title":{"rendered":"\u00bfQUE ES LA OPOSICI\u00d3N?"},"content":{"rendered":"\n<p><strong>Por Fernando Rangel de Le\u00f3n<\/strong>.<\/p>\n\n\n\n<p>Dentro de un mismo todo, hay una afirmaci\u00f3n y una negaci\u00f3n, a un mismo tiempo;<br>que se llaman tesis y ant\u00edtesis, respectivamente, las que en su confrontaci\u00f3n natural<br>producen la s\u00edntesis que a su turno se convierte en tesis que a la vez crea su ant\u00edtesis, y as\u00ed<br>sucesivamente sin soluci\u00f3n de continuidad, y es a lo que se le llama dial\u00e9ctica; que se ha<br>definido como la lucha de los contrarios.<\/p>\n\n\n\n<p>De la dial\u00e9ctica nada se escapa, ni la naturaleza, ni lo social, ni lo pol\u00edtico, ni lo<br>gubernamental; como es el caso de los partidos que est\u00e1n en el gobierno, que cuando no<br>estaban en \u00e9l eran de oposici\u00f3n; pero al llegar al poder los otros partidos son sus<br>opositores; d\u00e1ndose la situaci\u00f3n de que como en M\u00e9xico, el gobierno es de tres \u00e1mbitos, en<br>el Federal se tiene a partidos opositores que en los estados, son gobiernos; y que en las<br>mismas entidades federativas hay ayuntamientos del gobierno del estado y ayuntamientos<br>de la oposici\u00f3n; como por ejemplo en Coahuila, que el gobierno estatal es priista y el<br>ayuntamiento de Francisco I. Madero, es morenista.<\/p>\n\n\n\n<p>Es conveniente que cuando hablemos de oposici\u00f3n tengamos cuidado en ubicarnos<br>a cual oposici\u00f3n nos estamos refiriendo; toda vez que esta relatividad nos puede llevar a<br>confusiones tales como hablar bien de un gobierno que fue oposici\u00f3n o viceversa; lo que<br>nos hace impedir ver objetivamente; es decir, ver lo que est\u00e1 afuera de nuestras cabezas.<br>Desde luego que es m\u00e1s f\u00e1cil ser oposici\u00f3n que gobierno; pues en la oposici\u00f3n no se<br>tiene ninguna responsabilidad p\u00fablica; siendo su principal papel se\u00f1alar los errores del<br>gobierno para aprovecharse de ellos, desprestigiarlo, difamarlo, calumniarlo y llegar al<br>poder; que una vez estando en \u00e9l la oposici\u00f3n no cumple todas las promesas de campa\u00f1a;<br>m\u00e1xime cuando estas fueron muchas.<\/p>\n\n\n\n<p>El saldo de las elecciones del 6 de junio, en lo federal le fue favorable al gobierno de<br>MORENA, pues conserv\u00f3 su mayor\u00eda en la C\u00e1mara de Diputados federal; pero en la ciudad de<br>M\u00e9xico, le fue mal, porque la oposici\u00f3n gan\u00f3 nueve alcald\u00edas, de las 16; en cambio, en el pa\u00eds<br>le fue muy bien alcanzando ya 19 gubernaturas y 19 legislaturas locales en las 32 entidades<br>federativas, incluyendo la capital; lo que le permitir\u00e1 al r\u00e9gimen de la 4T hacer las reformas<br>legislativas y constitucionales necesarias para continuar realizando el proyecto de naci\u00f3n<br>que le prometi\u00f3 a la sociedad.<\/p>\n\n\n\n<p>El resultado general de las pasadas elecciones es una lecci\u00f3n de democracia en<br>M\u00e9xico, dada por el Presidente de la Rep\u00fablica, que no meti\u00f3 para nada las manos en el<br>proceso electoral ni antes ni durante, ni despu\u00e9s de la jornada electoral; pues nunca ejerci\u00f3<br>su autoridad ni en el INE, ni en el TEPJF, ni en ninguna autoridad electoral local, para<br>favorecer a los candidatos de MORENA; como se demuestra con la negativa del registro a<\/p>\n\n\n\n<p>muchos candidatos de su partido; siendo absolutamente respetuoso del voto libre de los<br>alrededor de 46 millones de ciudadanos que ejercieron su sufragio.<br>Esta actitud del Presidente, no es ninguna gracia ni haza\u00f1a, es lo que todos los<br>anteriores presidentes debieron de haber hecho para que avanzara la democracia; pues es<br>as\u00ed como debe conducirse un presidente dem\u00f3crata.<\/p>\n","protected":false},"excerpt":{"rendered":"<p>Por Fernando Rangel de Le\u00f3n. Dentro de un mismo todo, hay una afirmaci\u00f3n y una negaci\u00f3n, a un mismo tiempo;que se llaman tesis y ant\u00edtesis, respectivamente, las que en su confrontaci\u00f3n naturalproducen la s\u00edntesis que a su turno se convierte en tesis que a la vez crea su ant\u00edtesis, y as\u00edsucesivamente sin soluci\u00f3n de continuidad, y es a lo que se le llama dial\u00e9ctica; que se hadefinido como la lucha&#8230;<\/p>\n","protected":false},"author":1,"featured_media":0,"comment_status":"closed","ping_status":"closed","sticky":false,"template":"","format":"standard","meta":{"footnotes":""},"categories":[6],"tags":[],"class_list":["post-2739","post","type-post","status-publish","format-standard","hentry","category-fernando-rangel","wpcat-6-id"],"_links":{"self":[{"href":"https:\/\/www.aquilaguna.com\/index.php\/wp-json\/wp\/v2\/posts\/2739","targetHints":{"allow":["GET"]}}],"collection":[{"href":"https:\/\/www.aquilaguna.com\/index.php\/wp-json\/wp\/v2\/posts"}],"about":[{"href":"https:\/\/www.aquilaguna.com\/index.php\/wp-json\/wp\/v2\/types\/post"}],"author":[{"embeddable":true,"href":"https:\/\/www.aquilaguna.com\/index.php\/wp-json\/wp\/v2\/users\/1"}],"replies":[{"embeddable":true,"href":"https:\/\/www.aquilaguna.com\/index.php\/wp-json\/wp\/v2\/comments?post=2739"}],"version-history":[{"count":1,"href":"https:\/\/www.aquilaguna.com\/index.php\/wp-json\/wp\/v2\/posts\/2739\/revisions"}],"predecessor-version":[{"id":2740,"href":"https:\/\/www.aquilaguna.com\/index.php\/wp-json\/wp\/v2\/posts\/2739\/revisions\/2740"}],"wp:attachment":[{"href":"https:\/\/www.aquilaguna.com\/index.php\/wp-json\/wp\/v2\/media?parent=2739"}],"wp:term":[{"taxonomy":"category","embeddable":true,"href":"https:\/\/www.aquilaguna.com\/index.php\/wp-json\/wp\/v2\/categories?post=2739"},{"taxonomy":"post_tag","embeddable":true,"href":"https:\/\/www.aquilaguna.com\/index.php\/wp-json\/wp\/v2\/tags?post=2739"}],"curies":[{"name":"wp","href":"https:\/\/api.w.org\/{rel}","templated":true}]}}