{"id":27399,"date":"2025-07-27T21:19:43","date_gmt":"2025-07-28T03:19:43","guid":{"rendered":"https:\/\/www.aquilaguna.com\/?p=27399"},"modified":"2025-07-27T21:19:43","modified_gmt":"2025-07-28T03:19:43","slug":"dif-coahuila-y-fundacion-ver-bien-para-aprender-mejor-brindan-atencion-visual-a-mas-de-10-mil-estudiantes","status":"publish","type":"post","link":"https:\/\/www.aquilaguna.com\/index.php\/2025\/07\/27\/dif-coahuila-y-fundacion-ver-bien-para-aprender-mejor-brindan-atencion-visual-a-mas-de-10-mil-estudiantes\/","title":{"rendered":"DIF COAHUILA Y\u00a0 FUNDACI\u00d3N \u201cVER BIEN PARA APRENDER MEJOR\u201d BRINDAN ATENCI\u00d3N VISUAL A M\u00c1S DE 10 MIL ESTUDIANTES."},"content":{"rendered":"\n<ul class=\"wp-block-list\">\n<li>Un esfuerzo que fortalece el desarrollo educativo y la salud visual de la ni\u00f1ez coahuilense<\/li>\n<\/ul>\n\n\n\n<p>Saltillo, Coahuila; 27 de julio de 2025.- Con el firme compromiso de mejorar la calidad de vida y el rendimiento acad\u00e9mico de la ni\u00f1ez y adolescencia en el estado, el Gobierno de Coahuila, a trav\u00e9s del DIF Estatal y en colaboraci\u00f3n con la Fundaci\u00f3n \u201cVer Bien para Aprender Mejor\u201d, llev\u00f3 a cabo la brigada de atenci\u00f3n optom\u00e9trica gratuita, beneficiando a 10 mil 983 ni\u00f1as, ni\u00f1os y adolescentes de nivel primaria y secundaria de escuelas p\u00fablicas.&nbsp;<\/p>\n\n\n\n<p>Gracias a esta importante jornada, 2 mil 516 estudiantes de los municipios de Francisco I. Madero, Torre\u00f3n, Sierra Mojada, Viesca y Ocampo recibieron anteojos de alta calidad fabricados especialmente para ellos, lo cual les permitir\u00e1 mejorar su desempe\u00f1o escolar y evitar la deserci\u00f3n relacionada con problemas visuales no atendidos.&nbsp;<\/p>\n\n\n\n<p>Durante la brigada se visitaron un total de 123 escuelas, con el apoyo profesional de 7 optometristas, quienes realizaron evaluaciones visuales especializadas directamente en los planteles educativos.&nbsp;<\/p>\n\n\n\n<p>Adem\u00e1s, se identificaron 129 casos de ni\u00f1as, ni\u00f1os y adolescentes que fueron canalizados a atenci\u00f3n m\u00e9dica especializada, ya sea por prediagn\u00f3stico de patolog\u00edas aparentes o por presentar graduaciones elevadas que podr\u00edan poner en riesgo su salud visual.&nbsp;<\/p>\n\n\n\n<p>Este programa se trabaj\u00f3 de la siguiente manera:&nbsp;<\/p>\n\n\n\n<p>\u00b7&nbsp;&nbsp;&nbsp;&nbsp;&nbsp;&nbsp; Detecci\u00f3n fina: Cada estudiante recibi\u00f3 un examen optom\u00e9trico personalizado por parte del equipo especializado de la Fundaci\u00f3n Ver Bien para Aprender Mejor.&nbsp;<\/p>\n\n\n\n<p>\u00b7&nbsp;&nbsp;&nbsp;&nbsp;&nbsp;&nbsp; Lentes personalizados: Con base en la receta individual, los alumnos eligieron entre 10 combinaciones de color para sus lentes, los cuales fueron fabricados en M\u00e9xico.&nbsp;<\/p>\n\n\n\n<p>\u00b7&nbsp;&nbsp;&nbsp;&nbsp;&nbsp;&nbsp; Entrega en escuelas: Un mes despu\u00e9s, cada estudiante recibi\u00f3 sin costo alguno su par de anteojos directamente en su escuela, acompa\u00f1ado de su kit personal.&nbsp;<\/p>\n\n\n\n<p>Este tipo de iniciativas responde a uno de los pilares fundamentales del gobierno que encabeza Manolo Jim\u00e9nez Salinas, garantizar el acceso equitativo a servicios de salud que impacten directamente en el desarrollo integral de las ni\u00f1as, ni\u00f1os y adolescentes coahuilenses.&nbsp;<\/p>\n\n\n\n<p>Liliana Salinas Vald\u00e9s, Presidenta Honoraria del DIF Coahuila, agradeci\u00f3 la coordinaci\u00f3n y alianza con la Fundaci\u00f3n, resaltando que el trabajo conjunto entre Gobierno y Sociedad civil organizada, rinde grandes frutos.<\/p>\n\n\n\n<p>\u201cVer bien transforma vidas. Gracias a esta gran alianza con la Fundaci\u00f3n Ver Bien para Aprender Mejor, miles de ni\u00f1as y ni\u00f1os en nuestro estado ahora tienen mejores oportunidades de aprender, jugar, convivir y desarrollarse plenamente. Esta estrategia es una muestra clara del compromiso de nuestro gobernador Manolo Jim\u00e9nez Salinas con la educaci\u00f3n y la salud de la ni\u00f1ez. Seguiremos tocando puertas, sumando aliados y trabajando por el bienestar de quienes m\u00e1s lo necesitan.\u201d&nbsp;<\/p>\n\n\n\n<p>Con acciones como esta, DIF Coahuila reafirma su vocaci\u00f3n de servicio, su visi\u00f3n de un gobierno cercano y su apuesta por construir un futuro m\u00e1s justo, saludable y lleno de oportunidades para toda la ni\u00f1ez coahuilense.&nbsp;<\/p>\n","protected":false},"excerpt":{"rendered":"<p>Saltillo, Coahuila; 27 de julio de 2025.- Con el firme compromiso de mejorar la calidad de vida y el rendimiento acad\u00e9mico de la ni\u00f1ez y adolescencia en el estado, el Gobierno de Coahuila, a trav\u00e9s del DIF Estatal y en colaboraci\u00f3n con la Fundaci\u00f3n \u201cVer Bien para Aprender Mejor\u201d, llev\u00f3 a cabo la brigada de atenci\u00f3n optom\u00e9trica gratuita, beneficiando a 10 mil 983 ni\u00f1as, ni\u00f1os y adolescentes de nivel primaria&#8230;<\/p>\n","protected":false},"author":1,"featured_media":27400,"comment_status":"closed","ping_status":"","sticky":false,"template":"","format":"standard","meta":{"footnotes":""},"categories":[5,26,9,15],"tags":[],"class_list":["post-27399","post","type-post","status-publish","format-standard","has-post-thumbnail","hentry","category-coahuila","category-dif","category-educacion","category-gobierno-de-coahuila","wpcat-5-id","wpcat-26-id","wpcat-9-id","wpcat-15-id"],"_links":{"self":[{"href":"https:\/\/www.aquilaguna.com\/index.php\/wp-json\/wp\/v2\/posts\/27399","targetHints":{"allow":["GET"]}}],"collection":[{"href":"https:\/\/www.aquilaguna.com\/index.php\/wp-json\/wp\/v2\/posts"}],"about":[{"href":"https:\/\/www.aquilaguna.com\/index.php\/wp-json\/wp\/v2\/types\/post"}],"author":[{"embeddable":true,"href":"https:\/\/www.aquilaguna.com\/index.php\/wp-json\/wp\/v2\/users\/1"}],"replies":[{"embeddable":true,"href":"https:\/\/www.aquilaguna.com\/index.php\/wp-json\/wp\/v2\/comments?post=27399"}],"version-history":[{"count":1,"href":"https:\/\/www.aquilaguna.com\/index.php\/wp-json\/wp\/v2\/posts\/27399\/revisions"}],"predecessor-version":[{"id":27401,"href":"https:\/\/www.aquilaguna.com\/index.php\/wp-json\/wp\/v2\/posts\/27399\/revisions\/27401"}],"wp:featuredmedia":[{"embeddable":true,"href":"https:\/\/www.aquilaguna.com\/index.php\/wp-json\/wp\/v2\/media\/27400"}],"wp:attachment":[{"href":"https:\/\/www.aquilaguna.com\/index.php\/wp-json\/wp\/v2\/media?parent=27399"}],"wp:term":[{"taxonomy":"category","embeddable":true,"href":"https:\/\/www.aquilaguna.com\/index.php\/wp-json\/wp\/v2\/categories?post=27399"},{"taxonomy":"post_tag","embeddable":true,"href":"https:\/\/www.aquilaguna.com\/index.php\/wp-json\/wp\/v2\/tags?post=27399"}],"curies":[{"name":"wp","href":"https:\/\/api.w.org\/{rel}","templated":true}]}}