{"id":27418,"date":"2025-07-28T21:36:45","date_gmt":"2025-07-29T03:36:45","guid":{"rendered":"https:\/\/www.aquilaguna.com\/?p=27418"},"modified":"2025-07-28T21:36:45","modified_gmt":"2025-07-29T03:36:45","slug":"se-esperan-chubascos-tormentas-electricas-y-caida-de-granizo-en-coahuila","status":"publish","type":"post","link":"https:\/\/www.aquilaguna.com\/index.php\/2025\/07\/28\/se-esperan-chubascos-tormentas-electricas-y-caida-de-granizo-en-coahuila\/","title":{"rendered":"SE ESPERAN CHUBASCOS, TORMENTAS EL\u00c9CTRICAS Y CA\u00cdDA DE GRANIZO EN COAHUILA."},"content":{"rendered":"\n<p>Saltillo, Coahuila de Zaragoza; a 28 de julio de 2025. \u2013 La Secretar\u00eda de Gobierno, a trav\u00e9s de la Subsecretar\u00eda de Protecci\u00f3n Civil del Estado, informa que un canal de baja presi\u00f3n sobre el norte y centro del pa\u00eds, en interacci\u00f3n con el ingreso de aire h\u00famedo del Golfo de M\u00e9xico y con una vaguada en altura sobre el oeste del Golfo de M\u00e9xico, originar\u00e1 lluvias con intervalos de chubascos en Coahuila.<\/p>\n\n\n\n<p>Durante la tarde se espera ambiente c\u00e1lido a caluroso, cielo medio nublado a nublado, y viento con rachas de 40 a 60 km\/h.<\/p>\n\n\n\n<p>Ante el ambiente c\u00e1lido y caluroso, se exhorta a la poblaci\u00f3n a extremar precauciones para prevenir golpes de calor, deshidrataci\u00f3n y afectaciones respiratorias, especialmente en ni\u00f1as, ni\u00f1os, personas adultas mayores y quienes realizan actividades al aire libre.<\/p>\n\n\n\n<p><strong>Pron\u00f3stico general del Servicio Meteorol\u00f3gico Nacional:<\/strong><\/p>\n\n\n\n<p>&nbsp;&nbsp;&nbsp;&nbsp;&nbsp;&nbsp;&nbsp;&nbsp;&nbsp;&nbsp;&nbsp;&nbsp;\u2022&nbsp;&nbsp;&nbsp;&nbsp;&nbsp;&nbsp;&nbsp;&nbsp;&nbsp;&nbsp;Intervalos de chubascos (5 a 25 mm), con descargas el\u00e9ctricas y posible ca\u00edda de granizo. Las lluvias podr\u00edan incrementar los niveles de r\u00edos y arroyos, as\u00ed como generar encharcamientos, deslaves e inundaciones.<\/p>\n\n\n\n<p>&nbsp;&nbsp;&nbsp;&nbsp;&nbsp;&nbsp;&nbsp;&nbsp;&nbsp;&nbsp;&nbsp;&nbsp;\u2022&nbsp;&nbsp;&nbsp;&nbsp;&nbsp;&nbsp;&nbsp;&nbsp;&nbsp;&nbsp;Temperaturas m\u00e1ximas entre 35 \u00b0C y 40 \u00b0C en la mayor parte del territorio.<\/p>\n\n\n\n<p>&nbsp;&nbsp;&nbsp;&nbsp;&nbsp;&nbsp;&nbsp;&nbsp;&nbsp;&nbsp;&nbsp;&nbsp;\u2022&nbsp;&nbsp;&nbsp;&nbsp;&nbsp;&nbsp;&nbsp;&nbsp;&nbsp;&nbsp;Viento con rachas de 40 a 60 km\/h, con posibles tolvaneras y riesgo de ca\u00edda de \u00e1rboles, postes y estructuras ligeras.<\/p>\n\n\n\n<p><strong>Pron\u00f3stico por regi\u00f3n:<\/strong><\/p>\n\n\n\n<p><strong>Regi\u00f3n Norte<\/strong><\/p>\n\n\n\n<p>Lunes: 35 \u00b0C \/ 25 \u00b0C \u2013 25 %<\/p>\n\n\n\n<p>Martes: 37 \u00b0C \/ 24 \u00b0C \u2013 10 %<\/p>\n\n\n\n<p>Mi\u00e9rcoles: 38 \u00b0C \/ 24 \u00b0C \u2013 0 %<\/p>\n\n\n\n<p>Jueves: 38 \u00b0C \/ 26 \u00b0C \u2013 15 %<\/p>\n\n\n\n<p><strong>Regi\u00f3n Carbon\u00edfera<\/strong><\/p>\n\n\n\n<p>Lunes: 37 \u00b0C \/ 24 \u00b0C \u2013 15 %<\/p>\n\n\n\n<p>Martes: 38 \u00b0C \/ 24 \u00b0C \u2013 5 %<\/p>\n\n\n\n<p>Mi\u00e9rcoles: 38 \u00b0C \/ 25 \u00b0C \u2013 5 %<\/p>\n\n\n\n<p>Jueves: 39 \u00b0C \/ 25 \u00b0C \u2013 10 %<\/p>\n\n\n\n<p><strong>Regi\u00f3n Centro<\/strong><\/p>\n\n\n\n<p>Lunes: 36 \u00b0C \/ 23 \u00b0C \u2013 15 %<\/p>\n\n\n\n<p>Martes: 36 \u00b0C \/ 23 \u00b0C \u2013 5 %<\/p>\n\n\n\n<p>Mi\u00e9rcoles: 37 \u00b0C \/ 24 \u00b0C \u2013 5 %<\/p>\n\n\n\n<p>Jueves: 38 \u00b0C \/ 25 \u00b0C \u2013 5 %<\/p>\n\n\n\n<p><strong>Regi\u00f3n Laguna<\/strong><\/p>\n\n\n\n<p>Lunes: 35 \u00b0C \/ 23 \u00b0C \u2013 5 %<\/p>\n\n\n\n<p>Martes: 35 \u00b0C \/ 21 \u00b0C \u2013 0 %<\/p>\n\n\n\n<p>Mi\u00e9rcoles: 36 \u00b0C \/ 21 \u00b0C \u2013 0 %<\/p>\n\n\n\n<p>Jueves: 36 \u00b0C \/ 22 \u00b0C \u2013 0 %<\/p>\n\n\n\n<p><strong>Regi\u00f3n Sureste<\/strong><\/p>\n\n\n\n<p>Lunes: 29 \u00b0C \/ 16 \u00b0C \u2013 25 %<\/p>\n\n\n\n<p>Martes: 30 \u00b0C \/ 16 \u00b0C \u2013 10 %<\/p>\n\n\n\n<p>Mi\u00e9rcoles: 30 \u00b0C \/ 16 \u00b0C \u2013 0 %<\/p>\n\n\n\n<p>Jueves: 31 \u00b0C \/ 17 \u00b0C \u2013 15 %<\/p>\n\n\n\n<p><strong>Recomendaciones ante lluvia y viento:<\/strong><\/p>\n\n\n\n<p>&nbsp;&nbsp;&nbsp;&nbsp;&nbsp;&nbsp;&nbsp;&nbsp;&nbsp;&nbsp;&nbsp;&nbsp;\u2022&nbsp;&nbsp;&nbsp;&nbsp;&nbsp;&nbsp;&nbsp;&nbsp;&nbsp;&nbsp;Asegura techos, l\u00e1minas, lonas y objetos que puedan desprenderse.<\/p>\n\n\n\n<p>&nbsp;&nbsp;&nbsp;&nbsp;&nbsp;&nbsp;&nbsp;&nbsp;&nbsp;&nbsp;&nbsp;&nbsp;\u2022&nbsp;&nbsp;&nbsp;&nbsp;&nbsp;&nbsp;&nbsp;&nbsp;&nbsp;&nbsp;Retira macetas y muebles de balcones o patios.<\/p>\n\n\n\n<p>&nbsp;&nbsp;&nbsp;&nbsp;&nbsp;&nbsp;&nbsp;&nbsp;&nbsp;&nbsp;&nbsp;&nbsp;\u2022&nbsp;&nbsp;&nbsp;&nbsp;&nbsp;&nbsp;&nbsp;&nbsp;&nbsp;&nbsp;Evita estacionar veh\u00edculos bajo \u00e1rboles o postes.<\/p>\n\n\n\n<p>&nbsp;&nbsp;&nbsp;&nbsp;&nbsp;&nbsp;&nbsp;&nbsp;&nbsp;&nbsp;&nbsp;&nbsp;\u2022&nbsp;&nbsp;&nbsp;&nbsp;&nbsp;&nbsp;&nbsp;&nbsp;&nbsp;&nbsp;Maneja con precauci\u00f3n: la lluvia reduce visibilidad y el viento puede desestabilizar veh\u00edculos.<\/p>\n\n\n\n<p>&nbsp;&nbsp;&nbsp;&nbsp;&nbsp;&nbsp;&nbsp;&nbsp;&nbsp;&nbsp;&nbsp;&nbsp;\u2022&nbsp;&nbsp;&nbsp;&nbsp;&nbsp;&nbsp;&nbsp;&nbsp;&nbsp;&nbsp;No te refugies bajo \u00e1rboles durante tormentas el\u00e9ctricas.<\/p>\n\n\n\n<p>&nbsp;&nbsp;&nbsp;&nbsp;&nbsp;&nbsp;&nbsp;&nbsp;&nbsp;&nbsp;&nbsp;&nbsp;\u2022&nbsp;&nbsp;&nbsp;&nbsp;&nbsp;&nbsp;&nbsp;&nbsp;&nbsp;&nbsp;En caso de torbellino, resgu\u00e1rdate en una habitaci\u00f3n sin ventanas, preferentemente en planta baja.<\/p>\n\n\n\n<p><strong>Recomendaciones ante calor:<\/strong><\/p>\n\n\n\n<p>&nbsp;&nbsp;&nbsp;&nbsp;&nbsp;&nbsp;&nbsp;&nbsp;&nbsp;&nbsp;&nbsp;&nbsp;\u2022&nbsp;&nbsp;&nbsp;&nbsp;&nbsp;&nbsp;&nbsp;&nbsp;&nbsp;&nbsp;Hidr\u00e1tate constantemente, aunque no tengas sed.<\/p>\n\n\n\n<p>&nbsp;&nbsp;&nbsp;&nbsp;&nbsp;&nbsp;&nbsp;&nbsp;&nbsp;&nbsp;&nbsp;&nbsp;\u2022&nbsp;&nbsp;&nbsp;&nbsp;&nbsp;&nbsp;&nbsp;&nbsp;&nbsp;&nbsp;Evita bebidas alcoh\u00f3licas o con cafe\u00edna.<\/p>\n\n\n\n<p>&nbsp;&nbsp;&nbsp;&nbsp;&nbsp;&nbsp;&nbsp;&nbsp;&nbsp;&nbsp;&nbsp;&nbsp;\u2022&nbsp;&nbsp;&nbsp;&nbsp;&nbsp;&nbsp;&nbsp;&nbsp;&nbsp;&nbsp;No te expongas al sol entre las 10:00 y las 16:00 horas.<\/p>\n\n\n\n<p>&nbsp;&nbsp;&nbsp;&nbsp;&nbsp;&nbsp;&nbsp;&nbsp;&nbsp;&nbsp;&nbsp;&nbsp;\u2022&nbsp;&nbsp;&nbsp;&nbsp;&nbsp;&nbsp;&nbsp;&nbsp;&nbsp;&nbsp;Usa ropa ligera y de colores claros.<\/p>\n\n\n\n<p>&nbsp;&nbsp;&nbsp;&nbsp;&nbsp;&nbsp;&nbsp;&nbsp;&nbsp;&nbsp;&nbsp;&nbsp;\u2022&nbsp;&nbsp;&nbsp;&nbsp;&nbsp;&nbsp;&nbsp;&nbsp;&nbsp;&nbsp;Permanece en lugares frescos o ventilados.<\/p>\n\n\n\n<p>&nbsp;&nbsp;&nbsp;&nbsp;&nbsp;&nbsp;&nbsp;&nbsp;&nbsp;&nbsp;&nbsp;&nbsp;\u2022&nbsp;&nbsp;&nbsp;&nbsp;&nbsp;&nbsp;&nbsp;&nbsp;&nbsp;&nbsp;Atento a s\u00edntomas de golpe de calor: mareo, n\u00e1useas o sudoraci\u00f3n excesiva.<\/p>\n\n\n\n<p>&nbsp;&nbsp;&nbsp;&nbsp;&nbsp;&nbsp;&nbsp;&nbsp;&nbsp;&nbsp;&nbsp;&nbsp;\u2022&nbsp;&nbsp;&nbsp;&nbsp;&nbsp;&nbsp;&nbsp;&nbsp;&nbsp;&nbsp;Cuida especialmente a ni\u00f1as, ni\u00f1os, personas mayores y personas con enfermedades cr\u00f3nicas.<\/p>\n\n\n\n<p>&nbsp;&nbsp;&nbsp;&nbsp;&nbsp;&nbsp;&nbsp;&nbsp;&nbsp;&nbsp;&nbsp;&nbsp;\u2022&nbsp;&nbsp;&nbsp;&nbsp;&nbsp;&nbsp;&nbsp;&nbsp;&nbsp;&nbsp;Usa protector solar con FPS 30 o superior, reaplic\u00e1ndolo cada dos horas.<\/p>\n\n\n\n<p>La Subsecretar\u00eda de Protecci\u00f3n Civil del Estado mantiene vigilancia permanente sobre las condiciones meteorol\u00f3gicas e invita a la poblaci\u00f3n a mantenerse informada \u00fanicamente a trav\u00e9s de medios oficiales.<\/p>\n\n\n\n<p>En caso de emergencia, llama al 911.<\/p>\n","protected":false},"excerpt":{"rendered":"<p>Saltillo, Coahuila de Zaragoza; a 28 de julio de 2025. \u2013 La Secretar\u00eda de Gobierno, a trav\u00e9s de la Subsecretar\u00eda de Protecci\u00f3n Civil del Estado, informa que un canal de baja presi\u00f3n sobre el norte y centro del pa\u00eds, en interacci\u00f3n con el ingreso de aire h\u00famedo del Golfo de M\u00e9xico y con una vaguada en altura sobre el oeste del Golfo de M\u00e9xico, originar\u00e1 lluvias con intervalos de chubascos&#8230;<\/p>\n","protected":false},"author":1,"featured_media":27419,"comment_status":"closed","ping_status":"","sticky":false,"template":"","format":"standard","meta":{"footnotes":""},"categories":[27,5,15,54],"tags":[],"class_list":["post-27418","post","type-post","status-publish","format-standard","has-post-thumbnail","hentry","category-clima","category-coahuila","category-gobierno-de-coahuila","category-proteccion-civil","wpcat-27-id","wpcat-5-id","wpcat-15-id","wpcat-54-id"],"_links":{"self":[{"href":"https:\/\/www.aquilaguna.com\/index.php\/wp-json\/wp\/v2\/posts\/27418","targetHints":{"allow":["GET"]}}],"collection":[{"href":"https:\/\/www.aquilaguna.com\/index.php\/wp-json\/wp\/v2\/posts"}],"about":[{"href":"https:\/\/www.aquilaguna.com\/index.php\/wp-json\/wp\/v2\/types\/post"}],"author":[{"embeddable":true,"href":"https:\/\/www.aquilaguna.com\/index.php\/wp-json\/wp\/v2\/users\/1"}],"replies":[{"embeddable":true,"href":"https:\/\/www.aquilaguna.com\/index.php\/wp-json\/wp\/v2\/comments?post=27418"}],"version-history":[{"count":1,"href":"https:\/\/www.aquilaguna.com\/index.php\/wp-json\/wp\/v2\/posts\/27418\/revisions"}],"predecessor-version":[{"id":27420,"href":"https:\/\/www.aquilaguna.com\/index.php\/wp-json\/wp\/v2\/posts\/27418\/revisions\/27420"}],"wp:featuredmedia":[{"embeddable":true,"href":"https:\/\/www.aquilaguna.com\/index.php\/wp-json\/wp\/v2\/media\/27419"}],"wp:attachment":[{"href":"https:\/\/www.aquilaguna.com\/index.php\/wp-json\/wp\/v2\/media?parent=27418"}],"wp:term":[{"taxonomy":"category","embeddable":true,"href":"https:\/\/www.aquilaguna.com\/index.php\/wp-json\/wp\/v2\/categories?post=27418"},{"taxonomy":"post_tag","embeddable":true,"href":"https:\/\/www.aquilaguna.com\/index.php\/wp-json\/wp\/v2\/tags?post=27418"}],"curies":[{"name":"wp","href":"https:\/\/api.w.org\/{rel}","templated":true}]}}