{"id":27424,"date":"2025-07-29T17:42:13","date_gmt":"2025-07-29T23:42:13","guid":{"rendered":"https:\/\/www.aquilaguna.com\/?p=27424"},"modified":"2025-07-29T17:42:13","modified_gmt":"2025-07-29T23:42:13","slug":"se-realizara-en-la-uadec-el-xxv-coloquio-nacional-de-formacion-docente-transformacion-educativa-integrando-la-ia-y-habilidades-socioemocionales","status":"publish","type":"post","link":"https:\/\/www.aquilaguna.com\/index.php\/2025\/07\/29\/se-realizara-en-la-uadec-el-xxv-coloquio-nacional-de-formacion-docente-transformacion-educativa-integrando-la-ia-y-habilidades-socioemocionales\/","title":{"rendered":"Se Realizar\u00e1 en la UAdeC el XXV Coloquio Nacional de Formaci\u00f3n Docente \u201cTransformaci\u00f3n Educativa: Integrando la IA y Habilidades Socioemocionales\u201d."},"content":{"rendered":"\n<p>SALTILLO, Coahuila. 29 de julio de 2025. La Universidad Aut\u00f3noma de Coahuila en<br>conjunto con la Asociaci\u00f3n Nacional de Universidades e Instituciones de Educaci\u00f3n<br>Superior (ANUIES) y su Red Nacional de Educaci\u00f3n Media Superior, llevar\u00e1n a cabo<br>el XXV Coloquio Nacional de Formaci\u00f3n Docente \u201cTransformaci\u00f3n Educativa:<br>Integrando la IA y Habilidades Socioemocionales\u201d, el 6 y 7 de noviembre de 2025 en<br>el Centro Cultural Universitario de Campus Arteaga.<\/p>\n\n\n\n<p>El Coloquio Nacional Docente es un evento que, a\u00f1o con a\u00f1o re\u00fane a diversas<br>instituciones de Educaci\u00f3n Media Superior de todo el pa\u00eds y su prop\u00f3sito es fomentar<br>el intercambio de ideas, la reflexi\u00f3n y el debate sobre el futuro de la educaci\u00f3n, con<br>un enfoque en la ciencia, la investigaci\u00f3n, la tecnolog\u00eda y el compromiso social.<\/p>\n\n\n\n<p>En su vig\u00e9sima quinta edici\u00f3n, el programa de actividades destaca el papel<br>fundamental de la educaci\u00f3n en la transformaci\u00f3n social, incorporando la inteligencia<br>artificial y el desarrollo de habilidades socioemocionales como ejes clave para<br>construir un mundo m\u00e1s justo, equitativo y armonioso para las generaciones<br>presentes y futuras.<\/p>\n\n\n\n<p>Podr\u00e1n participar los docentes, funcionarios y directivos de instituciones de<br>Educaci\u00f3n Media Superior incorporadas a la Red Nacional de Educaci\u00f3n Media<br>Superior de la ANUIES, los trabajos que se presenten deber\u00e1n de ser acordes a los<br>objetivos y ejes tem\u00e1ticos: Inteligencia Artificial en la Educaci\u00f3n, Desarrollo de<br>Habilidades Socioemocionales, Convergencia de la Tecnolog\u00eda y las Habilidades<br>Humanas y Planeaci\u00f3n Educativa e IA.<\/p>\n\n\n\n<p>Los trabajos deber\u00e1n ser ponencia de investigaci\u00f3n, ponencia de recuperaci\u00f3n de la<br>pr\u00e1ctica docente, propuesta de taller y cartel, los requisitos de participaci\u00f3n en el<br>Coloquio podr\u00e1n ser revisados a trav\u00e9s de la p\u00e1gina<br><a href=\"https:\/\/www.uadec.mx\/xxvcoloquio\/\" target=\"_blank\" rel=\"noreferrer noopener\">https:\/\/www.uadec.mx\/xxvcoloquio\/<\/a>.<\/p>\n\n\n\n<p>Las propuestas ser\u00e1n enviadas para su evaluaci\u00f3n a partir de la fecha y hasta el 17<br>de agosto de 2025, a trav\u00e9s de la p\u00e1gina <a href=\"https:\/\/www.uadec.mx\/xxvcoloquio\/\" target=\"_blank\" rel=\"noreferrer noopener\">https:\/\/www.uadec.mx\/xxvcoloquio\/<\/a> y<br>deber\u00e1n apagarse estrictamente a los lineamientos establecidos, los trabajos<br>seleccionados por el Comit\u00e9 Acad\u00e9mico se dar\u00e1n a conocer del 3 al 9 de octubre de<br>2025 en el correo electr\u00f3nico que registren los participantes.<\/p>\n\n\n\n<p>Para m\u00e1s informaci\u00f3n escribir al correo electr\u00f3nico xxvcoloquiofd@uadec.edu.mx,<br>llamar al tel\u00e9fono (844) 438 15 45 y consultar la convocatoria completa en<br><a href=\"https:\/\/www2.uadec.mx\/pub\/ColoquioXXV\/Convocatoria.pdf\" target=\"_blank\" rel=\"noreferrer noopener\">https:\/\/www2.uadec.mx\/pub\/ColoquioXXV\/Convocatoria.pdf<\/a>.<\/p>\n","protected":false},"excerpt":{"rendered":"<p>SALTILLO, Coahuila. 29 de julio de 2025. La Universidad Aut\u00f3noma de Coahuila enconjunto con la Asociaci\u00f3n Nacional de Universidades e Instituciones de Educaci\u00f3nSuperior (ANUIES) y su Red Nacional de Educaci\u00f3n Media Superior, llevar\u00e1n a caboel XXV Coloquio Nacional de Formaci\u00f3n Docente \u201cTransformaci\u00f3n Educativa:Integrando la IA y Habilidades Socioemocionales\u201d, el 6 y 7 de noviembre de 2025 enel Centro Cultural Universitario de Campus Arteaga. El Coloquio Nacional Docente es un evento&#8230;<\/p>\n","protected":false},"author":1,"featured_media":27425,"comment_status":"closed","ping_status":"","sticky":false,"template":"","format":"standard","meta":{"footnotes":""},"categories":[2],"tags":[],"class_list":["post-27424","post","type-post","status-publish","format-standard","has-post-thumbnail","hentry","category-uadec","wpcat-2-id"],"_links":{"self":[{"href":"https:\/\/www.aquilaguna.com\/index.php\/wp-json\/wp\/v2\/posts\/27424","targetHints":{"allow":["GET"]}}],"collection":[{"href":"https:\/\/www.aquilaguna.com\/index.php\/wp-json\/wp\/v2\/posts"}],"about":[{"href":"https:\/\/www.aquilaguna.com\/index.php\/wp-json\/wp\/v2\/types\/post"}],"author":[{"embeddable":true,"href":"https:\/\/www.aquilaguna.com\/index.php\/wp-json\/wp\/v2\/users\/1"}],"replies":[{"embeddable":true,"href":"https:\/\/www.aquilaguna.com\/index.php\/wp-json\/wp\/v2\/comments?post=27424"}],"version-history":[{"count":1,"href":"https:\/\/www.aquilaguna.com\/index.php\/wp-json\/wp\/v2\/posts\/27424\/revisions"}],"predecessor-version":[{"id":27426,"href":"https:\/\/www.aquilaguna.com\/index.php\/wp-json\/wp\/v2\/posts\/27424\/revisions\/27426"}],"wp:featuredmedia":[{"embeddable":true,"href":"https:\/\/www.aquilaguna.com\/index.php\/wp-json\/wp\/v2\/media\/27425"}],"wp:attachment":[{"href":"https:\/\/www.aquilaguna.com\/index.php\/wp-json\/wp\/v2\/media?parent=27424"}],"wp:term":[{"taxonomy":"category","embeddable":true,"href":"https:\/\/www.aquilaguna.com\/index.php\/wp-json\/wp\/v2\/categories?post=27424"},{"taxonomy":"post_tag","embeddable":true,"href":"https:\/\/www.aquilaguna.com\/index.php\/wp-json\/wp\/v2\/tags?post=27424"}],"curies":[{"name":"wp","href":"https:\/\/api.w.org\/{rel}","templated":true}]}}