{"id":27430,"date":"2025-07-29T17:45:18","date_gmt":"2025-07-29T23:45:18","guid":{"rendered":"https:\/\/www.aquilaguna.com\/?p=27430"},"modified":"2025-07-29T17:45:18","modified_gmt":"2025-07-29T23:45:18","slug":"invitan-a-participar-en-el-empredefest-torreon-2025","status":"publish","type":"post","link":"https:\/\/www.aquilaguna.com\/index.php\/2025\/07\/29\/invitan-a-participar-en-el-empredefest-torreon-2025\/","title":{"rendered":"Invitan a participar en el EMPREDEFEST TORRE\u00d3N 2025."},"content":{"rendered":"\n<p>Torre\u00f3n, Coahuila a 29 de julio del 2025.<\/p>\n\n\n\n<p>El Instituto Municipal del Emprendimiento de Torre\u00f3n (IMET) invita a la ciudadan\u00eda<br>a formar parte del EMPRENDEFEST TORRE\u00d3N 2025, un espacio donde ideas,<br>negocios y personas se encuentran para crecer juntos.<\/p>\n\n\n\n<p>El evento se llevar\u00e1 a cabo el 11 y 12 de octubre del presente a\u00f1o, en el Centro de<br>Convenciones Torre\u00f3n.<\/p>\n\n\n\n<p>Eduardo Carmona Gonz\u00e1lez, titular del IMET, se\u00f1al\u00f3 que el EMPRENDEFEST<br>TORRE\u00d3N 2025 es una celebraci\u00f3n promovida desde la Administraci\u00f3n Municipal<br>del alcalde Rom\u00e1n Alberto Cepeda Gonz\u00e1lez, dise\u00f1ada para impulsar el talento<br>local, conectar proyectos innovadores y fortalecer la comunidad emprendedora de<br>la regi\u00f3n.<\/p>\n\n\n\n<p>\u201cSi tienen un emprendimiento y est\u00e1n en busca de visibilidad, ventas, alianzas, o<br>simplemente desean posicionar su marca ante cientos de visitantes, esta es la<br>oportunidad. Durante dos d\u00edas, m\u00e1s de 150 emprendedores locales compartir\u00e1n<br>un espacio \u00fanico con m\u00fasica en vivo, donde vamos a reconocer a talentos<br>laguneros que han dejado huella con su m\u00fasica en otras partes y poniendo el<br>nombre de Torre\u00f3n muy en alto. Tambi\u00e9n contaremos con una variada oferta<br>gastron\u00f3mica, bebidas y un ambiente lleno de energ\u00eda\u201d, destac\u00f3.<\/p>\n\n\n\n<p>El director precis\u00f3 que el EMPRENDEFEST 2025 no solo es una feria comercial,<br>sino tambi\u00e9n una plataforma de crecimiento. Durante los dos d\u00edas del evento<br>habr\u00e1 conferencias con temas de actualidad como: Manejo de redes sociales, Plan<br>de negocios, Finanzas para no financieros, Inteligencia artificial, entre otras.<\/p>\n\n\n\n<p>Los emprendedores interesados pueden reservar su espacio en cualquiera de las<br>siguientes fases:<\/p>\n\n\n\n<p>Durante la preventa, del 1 de junio al 31 de julio, el costo por stand ser\u00e1 de 3 mil<br>500 pesos; en la fase 2, del 1 al 31 de agosto, el costo aumentar\u00e1 a 4 mil pesos; y<br>en la fase 3, del 1 al 30 de septiembre, el precio ser\u00e1 de 4 mil 500 pesos.<br>Cada stand incluye participaci\u00f3n durante los dos d\u00edas del evento.<\/p>\n\n\n\n<p>El proceso de inscripci\u00f3n inicia con un registro en l\u00ednea a trav\u00e9s de<br>yaemprende.com.mx, donde deben llenar un formulario con sus datos de contacto,<\/p>\n\n\n\n<p>informaci\u00f3n sobre su emprendimiento, sector, redes sociales y prop\u00f3sito del<br>proyecto.<br>El equipo organizador evaluar\u00e1 la solicitud en menos de 24 horas h\u00e1biles,<br>verificando que la marca cumpla con los criterios de formalidad y calidad<br>establecidos. En caso de ser seleccionado, recibir\u00e1n una notificaci\u00f3n v\u00eda<br>WhatsApp con el enlace de pago correspondiente, y solo tras completar este paso,<br>el lugar quedar\u00e1 confirmado.<\/p>\n\n\n\n<p>\u201cParticipar en el EMPRENDEFEST TORRE\u00d3N 2025 es una oportunidad para dar<br>un salto en el camino como emprendedor. Ya sea que busquen clientes, aliados<br>estrat\u00e9gicos o simplemente poner a prueba su idea en un entorno real, este<br>evento est\u00e1 dise\u00f1ado para impulsarlos\u201d, reiter\u00f3 Carmona Gonz\u00e1lez.<\/p>\n","protected":false},"excerpt":{"rendered":"<p>Torre\u00f3n, Coahuila a 29 de julio del 2025. El Instituto Municipal del Emprendimiento de Torre\u00f3n (IMET) invita a la ciudadan\u00edaa formar parte del EMPRENDEFEST TORRE\u00d3N 2025, un espacio donde ideas,negocios y personas se encuentran para crecer juntos. El evento se llevar\u00e1 a cabo el 11 y 12 de octubre del presente a\u00f1o, en el Centro deConvenciones Torre\u00f3n. Eduardo Carmona Gonz\u00e1lez, titular del IMET, se\u00f1al\u00f3 que el EMPRENDEFESTTORRE\u00d3N 2025 es una&#8230;<\/p>\n","protected":false},"author":1,"featured_media":27431,"comment_status":"closed","ping_status":"","sticky":false,"template":"","format":"standard","meta":{"footnotes":""},"categories":[5,28,7],"tags":[],"class_list":["post-27430","post","type-post","status-publish","format-standard","has-post-thumbnail","hentry","category-coahuila","category-la-laguna","category-torreon","wpcat-5-id","wpcat-28-id","wpcat-7-id"],"_links":{"self":[{"href":"https:\/\/www.aquilaguna.com\/index.php\/wp-json\/wp\/v2\/posts\/27430","targetHints":{"allow":["GET"]}}],"collection":[{"href":"https:\/\/www.aquilaguna.com\/index.php\/wp-json\/wp\/v2\/posts"}],"about":[{"href":"https:\/\/www.aquilaguna.com\/index.php\/wp-json\/wp\/v2\/types\/post"}],"author":[{"embeddable":true,"href":"https:\/\/www.aquilaguna.com\/index.php\/wp-json\/wp\/v2\/users\/1"}],"replies":[{"embeddable":true,"href":"https:\/\/www.aquilaguna.com\/index.php\/wp-json\/wp\/v2\/comments?post=27430"}],"version-history":[{"count":1,"href":"https:\/\/www.aquilaguna.com\/index.php\/wp-json\/wp\/v2\/posts\/27430\/revisions"}],"predecessor-version":[{"id":27432,"href":"https:\/\/www.aquilaguna.com\/index.php\/wp-json\/wp\/v2\/posts\/27430\/revisions\/27432"}],"wp:featuredmedia":[{"embeddable":true,"href":"https:\/\/www.aquilaguna.com\/index.php\/wp-json\/wp\/v2\/media\/27431"}],"wp:attachment":[{"href":"https:\/\/www.aquilaguna.com\/index.php\/wp-json\/wp\/v2\/media?parent=27430"}],"wp:term":[{"taxonomy":"category","embeddable":true,"href":"https:\/\/www.aquilaguna.com\/index.php\/wp-json\/wp\/v2\/categories?post=27430"},{"taxonomy":"post_tag","embeddable":true,"href":"https:\/\/www.aquilaguna.com\/index.php\/wp-json\/wp\/v2\/tags?post=27430"}],"curies":[{"name":"wp","href":"https:\/\/api.w.org\/{rel}","templated":true}]}}