{"id":27454,"date":"2025-07-30T21:13:31","date_gmt":"2025-07-31T03:13:31","guid":{"rendered":"https:\/\/www.aquilaguna.com\/?p=27454"},"modified":"2025-07-30T21:13:31","modified_gmt":"2025-07-31T03:13:31","slug":"aumenta-el-50-la-recoleccion-de-basura-en-espacios-publicos-durante-la-temporada-vacacional","status":"publish","type":"post","link":"https:\/\/www.aquilaguna.com\/index.php\/2025\/07\/30\/aumenta-el-50-la-recoleccion-de-basura-en-espacios-publicos-durante-la-temporada-vacacional\/","title":{"rendered":"Aumenta el 50% la recolecci\u00f3n de basura en espacios p\u00fablicos durante la temporada vacacional."},"content":{"rendered":"\n<p>Torre\u00f3n, Coahuila. A 30 de julio de 2025.<\/p>\n\n\n\n<p>Durante la temporada vacacional de verano, la afluencia de personas en espacios<br>p\u00fablicos incrementa considerablemente, lo que ha derivado a su vez en un<br>aumento del 50 por ciento en la recolecci\u00f3n de basura y desechos por parte del<br>personal de limpieza de \u201cLa Ola\u201d.<\/p>\n\n\n\n<p>Fernando Villarreal Cu\u00e9llar, director general de Servicios P\u00fablicos Municipales,<br>inform\u00f3 que es com\u00fan en estas fechas el incremento, pues muchas familias<br>aprovechan el periodo vacacional para salir y disfrutar, lo que conlleva un mayor<br>consumo de alimentos, bebidas y otros productos que generan residuos.<\/p>\n\n\n\n<p>\u201cEl personal de La Ola est\u00e1 realizando un gran esfuerzo al intensificar sus labores,<br>ya que actualmente recolectan pr\u00e1cticamente el doble de basura en \u00e1reas p\u00fablicas<br>comparado con otras \u00e9pocas del a\u00f1o\u201d.<\/p>\n\n\n\n<p>Explic\u00f3 que los trabajadores han reforzado sus turnos para atender el aumento de<br>desechos y mantener la limpieza en toda la ciudad.<\/p>\n\n\n\n<p>Adem\u00e1s, dio a conocer que el programa \u201cLa Ruta del descacharre\u201d tambi\u00e9n ha<br>registrado un incremento del 30 por ciento en los objetos recolectados, pues<br>muchas familias aprovechan el tiempo libre para limpiar sus hogares y desechar<br>tiliches, muebles viejos, electrodom\u00e9sticos en desuso y otros objetos acumulados.<\/p>\n\n\n\n<p>En este sentido, el funcionario exhort\u00f3 a la ciudadan\u00eda a ser parte de estas<br>acciones de limpieza, depositando la basura en los lugares asignados y<br>respetando los horarios establecidos para sacar los residuos conforme la<br>Promotora Ambiental (PASA).<\/p>\n\n\n\n<p>\u201cContar con espacios limpios depende tambi\u00e9n del compromiso de los ciudadanos.<br>Por eso pedimos su apoyo para que juntos mantengamos una ciudad limpia,<br>segura y ordenada\u201d.<\/p>\n\n\n\n<p>Destac\u00f3 que tirar basura en la v\u00eda p\u00fablica no solo da\u00f1a el entorno urbano, sino<br>que tambi\u00e9n afecta la imagen de la ciudad y sobre todo puede generar focos de<br>infecci\u00f3n.<\/p>\n\n\n\n<p>Asimismo, reafirm\u00f3 el compromiso de la Administraci\u00f3n Municipal del alcalde<br>Rom\u00e1n Alberto Cepeda Gonz\u00e1lez, de seguir trabajando por el bienestar de las<br>familias, a trav\u00e9s de los programas implementados para la limpieza y el<br>mejoramiento de espacios p\u00fablicos.<\/p>\n","protected":false},"excerpt":{"rendered":"<p>Torre\u00f3n, Coahuila. A 30 de julio de 2025. Durante la temporada vacacional de verano, la afluencia de personas en espaciosp\u00fablicos incrementa considerablemente, lo que ha derivado a su vez en unaumento del 50 por ciento en la recolecci\u00f3n de basura y desechos por parte delpersonal de limpieza de \u201cLa Ola\u201d. Fernando Villarreal Cu\u00e9llar, director general de Servicios P\u00fablicos Municipales,inform\u00f3 que es com\u00fan en estas fechas el incremento, pues muchas familiasaprovechan&#8230;<\/p>\n","protected":false},"author":1,"featured_media":27455,"comment_status":"closed","ping_status":"","sticky":false,"template":"","format":"standard","meta":{"footnotes":""},"categories":[5,28,7],"tags":[],"class_list":["post-27454","post","type-post","status-publish","format-standard","has-post-thumbnail","hentry","category-coahuila","category-la-laguna","category-torreon","wpcat-5-id","wpcat-28-id","wpcat-7-id"],"_links":{"self":[{"href":"https:\/\/www.aquilaguna.com\/index.php\/wp-json\/wp\/v2\/posts\/27454","targetHints":{"allow":["GET"]}}],"collection":[{"href":"https:\/\/www.aquilaguna.com\/index.php\/wp-json\/wp\/v2\/posts"}],"about":[{"href":"https:\/\/www.aquilaguna.com\/index.php\/wp-json\/wp\/v2\/types\/post"}],"author":[{"embeddable":true,"href":"https:\/\/www.aquilaguna.com\/index.php\/wp-json\/wp\/v2\/users\/1"}],"replies":[{"embeddable":true,"href":"https:\/\/www.aquilaguna.com\/index.php\/wp-json\/wp\/v2\/comments?post=27454"}],"version-history":[{"count":1,"href":"https:\/\/www.aquilaguna.com\/index.php\/wp-json\/wp\/v2\/posts\/27454\/revisions"}],"predecessor-version":[{"id":27456,"href":"https:\/\/www.aquilaguna.com\/index.php\/wp-json\/wp\/v2\/posts\/27454\/revisions\/27456"}],"wp:featuredmedia":[{"embeddable":true,"href":"https:\/\/www.aquilaguna.com\/index.php\/wp-json\/wp\/v2\/media\/27455"}],"wp:attachment":[{"href":"https:\/\/www.aquilaguna.com\/index.php\/wp-json\/wp\/v2\/media?parent=27454"}],"wp:term":[{"taxonomy":"category","embeddable":true,"href":"https:\/\/www.aquilaguna.com\/index.php\/wp-json\/wp\/v2\/categories?post=27454"},{"taxonomy":"post_tag","embeddable":true,"href":"https:\/\/www.aquilaguna.com\/index.php\/wp-json\/wp\/v2\/tags?post=27454"}],"curies":[{"name":"wp","href":"https:\/\/api.w.org\/{rel}","templated":true}]}}