{"id":27463,"date":"2025-07-30T21:52:44","date_gmt":"2025-07-31T03:52:44","guid":{"rendered":"https:\/\/www.aquilaguna.com\/?p=27463"},"modified":"2025-07-30T21:52:44","modified_gmt":"2025-07-31T03:52:44","slug":"aqui-laguna-432","status":"publish","type":"post","link":"https:\/\/www.aquilaguna.com\/index.php\/2025\/07\/30\/aqui-laguna-432\/","title":{"rendered":"Aqu\u00ed Laguna."},"content":{"rendered":"\n<p>\u00a1Plazo fatal!, fijado para el\u00a0pr\u00f3ximo viernes 1 de agosto, cuando el Poder Judicial\u00a0se extinga como lo hab\u00edamos\u00a0venido conociendo y operando\u00a0seg\u00fan la cl\u00e1sica\u00a0divisi\u00f3n de Poderes, para dar paso a un Poder Judicial federal como &#8220;lo so\u00f1\u00f3&#8221; Andr\u00e9s Manuel L\u00f3pez Obrador y lo que ello nos depare a los mexicanos y los que conformen las generaciones venideras, igual destino cabe al renovado\u00a0Poder Judicial\u00a0en las entidades que forman parte de \u00e9sta rep\u00fablica, entre ellos el de Coahuila. Por cierto, es fecha que no se conoce con puntualidad los nombre de sus nuevos integrantes y mucho menos los puestos en el organigrama y eso, que deber\u00e1n estar ya en funciones el\u00a0 lunes 4 de agosto, pues diremos que ya no solo\u00a0 \u00a0 las \u00e1reas que corresponden a \u00e9ste Poder, sino a los innumerables logotipos\u00a0existentes en Coahuila en\u00a0 materia de Colegios, Foros y Asociaciones de\u00a0Licenciados y Liceciadas en Derecho,\u00a0esos que acuden -solo eso-,\u00a0a las recepciones anuales\u00a0realizadas con motivo del rimbombante &#8220;D\u00eda del Abogado&#8221; no m\u00e1s, pues tales gremios no se singularizan\u00a0por acciones de difusi\u00f3n de las leyes, de sus reformas y los impactos que en la vida diaria registra\u00a0a la poblaci\u00f3n, gremio que\u00a0 diera en otros tiempos\u00a0testimonio de servicio, de compromiso con la ley y su cumplimient,o y en estos tiempos que corren luce aplastado\u00a0 por el silencio.<\/p>\n\n\n\n<p>Pero vaya que tendr\u00e1n trabajo, no solo los abogados, sino tambi\u00e9n los picapleitos, pues abundan las denuncias, como la resucitada\u00a0y\u00a0que\u00a0se\u00a0ver\u00e1 este mismo viernes, versus el inefable Alejandro -Alito-, por presuntos actos de corrupci\u00f3n a su paso, como Gobernador de Campeche\u00a0y\u00a0 del que hoy puede decirse, de cara a los esc\u00e1ndalos que\u00a0protagonizan la \u00e9lite morenista en el pa\u00eds,\u00a0eso de que &#8220;malos vendr\u00e1n, que bueno te har\u00e1n&#8221;, pues los delitos que se le imputan a Alito, palidecen frente\u00a0a los que forman parte de la causa y denuncia interpuesta por la bancada panista a cargo de Ricardo Anaya, versus\u00a0Ad\u00e1n Augusto L\u00f3pez, quien fuera tambi\u00e9n Gobernador de Tabasco, &#8220;hermano&#8221; de AMLO y ex Secretario de Gobernaci\u00f3n,\u00a0su r\u00e9gimen y hoy mismo, convertido ya ante el tribunal del pueblo, el de la voz p\u00fablica, como cabeza del grupo criminal la Barredora. Grave situaciobn, que no puede seguir sosteni\u00e9ndose\u00a0con\u00a0 la cubierta de la impunidad, del cinismo, pues en silencio, la indignaci\u00f3n ciudadana crece,\u00a0no bastando\u00a0el goteo de los programas sociales\u00a0sobre los que ya pesa el endeudamiento del pa\u00eds.<\/p>\n\n\n\n<p>Dif\u00edcil panorama\u00a0pues el que enfrenta la primera mujer electa como Presidenta de M\u00e9xico, no solo en el \u00e1mbito interno con las luchas de poder que ya enfrenta en su entorno, sino bajo la presi\u00f3n\u00a0del factor externo que personifica Trump\u00a0con los aranceles, que tambi\u00e9n entrar\u00e1n en vigor este mismo viernes, ignor\u00e1ndose\u00a0si dar\u00e1 alg\u00fan cambio en esta decisi\u00f3n, seg\u00fan humor de que amanezca Trump y no le de por\u00a0 exigir la entrega de alguno de los ya\u00a0 muy identificados narcopol\u00edticos como compensaci\u00f3n, pues no le bast\u00f3 los que le fueran entregados por el Gobierno de M\u00e9xico, a sus aranceles\u00a0y\u00a0otro m\u00e1s, el extra\u00eddo, el capo\u00a0de capos, el Mayo Zambada,\u00a0en autentica\u00a0acci\u00f3n punitiva,\u00a0violaci\u00f3n a\u00a0tratados, etc., etc., acci\u00f3n de la cual a un a\u00f1o de haberse registrado,\u00a0el Gobierno de M\u00e9xico, no ha recibido comunicaci\u00f3n\u00a0alguna\u00a0al respecto, ni mucho menos los tratos alcanzados con Ovidio Guzm\u00e1n\u00a0que dio para el cobijo de\u00a017 miembros de su familia, en tanto que Sinaloa, el estado m\u00e1rtir, sigue envuelto\u00a0en la violencia criminal, sumando solo en un a\u00f1o un saldo\u00a0de\u00a0mortal m\u00e1s que la guerra en Ucrania. <\/p>\n\n\n\n<p>En estos d\u00edas tambi\u00e9n\u00a0alcanza el\u00a0c\u00falmen del periodo vacacional que viven, primero cientos de escolapios, que disfrutan del asuento m\u00e1s largo del a\u00f1o y poco o nada les pesa sobre sus humanidades, el\u00a0intenso calor que se registra en la regi\u00f3n. Inmunes\u00a0 pues, felices y\u00a0 la mayor\u00eda al cuidado de sus familias,\u00a0 registrando tambi\u00e9n poca y lenta actividad en el sector oficial en algunos organismos de gobierno, registran tambi\u00e9n el periodo vacacional correspondiente, solo y de manera se\u00f1alable por singular, el acoso medi\u00e1tico sobre\u00a0el alcalde de Torre\u00f3n, Licenciado Rom\u00e1n Alberto Cepeda Gonz\u00e1lez, no cesa, notable por ser el \u00fanico en Coahuila,\u00a0objeto de tal acci\u00f3n, pues obvio resulta que como titular de la administraci\u00f3n de una ciudad ubicada como centro\u00a0de una\u00a0zona\u00a0metropolitana, que registra el vaiv\u00e9n de poblaci\u00f3n\u00a0flotante procedente de por lo menos 11 municipios aleda\u00f1os\u00a0de los territorios de Coahuila y Durango, que han hecho de Torre\u00f3n su capital que lo\u00a0hace demandante\u00a0de m\u00e1s\u00a0y mejores servicios p\u00fablicos, m\u00e1s\u00a0trafico vehicular,\u00a0a cargo de sus recursos p\u00fablicos, lo que impone una creciente y necesaria tecnificaci\u00f3n de algunos de sus procesos y mayor apoyo\u00a0de quienes forman su equipo de trabajo, algunos que se ven\u00a0 por demas lentos. \u00a0 <\/p>\n\n\n\n<p>En especial el que\u00a0 resulta de proporcionar\u00a0seguridad p\u00fablica no solo a la poblaci\u00f3n nativa, sino a sus\u00a0 visitantes cotidianos, am\u00e9n de que Torre\u00f3n es frontera\u00a0 abierta,\u00a0cercan\u00edsima, dividida solo por el cauce natural del R\u00edo Nazas, de la vecina ciudad de G\u00f3mez\u00a0 Palacio, ciudad que responde a otras\u00a0dinamicas y\u00a0 desarrollo diverso, que cuyos saldos, sobre todo en materia de seguridad, presionan y demandan maxima atenci\u00f3n y recursos en tal &#8220;frontera&#8221;, de ah\u00ed que resulta para quienes no conozcan, o no quieran conocer tales diferencias, los resultados que la percepci\u00f3n que en materia de\u00a0seguridad se registran, as\u00ed como los que se desprenden de la\u00a0 mera estad\u00edstica\u00a0criminal correspondiente.<\/p>\n\n\n\n<p>Y dicen lo que saben, que no se descarta que algunos temas, al arribo de nuevas autoridades pol\u00edticas entre los municipio\u00a0vecinos del Estado de Durango y\u00a0 donde se se\u00f1ala, que el cuidado, los esfuerzos y los recursos que dedica\u00a0a este tema, el Gobernador de Coahuila,\u00a0no se parece en nada, al que\u00a0destina su hom\u00f3logo Gobernador de Durango Esteban Villegas, pues\u00a0ni tan solo se le ha viso a este se\u00f1or atenci\u00f3n alguna a las activdiadeds que despliegan singulares fuerzas &#8220;sindicales&#8221; con sello de los tiempos de la\u00a0 IV\u00a0 Transformaci\u00f3n,\u00a0que lo lo traen m\u00e1s que bocabajeado ante la opini\u00f3n p\u00fablica lagunera&#8230;<\/p>\n","protected":false},"excerpt":{"rendered":"<p>\u00a1Plazo fatal!, fijado para el\u00a0pr\u00f3ximo viernes 1 de agosto, cuando el Poder Judicial\u00a0se extinga como lo hab\u00edamos\u00a0venido conociendo y operando\u00a0seg\u00fan la cl\u00e1sica\u00a0divisi\u00f3n de Poderes, para dar paso a un Poder Judicial federal como &#8220;lo so\u00f1\u00f3&#8221; Andr\u00e9s Manuel L\u00f3pez Obrador y lo que ello nos depare a los mexicanos y los que conformen las generaciones venideras, igual destino cabe al renovado\u00a0Poder Judicial\u00a0en las entidades que forman parte de \u00e9sta rep\u00fablica, entre&#8230;<\/p>\n","protected":false},"author":2,"featured_media":0,"comment_status":"closed","ping_status":"","sticky":false,"template":"","format":"standard","meta":{"footnotes":""},"categories":[8],"tags":[],"class_list":["post-27463","post","type-post","status-publish","format-standard","hentry","category-aqui-laguna","wpcat-8-id"],"_links":{"self":[{"href":"https:\/\/www.aquilaguna.com\/index.php\/wp-json\/wp\/v2\/posts\/27463","targetHints":{"allow":["GET"]}}],"collection":[{"href":"https:\/\/www.aquilaguna.com\/index.php\/wp-json\/wp\/v2\/posts"}],"about":[{"href":"https:\/\/www.aquilaguna.com\/index.php\/wp-json\/wp\/v2\/types\/post"}],"author":[{"embeddable":true,"href":"https:\/\/www.aquilaguna.com\/index.php\/wp-json\/wp\/v2\/users\/2"}],"replies":[{"embeddable":true,"href":"https:\/\/www.aquilaguna.com\/index.php\/wp-json\/wp\/v2\/comments?post=27463"}],"version-history":[{"count":1,"href":"https:\/\/www.aquilaguna.com\/index.php\/wp-json\/wp\/v2\/posts\/27463\/revisions"}],"predecessor-version":[{"id":27464,"href":"https:\/\/www.aquilaguna.com\/index.php\/wp-json\/wp\/v2\/posts\/27463\/revisions\/27464"}],"wp:attachment":[{"href":"https:\/\/www.aquilaguna.com\/index.php\/wp-json\/wp\/v2\/media?parent=27463"}],"wp:term":[{"taxonomy":"category","embeddable":true,"href":"https:\/\/www.aquilaguna.com\/index.php\/wp-json\/wp\/v2\/categories?post=27463"},{"taxonomy":"post_tag","embeddable":true,"href":"https:\/\/www.aquilaguna.com\/index.php\/wp-json\/wp\/v2\/tags?post=27463"}],"curies":[{"name":"wp","href":"https:\/\/api.w.org\/{rel}","templated":true}]}}