{"id":27465,"date":"2025-07-31T20:42:08","date_gmt":"2025-08-01T02:42:08","guid":{"rendered":"https:\/\/www.aquilaguna.com\/?p=27465"},"modified":"2025-07-31T20:42:08","modified_gmt":"2025-08-01T02:42:08","slug":"descubre-el-centro-de-educacion-ambiental-y-vigilancia-climatica-de-la-uadec","status":"publish","type":"post","link":"https:\/\/www.aquilaguna.com\/index.php\/2025\/07\/31\/descubre-el-centro-de-educacion-ambiental-y-vigilancia-climatica-de-la-uadec\/","title":{"rendered":"Descubre el Centro de Educaci\u00f3n Ambiental y Vigilancia Clim\u00e1tica de la UAdeC."},"content":{"rendered":"\n<p>ARTEAGA, Coahuila. 31 de julio de 2025. La Universidad Aut\u00f3noma de Coahuila, a<br>trav\u00e9s de la Coordinaci\u00f3n de Agenda Ambiental Universitaria, invita a conocer el<br>Centro de Educaci\u00f3n Ambiental y Vigilancia Clim\u00e1tica (CEAV) y participar en las<br>actividades de \u201cObservaci\u00f3n y Apreciaci\u00f3n de Biodiversidad\u201d que realiza con el<br>objetivo de promover el conocimiento, la valoraci\u00f3n y la conservaci\u00f3n del medio<br>ambiente.<\/p>\n\n\n\n<p>Ubicado en Ciudad Universitaria de Arteaga, el CEAV es un espacio de divulgaci\u00f3n<br>cient\u00edfica que permite a los visitantes adentrarse en el fascinante mundo de la ciencia<br>y la tecnolog\u00eda aplicadas al cuidado del entorno natural.<\/p>\n\n\n\n<p>El responsable del CEAV, Jos\u00e9 Emilio Mart\u00ednez Res\u00e9ndiz, inform\u00f3 que el Centro<br>ofrece experiencias educativas en temas como cambio clim\u00e1tico global,<br>biodiversidad, sustentabilidad, contaminaci\u00f3n, recursos naturales, fen\u00f3menos<br>meteorol\u00f3gicos, hasta enfoques m\u00e1s espec\u00edficos como el agua, las monta\u00f1as, el<br>desierto y la avifauna.<\/p>\n\n\n\n<p>Adem\u00e1s, el Centro cuenta con estaciones meteorol\u00f3gicas, observaci\u00f3n astron\u00f3mica,<br>producci\u00f3n de plantas nativas del desierto, din\u00e1micas de reciclaje y m\u00e1s,<br>consolid\u00e1ndose como un referente en educaci\u00f3n ambiental en el noreste del pa\u00eds.<br>Entre sus actividades se encuentran los recorridos de Observaci\u00f3n y Apreciaci\u00f3n de<br>Biodiversidad, guiados por personal especializado; el responsable del \u00e1rea de<br>biodiversidad del CEAV, Pedro D\u00e1vila Vald\u00e9s, explic\u00f3 que estas salidas al campo<br>tienen como prop\u00f3sito principal dar a conocer la riqueza natural de los campus<br>universitarios y sus alrededores.<\/p>\n\n\n\n<p>Durante la actividad, los participantes registran las especies observadas y capturan<br>fotograf\u00edas que posteriormente pueden ser subidas a diversas plataformas como<br>\u201cMerlin Bird\u201d \u201cNaturalistaMx\u201d y \u201ceBird\u201d, bases de datos colaborativas utilizadas por<br>cient\u00edficos de todo el mundo, contribuyendo con ello a la ciencia ciudadana.<\/p>\n\n\n\n<p>Los recorridos son gratuitos y suelen realizarse entre semana en horario de 8:00 a<br>15:00 horas, aunque se pueden hacer ajustes dependiendo de las necesidades de<br>cada grupo; para garantizar una experiencia segura y c\u00f3moda se recomienda a los<br>visitantes llevar protecci\u00f3n solar, hidrataci\u00f3n, gorra y c\u00e1mara profesional o de celular,<br>mientras que el Centro proporcionar\u00e1 monoculares y contenido necesario para una<br>experiencia educativa completa.<\/p>\n\n\n\n<p>Para solicitar una visita grupal, se debe enviar un oficio a partir del 4 de agosto al<br>correo electr\u00f3nico agendaambiental@uadec.edu.mx, indicando la fecha deseada,<br>n\u00famero de asistentes y temas de inter\u00e9s; si desea m\u00e1s informaci\u00f3n, comunicarse a<br>los tel\u00e9fonos (844) 689 10 90 y (844) 689 10 91 o por medio de la p\u00e1gina de<br>Facebook \u201cCentro de Educaci\u00f3n Ambiental y Vigilancia Clim\u00e1tica de la UAdeC\u201d.<\/p>\n","protected":false},"excerpt":{"rendered":"<p>ARTEAGA, Coahuila. 31 de julio de 2025. La Universidad Aut\u00f3noma de Coahuila, atrav\u00e9s de la Coordinaci\u00f3n de Agenda Ambiental Universitaria, invita a conocer elCentro de Educaci\u00f3n Ambiental y Vigilancia Clim\u00e1tica (CEAV) y participar en lasactividades de \u201cObservaci\u00f3n y Apreciaci\u00f3n de Biodiversidad\u201d que realiza con elobjetivo de promover el conocimiento, la valoraci\u00f3n y la conservaci\u00f3n del medioambiente. Ubicado en Ciudad Universitaria de Arteaga, el CEAV es un espacio de divulgaci\u00f3ncient\u00edfica que&#8230;<\/p>\n","protected":false},"author":1,"featured_media":27466,"comment_status":"closed","ping_status":"","sticky":false,"template":"","format":"standard","meta":{"footnotes":""},"categories":[2],"tags":[],"class_list":["post-27465","post","type-post","status-publish","format-standard","has-post-thumbnail","hentry","category-uadec","wpcat-2-id"],"_links":{"self":[{"href":"https:\/\/www.aquilaguna.com\/index.php\/wp-json\/wp\/v2\/posts\/27465","targetHints":{"allow":["GET"]}}],"collection":[{"href":"https:\/\/www.aquilaguna.com\/index.php\/wp-json\/wp\/v2\/posts"}],"about":[{"href":"https:\/\/www.aquilaguna.com\/index.php\/wp-json\/wp\/v2\/types\/post"}],"author":[{"embeddable":true,"href":"https:\/\/www.aquilaguna.com\/index.php\/wp-json\/wp\/v2\/users\/1"}],"replies":[{"embeddable":true,"href":"https:\/\/www.aquilaguna.com\/index.php\/wp-json\/wp\/v2\/comments?post=27465"}],"version-history":[{"count":1,"href":"https:\/\/www.aquilaguna.com\/index.php\/wp-json\/wp\/v2\/posts\/27465\/revisions"}],"predecessor-version":[{"id":27467,"href":"https:\/\/www.aquilaguna.com\/index.php\/wp-json\/wp\/v2\/posts\/27465\/revisions\/27467"}],"wp:featuredmedia":[{"embeddable":true,"href":"https:\/\/www.aquilaguna.com\/index.php\/wp-json\/wp\/v2\/media\/27466"}],"wp:attachment":[{"href":"https:\/\/www.aquilaguna.com\/index.php\/wp-json\/wp\/v2\/media?parent=27465"}],"wp:term":[{"taxonomy":"category","embeddable":true,"href":"https:\/\/www.aquilaguna.com\/index.php\/wp-json\/wp\/v2\/categories?post=27465"},{"taxonomy":"post_tag","embeddable":true,"href":"https:\/\/www.aquilaguna.com\/index.php\/wp-json\/wp\/v2\/tags?post=27465"}],"curies":[{"name":"wp","href":"https:\/\/api.w.org\/{rel}","templated":true}]}}