{"id":27473,"date":"2025-07-31T21:14:56","date_gmt":"2025-08-01T03:14:56","guid":{"rendered":"https:\/\/www.aquilaguna.com\/?p=27473"},"modified":"2025-07-31T21:14:56","modified_gmt":"2025-08-01T03:14:56","slug":"reanudan-protesta-habitantes-de-colonia-villa-florida","status":"publish","type":"post","link":"https:\/\/www.aquilaguna.com\/index.php\/2025\/07\/31\/reanudan-protesta-habitantes-de-colonia-villa-florida\/","title":{"rendered":"Reanudan protesta habitantes de Colonia Villa Florida."},"content":{"rendered":"\n<p>Torre\u00f3n, Coahuila.- Contin\u00faa la oposici\u00f3n de un grupo de vecinos de la Colonia Villa Florida, que\u00a0 se dicen afectados\u00a0en su patrimonio\u00a0inmobiliario y condici\u00f3n de vida,\u00a0pues el trazo de la obra del Par Vial Villa Florida, para ampliar carriles de flujo vehicular de la carretera Torre\u00f3n-San Pedro no tiene, de su parte, el consenso suficiente, ni se\u00a0han realizado estudios de su\u00a0 impacto, no solo ambiental sino el de los valores de las propiedades y tras determinarse\u00a0que el municipio no est\u00e1 en condiciones de adquirir\u00a0algunas viviendas ubicadas en tal trazo, pues\u00a0solo se ha asignado\u00a023 millones\u00a0de pesos para la obra total.<\/p>\n\n\n\n<p>La protesta que\u00a0se ha presentado de forma intermitente, encabezada en\u00a0principio por el l\u00edder social Abundio Ram\u00edrez -que no estuvo presente-\u00a0 hab\u00eda registrado ya una suspensi\u00f3n de la obra citada, que\u00a0 resulta casi definitiva, una vez que ante la oposici\u00f3n mostrada y\u00a0una supuesta pretendida extorsi\u00f3n a la autoridad, el alcalde\u00a0 Rom\u00e1n Alberto Cepeda decidi\u00f3 suspenderla de manera\u00a0definitiva.<\/p>\n\n\n\n<p>Esta decisi\u00f3n gener\u00f3 la inmediata protesta de la empresa ganadora de la licitaci\u00f3n\u00a0correspondiente y que ya hab\u00eda iniciado los trabajos correspondiente, acci\u00f3n apoyada luego por\u00a0los\u00a0miembros y dirigentes de la C\u00e1mara\u00a0 Mexicana\u00a0de la Industria de\u00a0la Construcci\u00f3n, que gener\u00f3 la reconsideraci\u00f3n del edil, que\u00a0decidi\u00f3 \u00a0 reanudar la obra el primero de julio del presente a\u00f1o.<\/p>\n\n\n\n<p><strong>LA PROTESTA.\u00a0<\/strong><\/p>\n\n\n\n<p>El grupo de vecinos, no m\u00e1s de una veintena, se apostaron esta ma\u00f1ana, portando pancartas con leyendas alusivas a su\u00a0queja, frente\u00a0a los trabajadores y maquinaria que reinici\u00f3 los trabajos de ampliaci\u00f3n citada, acci\u00f3n que no pudo impedir los trabajos\u00a0mencionados, consistentes en el trazo y excavaci\u00f3n de la zanja\u00a0para colocar\u00a0las zapatas,\u00a0los\u00a0refuerzos met\u00e1licos pues\u00a0de\u00a0una presunta pared divisoria de los carriles principales del tramo carretero a la altura\u00a0 del Puente y la calle Rodolfo Gonz\u00e1lez Trevi\u00f1o.\u00a0\u00a0<\/p>\n\n\n\n<p>Los argumentos que hoy presentaron los quejosos,\u00a0se refieren a que &#8220;el di\u00e1logo&#8221; con la autoridad est\u00e1 roto, adem\u00e1s de que no se han hecho los estudios sobre impactos ambiental, en especial los relativos al ruido que general el tr\u00e1fico\u00a0vehicular intenso\u00a0que en tal punto se registra, am\u00e9n de que tampoco se concret\u00f3 de modo alguno la presunta adquisici\u00f3n por parte del ayuntamiento de algunas viviendas muy cercanas al trazo de la obra, como dicen se les hab\u00eda venido prometiendo por parte de la autoridad.\u00a0\u00a0<\/p>\n\n\n\n<p><strong>CORDURA.<\/strong><\/p>\n\n\n\n<p>Cordura, es la que pide el Secretario del Ayuntamiento, Jos\u00e9\u00a0Ganem\u00a0Guerrero, luego de registrarse la protesta anterior, y\u00a0 para\u00a0 enfrentar\u00a0tambi\u00e9n los argumentos de que el grupo de quejosos no ha sido atendido por la autoridad, pues afirma ya haber sostenido cuatro reuniones con los mismos para analizar el tema, pero tambi\u00e9n sostuvo, que\u00a0 el Ayuntamiento de Torre\u00f3n del que forma parte, no cuenta con recursos adicionales a los 23 millones de pesos que es el costo estimado de la obra del Par Vial Villa Florida,\u00a0que pudieran\u00a0ser destinados a la adquisici\u00f3n de\u00a0algunas viviendas afectadas, presuntamente por el trazo original de la obra\u00a0citada.<\/p>\n\n\n\n<p>De paso, se\u00f1al\u00f3\u00a0al l\u00edder Abundio Ram\u00edrez, de\u00a0una intentona de extorsi\u00f3n a la autoridad a cambio de extinguir la resistencia vecinal, versi\u00f3n que por segunda ocasi\u00f3n se emite\u00a0en boca de un funcionario municipal,\u00a0haci\u00e9ndolo responsable del curso que mantiene la protesta vecinal citada.<\/p>\n\n\n\n<p>Mencion\u00f3 las bondades de la obra en cuesti\u00f3n, afirmando que dar\u00e1\u00a0el espacio necesario para el flujo al tr\u00e1nsito de personas y veh\u00edculos\u00a0procedentes hacia Torre\u00f3n no solo de las colonias del norte de la ciudad, sino de los laguneros que procedentes de Francisco I. Madero y San Pedro, hacen uso de tal v\u00eda de acceso a la ciudad, estimado que la poblaci\u00f3n beneficiada con la\u00a0obra, alcanzar\u00eda alrededor de 40 mil\u00a0 personas.<\/p>\n\n\n\n<p>Conmino luego &#8220;a la cordura&#8221; al grupo manifestante reiterando\u00a0su\u00a0voluntad de\u00a0atender las demandas a trav\u00e9s de di\u00e1logos, pues afirm\u00f3 haber\u00a0sostenido ya cuatro de estos encuentros con los vecinos manifestantes.<\/p>\n","protected":false},"excerpt":{"rendered":"<p>Torre\u00f3n, Coahuila.- Contin\u00faa la oposici\u00f3n de un grupo de vecinos de la Colonia Villa Florida, que\u00a0 se dicen afectados\u00a0en su patrimonio\u00a0inmobiliario y condici\u00f3n de vida,\u00a0pues el trazo de la obra del Par Vial Villa Florida, para ampliar carriles de flujo vehicular de la carretera Torre\u00f3n-San Pedro no tiene, de su parte, el consenso suficiente, ni se\u00a0han realizado estudios de su\u00a0 impacto, no solo ambiental sino el de los valores de&#8230;<\/p>\n","protected":false},"author":2,"featured_media":0,"comment_status":"closed","ping_status":"","sticky":false,"template":"","format":"standard","meta":{"footnotes":""},"categories":[5,28,7],"tags":[],"class_list":["post-27473","post","type-post","status-publish","format-standard","hentry","category-coahuila","category-la-laguna","category-torreon","wpcat-5-id","wpcat-28-id","wpcat-7-id"],"_links":{"self":[{"href":"https:\/\/www.aquilaguna.com\/index.php\/wp-json\/wp\/v2\/posts\/27473","targetHints":{"allow":["GET"]}}],"collection":[{"href":"https:\/\/www.aquilaguna.com\/index.php\/wp-json\/wp\/v2\/posts"}],"about":[{"href":"https:\/\/www.aquilaguna.com\/index.php\/wp-json\/wp\/v2\/types\/post"}],"author":[{"embeddable":true,"href":"https:\/\/www.aquilaguna.com\/index.php\/wp-json\/wp\/v2\/users\/2"}],"replies":[{"embeddable":true,"href":"https:\/\/www.aquilaguna.com\/index.php\/wp-json\/wp\/v2\/comments?post=27473"}],"version-history":[{"count":1,"href":"https:\/\/www.aquilaguna.com\/index.php\/wp-json\/wp\/v2\/posts\/27473\/revisions"}],"predecessor-version":[{"id":27474,"href":"https:\/\/www.aquilaguna.com\/index.php\/wp-json\/wp\/v2\/posts\/27473\/revisions\/27474"}],"wp:attachment":[{"href":"https:\/\/www.aquilaguna.com\/index.php\/wp-json\/wp\/v2\/media?parent=27473"}],"wp:term":[{"taxonomy":"category","embeddable":true,"href":"https:\/\/www.aquilaguna.com\/index.php\/wp-json\/wp\/v2\/categories?post=27473"},{"taxonomy":"post_tag","embeddable":true,"href":"https:\/\/www.aquilaguna.com\/index.php\/wp-json\/wp\/v2\/tags?post=27473"}],"curies":[{"name":"wp","href":"https:\/\/api.w.org\/{rel}","templated":true}]}}