{"id":27477,"date":"2025-07-31T21:05:32","date_gmt":"2025-08-01T03:05:32","guid":{"rendered":"https:\/\/www.aquilaguna.com\/?p=27477"},"modified":"2025-07-31T21:22:14","modified_gmt":"2025-08-01T03:22:14","slug":"cierra-manolo-el-mes-de-julio-con-grandes-obras-y-proyectos-para-todas-las-regiones-de-coahuila","status":"publish","type":"post","link":"https:\/\/www.aquilaguna.com\/index.php\/2025\/07\/31\/cierra-manolo-el-mes-de-julio-con-grandes-obras-y-proyectos-para-todas-las-regiones-de-coahuila\/","title":{"rendered":"CIERRA MANOLO EL MES DE JULIO CON GRANDES OBRAS Y PROYECTOS PARA TODAS LAS REGIONES DE COAHUILA."},"content":{"rendered":"\n<p>Saltillo, Coahuila de Zaragoza; a 31 de julio de 2025. Con una intensa agenda de trabajo en todas las regiones del estado, el gobernador Manolo Jim\u00e9nez Salinas cerr\u00f3 el mes de julio consolidando importantes avances en obras de infraestructura, proyectos estrat\u00e9gicos de inversi\u00f3n y fortalecimiento de la seguridad y el desarrollo econ\u00f3mico.<\/p>\n\n\n\n<p>&#8220;\u00a1Seguimos trabajando juntos para bien de Coahuila! Vamos con todo pa&#8217; delante a pasos de gigante&#8221;, se\u00f1al\u00f3.<\/p>\n\n\n\n<p>El mandatario present\u00f3 un resumen de las acciones m\u00e1s relevantes que marcaron el rumbo del mes en cada zona del estado, reafirmando el compromiso de su gobierno con el desarrollo parejo, la cercan\u00eda con la gente y los resultados tangibles.<\/p>\n\n\n\n<p>\u201cEstamos trabajando con todo para que a Coahuila le vaya bien, que nuestras regiones sigan creciendo, que las familias vivan mejor, y que los grandes proyectos lleguen a cada rinc\u00f3n del estado\u201d, se\u00f1al\u00f3 Manolo Jim\u00e9nez.<\/p>\n\n\n\n<p>Durante julio, el gobernador encabez\u00f3 supervisiones, arranques e inauguraciones de obras en todas las regiones, entre las que destacan:<\/p>\n\n\n\n<p>Se dio inicio al Programa Impulsores de la paz desde Arteaga, estrategia para formar lideres positivos que promuevan los valores, el respeto y la convivencia; tambi\u00e9n se dio inicio a un ambicioso Programa de Sem\u00e1foros y recarpeteo.<\/p>\n\n\n\n<p>\u201cLlevamos obras sociales a pasos de gigantes, a la Regi\u00f3n de los Cinco Manantiales y al Pueblo M\u00e1gico de Cuatro Ci\u00e9negas, con acciones que mejoran la calidad de vida de las familias\u201d, coment\u00f3.<\/p>\n\n\n\n<p>Tambi\u00e9n se Inaugur\u00f3 la Escuela Nacional de Liderazgo Laboral en Saltillo, \u00fanica en su tipo en el pa\u00eds.<\/p>\n\n\n\n<p>Coahuila fue&nbsp;&nbsp;sede de la IV sesi\u00f3n del Cosnejo Directivo del Colegio Nacional del Notariado Mexicano.<\/p>\n\n\n\n<p>Se supervis\u00f3 los avances de la construcci\u00f3n de la ampliaci\u00f3n de la Carretera Derramadero-Saltillo.<\/p>\n\n\n\n<p>Y en Torre\u00f3n se entreg\u00f3 la rehabilitaci\u00f3n y construcci\u00f3n de diversas instalaciones de la 11va regi\u00f3n militar.<\/p>\n\n\n\n<p>Tambi\u00e9n el mandatario estatal visit\u00f3 la empresa Milwaukee Tool, que contin\u00faa generando empleos de calidad.<\/p>\n\n\n\n<p>Se particip\u00f3 en la tradicional cabalgata de San Buenaventura, celebrando nuestras ra\u00edces y tradiciones.<\/p>\n\n\n\n<p>Se relanz\u00f3 la Ruta Vinos y Dinos para impulsar el turismo y proyectar la grandeza de Coahuila y se present\u00f3 el libro Historia del Poder Judicial de Coahuila, reconociendo nuestra institucionalidad.<\/p>\n\n\n\n<p>Se reconoci\u00f3 a los elementos que participaron en las labores de rescate en Texas. Y a su vez particip\u00f3 en la celebraci\u00f3n del 448 aniversario de Saltillo.<\/p>\n\n\n\n<p>\u201cJulio fue un gran mes para Coahuila. Seguimos avanzando con paso firme. Aqu\u00ed hay visi\u00f3n, hay trabajo en equipo y hay resultados. Vamos por m\u00e1s con hechos y no palabras\u201d, concluy\u00f3 el Gobernador.<\/p>\n","protected":false},"excerpt":{"rendered":"<p>Saltillo, Coahuila de Zaragoza; a 31 de julio de 2025. Con una intensa agenda de trabajo en todas las regiones del estado, el gobernador Manolo Jim\u00e9nez Salinas cerr\u00f3 el mes de julio consolidando importantes avances en obras de infraestructura, proyectos estrat\u00e9gicos de inversi\u00f3n y fortalecimiento de la seguridad y el desarrollo econ\u00f3mico. &#8220;\u00a1Seguimos trabajando juntos para bien de Coahuila! Vamos con todo pa&#8217; delante a pasos de gigante&#8221;, se\u00f1al\u00f3. El&#8230;<\/p>\n","protected":false},"author":1,"featured_media":27478,"comment_status":"closed","ping_status":"closed","sticky":false,"template":"","format":"standard","meta":{"footnotes":""},"categories":[5,15,75],"tags":[],"class_list":["post-27477","post","type-post","status-publish","format-standard","has-post-thumbnail","hentry","category-coahuila","category-gobierno-de-coahuila","category-obra","wpcat-5-id","wpcat-15-id","wpcat-75-id"],"_links":{"self":[{"href":"https:\/\/www.aquilaguna.com\/index.php\/wp-json\/wp\/v2\/posts\/27477","targetHints":{"allow":["GET"]}}],"collection":[{"href":"https:\/\/www.aquilaguna.com\/index.php\/wp-json\/wp\/v2\/posts"}],"about":[{"href":"https:\/\/www.aquilaguna.com\/index.php\/wp-json\/wp\/v2\/types\/post"}],"author":[{"embeddable":true,"href":"https:\/\/www.aquilaguna.com\/index.php\/wp-json\/wp\/v2\/users\/1"}],"replies":[{"embeddable":true,"href":"https:\/\/www.aquilaguna.com\/index.php\/wp-json\/wp\/v2\/comments?post=27477"}],"version-history":[{"count":1,"href":"https:\/\/www.aquilaguna.com\/index.php\/wp-json\/wp\/v2\/posts\/27477\/revisions"}],"predecessor-version":[{"id":27479,"href":"https:\/\/www.aquilaguna.com\/index.php\/wp-json\/wp\/v2\/posts\/27477\/revisions\/27479"}],"wp:featuredmedia":[{"embeddable":true,"href":"https:\/\/www.aquilaguna.com\/index.php\/wp-json\/wp\/v2\/media\/27478"}],"wp:attachment":[{"href":"https:\/\/www.aquilaguna.com\/index.php\/wp-json\/wp\/v2\/media?parent=27477"}],"wp:term":[{"taxonomy":"category","embeddable":true,"href":"https:\/\/www.aquilaguna.com\/index.php\/wp-json\/wp\/v2\/categories?post=27477"},{"taxonomy":"post_tag","embeddable":true,"href":"https:\/\/www.aquilaguna.com\/index.php\/wp-json\/wp\/v2\/tags?post=27477"}],"curies":[{"name":"wp","href":"https:\/\/api.w.org\/{rel}","templated":true}]}}