{"id":27483,"date":"2025-08-01T21:04:13","date_gmt":"2025-08-02T03:04:13","guid":{"rendered":"https:\/\/www.aquilaguna.com\/?p=27483"},"modified":"2025-08-01T21:04:13","modified_gmt":"2025-08-02T03:04:13","slug":"jornadas-por-la-paz-en-la-region-laguna-de-durango-fortalecen-la-proximidad-social","status":"publish","type":"post","link":"https:\/\/www.aquilaguna.com\/index.php\/2025\/08\/01\/jornadas-por-la-paz-en-la-region-laguna-de-durango-fortalecen-la-proximidad-social\/","title":{"rendered":"Jornadas por la Paz en la Regi\u00f3n Laguna de Durango fortalecen la proximidad social."},"content":{"rendered":"\n<p>\u2022 Autoridades de los tres niveles de gobierno trabajan en pro de la proximidad social en La Laguna<\/p>\n\n\n\n<p>Comarca Lagunera.- Este viernes, la Mesa para la Construcci\u00f3n de Paz y de Seguridad de la Regi\u00f3n Laguna, de la que forma parte el gobierno del Estado, a trav\u00e9s de la Secretar\u00eda de Seguridad y la Fiscal\u00eda General del Estado de Durango, llev\u00f3 a cabo una nueva Jornada por la Paz en la Biblioteca Francisco Zarco de G\u00f3mez Palacio, donde ni\u00f1as y ni\u00f1os que est\u00e1n en su&nbsp; curso de verano participaron en actividades informativas y de prevenci\u00f3n con diversas autoridades.<\/p>\n\n\n\n<p>Luis Alfredo Estala Soto, coordinador de la Mesa, explic\u00f3 que, el prop\u00f3sito de estas jornadas es reforzar el v\u00ednculo entre instituciones y ciudadan\u00eda, promoviendo la cultura de la denuncia y el conocimiento de los servicios de emergencia. \u201cA trav\u00e9s de estas acciones, damos a conocer c\u00f3mo funciona el 911, c\u00f3mo pedir auxilio o presentar una denuncia. Es fundamental que cada delito sea atendido conforme a la ley\u201d, afirm\u00f3.<\/p>\n\n\n\n<p>Actividades como esta son posibles gracias a la coordinaci\u00f3n entre el Gobierno del Estado, encabezado por Esteban Villegas Villarreal, y las distintas dependencias de seguridad de los tres niveles: federal, estatal y municipal y generan entornos m\u00e1s seguros, cercanos a la poblaci\u00f3n con una visi\u00f3n social de la prevenci\u00f3n.<\/p>\n\n\n\n<p>Durante la jornada se ofrecieron pl\u00e1ticas por parte de elementos de la Secretar\u00eda de la Defensa Nacional, Guardia Nacional y del sistema de emergencias 911, representado por Ana Isabel Villegas, responsable del Programa Esmeralda en La Laguna. Adem\u00e1s, personal del sector salud se sum\u00f3 con una charla sobre salud bucal infantil y la entrega de kits para el cuidado dental.<\/p>\n\n\n\n<p>Estas actividades que son permanentes y se han replicado en escuelas, colonias y comit\u00e9s vecinales con una respuesta positiva. \u201cLa ciudadan\u00eda valora este acercamiento, se siente m\u00e1s acompa\u00f1ada, y eso mejora la percepci\u00f3n de seguridad en cada comunidad\u201d, agreg\u00f3 Estala Soto.<\/p>\n\n\n\n<p>Invit\u00f3 a los peque\u00f1os asistentes a qu\u00e9 hagan uso del sistema 911 con responsabilidad y que siempre tengan presente que es un n\u00famero que debe utilizarse \u00fanicamente para emergencias.<\/p>\n\n\n\n<p>El coordinador agradeci\u00f3 el respaldo institucional del gobierno del Estado, \u201cReconocemos a todas las autoridades que participan activamente. La seguridad se construye en conjunto, y hoy m\u00e1s que nunca, es fundamental que las instituciones est\u00e9n cerca de la gente, informando y poni\u00e9ndose a su servicio\u201d.<\/p>\n","protected":false},"excerpt":{"rendered":"<p>\u2022 Autoridades de los tres niveles de gobierno trabajan en pro de la proximidad social en La Laguna Comarca Lagunera.- Este viernes, la Mesa para la Construcci\u00f3n de Paz y de Seguridad de la Regi\u00f3n Laguna, de la que forma parte el gobierno del Estado, a trav\u00e9s de la Secretar\u00eda de Seguridad y la Fiscal\u00eda General del Estado de Durango, llev\u00f3 a cabo una nueva Jornada por la Paz en&#8230;<\/p>\n","protected":false},"author":1,"featured_media":27484,"comment_status":"closed","ping_status":"","sticky":false,"template":"","format":"standard","meta":{"footnotes":""},"categories":[40,64,63,28,24],"tags":[],"class_list":["post-27483","post","type-post","status-publish","format-standard","has-post-thumbnail","hentry","category-durango","category-gobierno-de-durango","category-gomez-palacio","category-la-laguna","category-seguridad","wpcat-40-id","wpcat-64-id","wpcat-63-id","wpcat-28-id","wpcat-24-id"],"_links":{"self":[{"href":"https:\/\/www.aquilaguna.com\/index.php\/wp-json\/wp\/v2\/posts\/27483","targetHints":{"allow":["GET"]}}],"collection":[{"href":"https:\/\/www.aquilaguna.com\/index.php\/wp-json\/wp\/v2\/posts"}],"about":[{"href":"https:\/\/www.aquilaguna.com\/index.php\/wp-json\/wp\/v2\/types\/post"}],"author":[{"embeddable":true,"href":"https:\/\/www.aquilaguna.com\/index.php\/wp-json\/wp\/v2\/users\/1"}],"replies":[{"embeddable":true,"href":"https:\/\/www.aquilaguna.com\/index.php\/wp-json\/wp\/v2\/comments?post=27483"}],"version-history":[{"count":1,"href":"https:\/\/www.aquilaguna.com\/index.php\/wp-json\/wp\/v2\/posts\/27483\/revisions"}],"predecessor-version":[{"id":27485,"href":"https:\/\/www.aquilaguna.com\/index.php\/wp-json\/wp\/v2\/posts\/27483\/revisions\/27485"}],"wp:featuredmedia":[{"embeddable":true,"href":"https:\/\/www.aquilaguna.com\/index.php\/wp-json\/wp\/v2\/media\/27484"}],"wp:attachment":[{"href":"https:\/\/www.aquilaguna.com\/index.php\/wp-json\/wp\/v2\/media?parent=27483"}],"wp:term":[{"taxonomy":"category","embeddable":true,"href":"https:\/\/www.aquilaguna.com\/index.php\/wp-json\/wp\/v2\/categories?post=27483"},{"taxonomy":"post_tag","embeddable":true,"href":"https:\/\/www.aquilaguna.com\/index.php\/wp-json\/wp\/v2\/tags?post=27483"}],"curies":[{"name":"wp","href":"https:\/\/api.w.org\/{rel}","templated":true}]}}