{"id":27486,"date":"2025-08-01T21:06:11","date_gmt":"2025-08-02T03:06:11","guid":{"rendered":"https:\/\/www.aquilaguna.com\/?p=27486"},"modified":"2025-08-01T21:06:11","modified_gmt":"2025-08-02T03:06:11","slug":"a-traves-del-programa-100-plazas-de-0-a-100-transforman-espacio-publico-en-villa-florida","status":"publish","type":"post","link":"https:\/\/www.aquilaguna.com\/index.php\/2025\/08\/01\/a-traves-del-programa-100-plazas-de-0-a-100-transforman-espacio-publico-en-villa-florida\/","title":{"rendered":"A trav\u00e9s del programa 100 plazas de 0 a 100, transforman espacio p\u00fablico en Villa Florida."},"content":{"rendered":"\n<p>Torre\u00f3n, Coahuila. A 1 de agosto de 2025.<\/p>\n\n\n\n<p>Los vecinos de la colonia Villa Florida ahora cuentan con una plaza rehabilita y<br>moderna, en donde adem\u00e1s de acciones integrales de mantenimiento, se<br>plantaron \u00e1rboles, se instalaron juegos infantiles y ejercitadores, transformando<br>esta \u00e1rea en un lugar ideal para la convivencia familiar y la pr\u00e1ctica del deporte.<\/p>\n\n\n\n<p>La Administraci\u00f3n Municipal, a trav\u00e9s de la Direcci\u00f3n General de Servicios<br>P\u00fablicos, y la Direcci\u00f3n General de Medio Ambiente, llevaron a cabo la<br>rehabilitaci\u00f3n de la plaza ubicada en la colonia Villa Florida, dentro el programa<br>\u201c100 Plazas de 0 a 100\u201d.<\/p>\n\n\n\n<p>En el sector se realizaron labores de mantenimiento, reforzamiento de alumbrado,<br>reforestaci\u00f3n, cuidado de \u00e1reas verdes y equipamiento, y ahora este espacio es<br>un punto de encuentro m\u00e1s seguro, moderno y agradable para las familias.<\/p>\n\n\n\n<p>Fernando Villarreal Cu\u00e9llar, director de Servicios P\u00fablicos, indic\u00f3 que la<br>rehabilitaci\u00f3n incluye diversas acciones clave como la jornada de reforestaci\u00f3n,<br>donde se plantaron m\u00e1s de 200 \u00e1rboles y plantas de ornato nativos como:<br>mezquites, fresnos, l\u00e1grimas de San Pedro, rosa laurel y bugambilias,<br>embelleciendo y enriqueciendo la flora local.<\/p>\n\n\n\n<p>Adem\u00e1s, se instalaron m\u00e1s de 700 metros del sistema de riego por goteo y<br>aplicaron acolchado con triturado, procurando el cuidado de las \u00e1reas verdes de<br>manera sostenible.<\/p>\n\n\n\n<p>En el espacio, se llev\u00f3 a cabo tambi\u00e9n una jornada de limpieza profunda en la<br>plaza y calles aleda\u00f1as, acompa\u00f1ada de labores de jardiner\u00eda, incluyendo poda y<br>el retiro de exceso vegetal en las \u00e1reas verdes.<\/p>\n\n\n\n<p>Se realiz\u00f3 el equipamiento con la instalaci\u00f3n de un multi juego, ejercitadores,<br>bancas, la reparaci\u00f3n y pintura en los juegos y mesas de picnic ya existentes, y se<br>implement\u00f3 el programa anti grafiti para mejorar la imagen del lugar.<\/p>\n\n\n\n<p>Villarreal Cu\u00e9llar destac\u00f3 que para la seguridad y funcionalidad de la plaza, se<br>instalaron cuatro arbotantes con ocho luminarias y tres reflectores, optimizando la<br>calidad lum\u00ednica del espacio.<\/p>\n\n\n\n<p>Destac\u00f3 tambi\u00e9n que gracias a estas acciones implementadas por la<br>Administraci\u00f3n Municipal del alcalde Rom\u00e1n Alberto Cepeda Gonz\u00e1lez, la plaza de<br>la colonia Villa Florida es hoy un lugar m\u00e1s seguro, funcional y digno.<\/p>\n\n\n\n<p>Asimismo, invit\u00f3 a la ciudadan\u00eda a convivir, activarse y disfrutar en un entorno<br>renovado. El programa \u201c100 plazas de 0 a 100\u201d es un claro ejemplo de c\u00f3mo la<br>uni\u00f3n entre la comunidad y el Gobierno puede generar resultados tangibles y de<br>gran impacto para el bienestar colectivo.<\/p>\n","protected":false},"excerpt":{"rendered":"<p>Torre\u00f3n, Coahuila. A 1 de agosto de 2025. Los vecinos de la colonia Villa Florida ahora cuentan con una plaza rehabilita ymoderna, en donde adem\u00e1s de acciones integrales de mantenimiento, seplantaron \u00e1rboles, se instalaron juegos infantiles y ejercitadores, transformandoesta \u00e1rea en un lugar ideal para la convivencia familiar y la pr\u00e1ctica del deporte. La Administraci\u00f3n Municipal, a trav\u00e9s de la Direcci\u00f3n General de ServiciosP\u00fablicos, y la Direcci\u00f3n General de Medio&#8230;<\/p>\n","protected":false},"author":1,"featured_media":27487,"comment_status":"closed","ping_status":"","sticky":false,"template":"","format":"standard","meta":{"footnotes":""},"categories":[5,28,7],"tags":[],"class_list":["post-27486","post","type-post","status-publish","format-standard","has-post-thumbnail","hentry","category-coahuila","category-la-laguna","category-torreon","wpcat-5-id","wpcat-28-id","wpcat-7-id"],"_links":{"self":[{"href":"https:\/\/www.aquilaguna.com\/index.php\/wp-json\/wp\/v2\/posts\/27486","targetHints":{"allow":["GET"]}}],"collection":[{"href":"https:\/\/www.aquilaguna.com\/index.php\/wp-json\/wp\/v2\/posts"}],"about":[{"href":"https:\/\/www.aquilaguna.com\/index.php\/wp-json\/wp\/v2\/types\/post"}],"author":[{"embeddable":true,"href":"https:\/\/www.aquilaguna.com\/index.php\/wp-json\/wp\/v2\/users\/1"}],"replies":[{"embeddable":true,"href":"https:\/\/www.aquilaguna.com\/index.php\/wp-json\/wp\/v2\/comments?post=27486"}],"version-history":[{"count":1,"href":"https:\/\/www.aquilaguna.com\/index.php\/wp-json\/wp\/v2\/posts\/27486\/revisions"}],"predecessor-version":[{"id":27488,"href":"https:\/\/www.aquilaguna.com\/index.php\/wp-json\/wp\/v2\/posts\/27486\/revisions\/27488"}],"wp:featuredmedia":[{"embeddable":true,"href":"https:\/\/www.aquilaguna.com\/index.php\/wp-json\/wp\/v2\/media\/27487"}],"wp:attachment":[{"href":"https:\/\/www.aquilaguna.com\/index.php\/wp-json\/wp\/v2\/media?parent=27486"}],"wp:term":[{"taxonomy":"category","embeddable":true,"href":"https:\/\/www.aquilaguna.com\/index.php\/wp-json\/wp\/v2\/categories?post=27486"},{"taxonomy":"post_tag","embeddable":true,"href":"https:\/\/www.aquilaguna.com\/index.php\/wp-json\/wp\/v2\/tags?post=27486"}],"curies":[{"name":"wp","href":"https:\/\/api.w.org\/{rel}","templated":true}]}}