{"id":2752,"date":"2021-06-11T16:48:50","date_gmt":"2021-06-11T21:48:50","guid":{"rendered":"https:\/\/www.aquilaguna.com\/?p=2752"},"modified":"2021-06-11T16:48:50","modified_gmt":"2021-06-11T21:48:50","slug":"gobierno-del-estado-de-coahuila-informa-6","status":"publish","type":"post","link":"https:\/\/www.aquilaguna.com\/index.php\/2021\/06\/11\/gobierno-del-estado-de-coahuila-informa-6\/","title":{"rendered":"Gobierno del Estado de Coahuila informa:"},"content":{"rendered":"\n<p>Melchor M\u00fazquiz, Coahuila de Zaragoza; a 10 de Junio de 2021.- Esta noche se localiz\u00f3 el cuerpo del s\u00e9ptimo minero. Con la recuperaci\u00f3n del cuerpo de Juan Carlos \u201cN\u201d concluyeron las labores ininterrumpidas de rescate de los 7 mineros atrapados en la mina Micar\u00e1n, ubicada en la poblaci\u00f3n de Rancher\u00edas.<\/p>\n\n\n\n<p>Desde el viernes anterior en que se registr\u00f3 el accidente, personal especializado de Coahuila y Nuevo Le\u00f3n trabaj\u00f3 en las acciones para el desag\u00fce del complejo y lograr que los cuerpos de rescate \u2014integrados por mineros de empresas de la Regi\u00f3n Carbon\u00edfera\u2014 ingresaran al \u00e1rea donde se localizaban los trabajadores.<\/p>\n\n\n\n<p>El Gobierno del Estado de Coahuila, a trav\u00e9s de las secretar\u00edas de Gobierno y del Trabajo, as\u00ed como la Fiscal\u00eda General del Estado junto a autoridades de la Secretar\u00eda de la Defensa Nacional, del Trabajo y la Coordinaci\u00f3n Nacional de Protecci\u00f3n Civil, refrendaron su solidaridad con las familias de los mineros fallecidos, a quienes brindaron acompa\u00f1amiento y respaldo en todo momento.<\/p>\n","protected":false},"excerpt":{"rendered":"<p>Melchor M\u00fazquiz, Coahuila de Zaragoza; a 10 de Junio de 2021.- Esta noche se localiz\u00f3 el cuerpo del s\u00e9ptimo minero. Con la recuperaci\u00f3n del cuerpo de Juan Carlos \u201cN\u201d concluyeron las labores ininterrumpidas de rescate de los 7 mineros atrapados en la mina Micar\u00e1n, ubicada en la poblaci\u00f3n de Rancher\u00edas. Desde el viernes anterior en que se registr\u00f3 el accidente, personal especializado de Coahuila y Nuevo Le\u00f3n trabaj\u00f3 en las&#8230;<\/p>\n","protected":false},"author":1,"featured_media":0,"comment_status":"closed","ping_status":"closed","sticky":false,"template":"","format":"standard","meta":{"footnotes":""},"categories":[5,15,24],"tags":[],"class_list":["post-2752","post","type-post","status-publish","format-standard","hentry","category-coahuila","category-gobierno-de-coahuila","category-seguridad","wpcat-5-id","wpcat-15-id","wpcat-24-id"],"_links":{"self":[{"href":"https:\/\/www.aquilaguna.com\/index.php\/wp-json\/wp\/v2\/posts\/2752","targetHints":{"allow":["GET"]}}],"collection":[{"href":"https:\/\/www.aquilaguna.com\/index.php\/wp-json\/wp\/v2\/posts"}],"about":[{"href":"https:\/\/www.aquilaguna.com\/index.php\/wp-json\/wp\/v2\/types\/post"}],"author":[{"embeddable":true,"href":"https:\/\/www.aquilaguna.com\/index.php\/wp-json\/wp\/v2\/users\/1"}],"replies":[{"embeddable":true,"href":"https:\/\/www.aquilaguna.com\/index.php\/wp-json\/wp\/v2\/comments?post=2752"}],"version-history":[{"count":1,"href":"https:\/\/www.aquilaguna.com\/index.php\/wp-json\/wp\/v2\/posts\/2752\/revisions"}],"predecessor-version":[{"id":2753,"href":"https:\/\/www.aquilaguna.com\/index.php\/wp-json\/wp\/v2\/posts\/2752\/revisions\/2753"}],"wp:attachment":[{"href":"https:\/\/www.aquilaguna.com\/index.php\/wp-json\/wp\/v2\/media?parent=2752"}],"wp:term":[{"taxonomy":"category","embeddable":true,"href":"https:\/\/www.aquilaguna.com\/index.php\/wp-json\/wp\/v2\/categories?post=2752"},{"taxonomy":"post_tag","embeddable":true,"href":"https:\/\/www.aquilaguna.com\/index.php\/wp-json\/wp\/v2\/tags?post=2752"}],"curies":[{"name":"wp","href":"https:\/\/api.w.org\/{rel}","templated":true}]}}