{"id":2811,"date":"2021-06-16T19:38:40","date_gmt":"2021-06-17T00:38:40","guid":{"rendered":"https:\/\/www.aquilaguna.com\/?p=2811"},"modified":"2021-06-16T19:38:40","modified_gmt":"2021-06-17T00:38:40","slug":"realizaran-homenaje-al-poeta-ramon-lopez-velarde-en-la-uadec-en-jueves-de-cultural-en-el-recinto","status":"publish","type":"post","link":"https:\/\/www.aquilaguna.com\/index.php\/2021\/06\/16\/realizaran-homenaje-al-poeta-ramon-lopez-velarde-en-la-uadec-en-jueves-de-cultural-en-el-recinto\/","title":{"rendered":"Realizar\u00e1n Homenaje al Poeta Ram\u00f3n L\u00f3pez Velarde en la UAdeC en \u201cJueves de Cultural en el Recinto\u201d."},"content":{"rendered":"\n<p>SALTILLO, Coahuila. 16 de junio de 2021.-La Coordinaci\u00f3n General de Difusi\u00f3n y<br>Patrimonio Cultural de la Universidad Aut\u00f3noma de Coahuila realizar\u00e1 un<br>homenaje al poeta Ram\u00f3n L\u00f3pez Velarde a 100 a\u00f1os de su centenario luctuoso,<br>este jueves 17 de junio a las 19:00 horas, en el Recinto del Patrimonio Cultural<br>Universitario, ubicado en la calle Miguel Hidalgo, n\u00famero 211 en el Centro<br>Hist\u00f3rico de Saltillo.<\/p>\n\n\n\n<p>El acceso al evento es gratuito y el uso de cubrebocas es obligatorio para todos<br>los asistentes; para recordar la vida y obra del l\u00edrico se presentar\u00e1 el poema<br>&#8220;Desde la bizarra capital de mi Estado&#8221; y la lectura de poes\u00eda del libro \u201cVeladora\u201d<br>de Christian Pe\u00f1a con la participaci\u00f3n de V\u00edctor Palomo, Cynthia Rodr\u00edguez Leija,<br>Eugenia Flores Soria, Ivonne G. Ledezma y Claudia Berrueto.<\/p>\n\n\n\n<p>La actividad forma parte del programa \u201cJueves de Cultura en el Recinto\u201d, la cual<br>busca posicionar al Recinto del Patrimonio Cultural Universitario, como un espacio<br>de concentraci\u00f3n de actividades culturales y distintas manifestaciones que<br>favorezcan la formaci\u00f3n integral de la comunidad universitaria y del p\u00fablico en<br>general.<\/p>\n\n\n\n<p>Ram\u00f3n L\u00f3pez Velarde naci\u00f3 en 1888 en Jerez, Zacatecas, curs\u00f3 sus primeros<br>estudios en los seminarios de Zacatecas y Aguascalientes y se matricul\u00f3 en la<br>Universidad de San Luis de Potos\u00ed para estudiar la carrera de leyes; en 1914, viaj\u00f3<br>a la Ciudad de M\u00e9xico, donde trabaj\u00f3 primero en su profesi\u00f3n de abogado y<br>despu\u00e9s como profesor de literatura.<\/p>\n\n\n\n<p>Public\u00f3 sus cr\u00f3nicas pol\u00edticas en varios peri\u00f3dicos: El Regional de Guadalajara<br>(1909), La Naci\u00f3n (1912), El Eco de San Luis (1913), El Nacional Bisemanal<br>(1915-1916), Revista de Revistas (1915-1917), Vida Moderna (1916) y Pegaso<br>(1917), su primer libro de poes\u00edas fue \u201cLa sangre devota\u201d publicado en 1916,<br>donde pueden descubrirse los temas recurrentes en toda su obra: el amor, el dolor<br>y la preocupaci\u00f3n por los destinos patrios.<\/p>\n\n\n\n<p>L\u00f3pez Velarde muri\u00f3 en plena juventud, dejando una obra breve pero original, sus<br>mejores poemas son una exploraci\u00f3n en la m\u00e9dula del lenguaje literario de su<br>tiempo, en la profundidad de su conciencia estremecida por la religiosidad, el<br>erotismo y la muerte, y en la intimidad del M\u00e9xico sacudido por la Revoluci\u00f3n.<\/p>\n\n\n\n<p>No te pierdas las actividades de \u201cJueves de Cultura en el Recinto\u201d, todos los<br>jueves a las 19:00 horas; consulta la cartelera completa en las redes sociales de la Coordinaci\u00f3n de Difusi\u00f3n y Patrimonio Cultural y el Recinto del Patrimonio Cultural<br>Universitario de la UAdeC: en Twitter como @dpcuadec y @RecintoUAdeC, o<br>bien, en Facebook como \u201cDpc UAdeC\u201d y \u201cRecinto UAdeC\u201d.<\/p>\n","protected":false},"excerpt":{"rendered":"<p>SALTILLO, Coahuila. 16 de junio de 2021.-La Coordinaci\u00f3n General de Difusi\u00f3n yPatrimonio Cultural de la Universidad Aut\u00f3noma de Coahuila realizar\u00e1 unhomenaje al poeta Ram\u00f3n L\u00f3pez Velarde a 100 a\u00f1os de su centenario luctuoso,este jueves 17 de junio a las 19:00 horas, en el Recinto del Patrimonio CulturalUniversitario, ubicado en la calle Miguel Hidalgo, n\u00famero 211 en el CentroHist\u00f3rico de Saltillo. El acceso al evento es gratuito y el uso de&#8230;<\/p>\n","protected":false},"author":1,"featured_media":2812,"comment_status":"closed","ping_status":"closed","sticky":false,"template":"","format":"standard","meta":{"footnotes":""},"categories":[2],"tags":[],"class_list":["post-2811","post","type-post","status-publish","format-standard","has-post-thumbnail","hentry","category-uadec","wpcat-2-id"],"_links":{"self":[{"href":"https:\/\/www.aquilaguna.com\/index.php\/wp-json\/wp\/v2\/posts\/2811","targetHints":{"allow":["GET"]}}],"collection":[{"href":"https:\/\/www.aquilaguna.com\/index.php\/wp-json\/wp\/v2\/posts"}],"about":[{"href":"https:\/\/www.aquilaguna.com\/index.php\/wp-json\/wp\/v2\/types\/post"}],"author":[{"embeddable":true,"href":"https:\/\/www.aquilaguna.com\/index.php\/wp-json\/wp\/v2\/users\/1"}],"replies":[{"embeddable":true,"href":"https:\/\/www.aquilaguna.com\/index.php\/wp-json\/wp\/v2\/comments?post=2811"}],"version-history":[{"count":1,"href":"https:\/\/www.aquilaguna.com\/index.php\/wp-json\/wp\/v2\/posts\/2811\/revisions"}],"predecessor-version":[{"id":2813,"href":"https:\/\/www.aquilaguna.com\/index.php\/wp-json\/wp\/v2\/posts\/2811\/revisions\/2813"}],"wp:featuredmedia":[{"embeddable":true,"href":"https:\/\/www.aquilaguna.com\/index.php\/wp-json\/wp\/v2\/media\/2812"}],"wp:attachment":[{"href":"https:\/\/www.aquilaguna.com\/index.php\/wp-json\/wp\/v2\/media?parent=2811"}],"wp:term":[{"taxonomy":"category","embeddable":true,"href":"https:\/\/www.aquilaguna.com\/index.php\/wp-json\/wp\/v2\/categories?post=2811"},{"taxonomy":"post_tag","embeddable":true,"href":"https:\/\/www.aquilaguna.com\/index.php\/wp-json\/wp\/v2\/tags?post=2811"}],"curies":[{"name":"wp","href":"https:\/\/api.w.org\/{rel}","templated":true}]}}