{"id":28171,"date":"2025-09-08T19:02:48","date_gmt":"2025-09-09T01:02:48","guid":{"rendered":"https:\/\/www.aquilaguna.com\/?p=28171"},"modified":"2025-09-08T19:02:48","modified_gmt":"2025-09-09T01:02:48","slug":"roman-alberto-cepeda-gonzalez-realiza-pase-de-lista-a-elementos-de-la-policia-de-torreon-y-de-transito-y-vialidad","status":"publish","type":"post","link":"https:\/\/www.aquilaguna.com\/index.php\/2025\/09\/08\/roman-alberto-cepeda-gonzalez-realiza-pase-de-lista-a-elementos-de-la-policia-de-torreon-y-de-transito-y-vialidad\/","title":{"rendered":"Rom\u00e1n Alberto Cepeda Gonz\u00e1lez realiza pase de lista a elementos de la Polic\u00eda de Torre\u00f3n y de Tr\u00e1nsito y Vialidad."},"content":{"rendered":"\n<p>Torre\u00f3n, Coahuila a 8 de septiembre del 2025.<\/p>\n\n\n\n<p>Este lunes a las 06:00 horas, el alcalde Rom\u00e1n Alberto Cepeda Gonz\u00e1lez dio el<br>pase de lista a los elementos de la Direcci\u00f3n de Seguridad P\u00fablica Municipal y de<br>la Direcci\u00f3n de Tr\u00e1nsito y Vialidad, a quienes refrend\u00f3 su respaldo y compromiso<br>de trabajar de la mano para seguir haciendo de Torre\u00f3n una de las ciudades m\u00e1s<br>seguras del pa\u00eds.<\/p>\n\n\n\n<p>Durante el pase de lista, el edil estuvo acompa\u00f1ado del Comisario Alfredo Flores<br>Originales, director de la Polic\u00eda de Torre\u00f3n, y de Martha Alicia Faz, directora de<br>Tr\u00e1nsito y Vialidad.<\/p>\n\n\n\n<p>Durante su encuentro con polic\u00edas y tr\u00e1nsitos, el Presidente Municipal dijo que<br>continuar\u00e1 la coordinaci\u00f3n y el trabajo conjunto con el gobernador Manolo Jim\u00e9nez<br>Salinas, y con todas las corporaciones de los tres \u00f3rdenes de Gobierno.<\/p>\n\n\n\n<p>En su mensaje, dijo sentirse orgulloso del trabajo de los elementos de ambas<br>corporaciones, pues desde 2022 cuando asumi\u00f3 su responsabilidad como Alcalde<br>de Torre\u00f3n, son un ejemplo nacional gracias a la capacitaci\u00f3n, adiestramiento, y<br>equipamiento que han recibido.<\/p>\n\n\n\n<p>\u201cSomos el Municipio que m\u00e1s le invierte a seguridad en todo el pa\u00eds, m\u00e1s del 20<br>por ciento del presupuesto anual se destina a la seguridad, y este es el<br>compromiso que quiero ratificarles, decirles que seguiremos adelante, que<br>tenemos mucho trabajo por realizar porque mucha gente no s\u00f3lo de Torre\u00f3n sino<br>de La Laguna conf\u00eda en su desempe\u00f1o, y vamos a trabajar duro por mantener y<br>dignificar a esta corporaci\u00f3n que ha puesto muy en alto a esta ciudad\u201d.<\/p>\n\n\n\n<p>Rom\u00e1n Alberto Cepeda Gonz\u00e1lez se\u00f1al\u00f3 que es importante continuar con el<br>trabajo coordinado y con buenos resultados, en atenci\u00f3n y respuesta a la<br>confianza de la ciudadan\u00eda.<\/p>\n\n\n\n<p>\u201cA quienes est\u00e1n en la Academia, tambi\u00e9n los invito a trabajar con orgullo, con<br>satisfacci\u00f3n y con un gran compromiso de servir a Torre\u00f3n. A todos y cada<br>ustedes, tienen mi respaldo, mi apoyo y mi compromiso\u201d.<\/p>\n\n\n\n<p>El Presidente Municipal inform\u00f3 sobre la pr\u00f3xima entrega de uniformes a las<br>corporaciones de Seguridad, as\u00ed como de Tr\u00e1nsito y Vialidad. Adem\u00e1s de mayor<br>equipamiento, armamento y parque vehicular.<\/p>\n\n\n\n<p>El Alcalde extendi\u00f3 el reconocimiento tambi\u00e9n a las familias de los elementos, que<br>son parte importante en su desempe\u00f1o, y les pidi\u00f3 seguir trabajando alienados a<br>la estrategia estatal de coordinaci\u00f3n con el gobernador Manolo Jim\u00e9nez.<\/p>\n\n\n\n<p>\u201cLes pido hagamos lo que nos toca, nadie mejor que ustedes conoce Torre\u00f3n,<br>ustedes saben como estaba y como est\u00e1 ahora, y saben que el mayor orgullo que<br>puede tener cualquier servidor p\u00fablico de cualquier municipio o de cualquier<br>Estado, es servir a su tierra y en este caso es Torre\u00f3n, es Coahuila y es M\u00e9xico\u201d.<\/p>\n\n\n\n<p>Por su parte, el comisario Alfredo Flores Originales manifest\u00f3 a los elementos que<br>la direcci\u00f3n es de puertas abiertas para que de manera permanente expresen sus<br>inquietudes, y resalt\u00f3 el fortalecimiento a las acciones de proximidad en la ciudad.<\/p>\n\n\n\n<p>Martha Alicia Faz agradeci\u00f3 al Alcalde la oportunidad de reforzar la estrategia de<br>Seguridad Vial, y consider\u00f3 importante avanzar en la imagen que tiene el<br>ciudadano hacia las instituciones a trav\u00e9s de resultados.<\/p>\n","protected":false},"excerpt":{"rendered":"<p>Torre\u00f3n, Coahuila a 8 de septiembre del 2025. Este lunes a las 06:00 horas, el alcalde Rom\u00e1n Alberto Cepeda Gonz\u00e1lez dio elpase de lista a los elementos de la Direcci\u00f3n de Seguridad P\u00fablica Municipal y dela Direcci\u00f3n de Tr\u00e1nsito y Vialidad, a quienes refrend\u00f3 su respaldo y compromisode trabajar de la mano para seguir haciendo de Torre\u00f3n una de las ciudades m\u00e1sseguras del pa\u00eds. Durante el pase de lista, el&#8230;<\/p>\n","protected":false},"author":1,"featured_media":28172,"comment_status":"closed","ping_status":"","sticky":false,"template":"","format":"standard","meta":{"footnotes":""},"categories":[5,28,7],"tags":[],"class_list":["post-28171","post","type-post","status-publish","format-standard","has-post-thumbnail","hentry","category-coahuila","category-la-laguna","category-torreon","wpcat-5-id","wpcat-28-id","wpcat-7-id"],"_links":{"self":[{"href":"https:\/\/www.aquilaguna.com\/index.php\/wp-json\/wp\/v2\/posts\/28171","targetHints":{"allow":["GET"]}}],"collection":[{"href":"https:\/\/www.aquilaguna.com\/index.php\/wp-json\/wp\/v2\/posts"}],"about":[{"href":"https:\/\/www.aquilaguna.com\/index.php\/wp-json\/wp\/v2\/types\/post"}],"author":[{"embeddable":true,"href":"https:\/\/www.aquilaguna.com\/index.php\/wp-json\/wp\/v2\/users\/1"}],"replies":[{"embeddable":true,"href":"https:\/\/www.aquilaguna.com\/index.php\/wp-json\/wp\/v2\/comments?post=28171"}],"version-history":[{"count":1,"href":"https:\/\/www.aquilaguna.com\/index.php\/wp-json\/wp\/v2\/posts\/28171\/revisions"}],"predecessor-version":[{"id":28173,"href":"https:\/\/www.aquilaguna.com\/index.php\/wp-json\/wp\/v2\/posts\/28171\/revisions\/28173"}],"wp:featuredmedia":[{"embeddable":true,"href":"https:\/\/www.aquilaguna.com\/index.php\/wp-json\/wp\/v2\/media\/28172"}],"wp:attachment":[{"href":"https:\/\/www.aquilaguna.com\/index.php\/wp-json\/wp\/v2\/media?parent=28171"}],"wp:term":[{"taxonomy":"category","embeddable":true,"href":"https:\/\/www.aquilaguna.com\/index.php\/wp-json\/wp\/v2\/categories?post=28171"},{"taxonomy":"post_tag","embeddable":true,"href":"https:\/\/www.aquilaguna.com\/index.php\/wp-json\/wp\/v2\/tags?post=28171"}],"curies":[{"name":"wp","href":"https:\/\/api.w.org\/{rel}","templated":true}]}}