{"id":28175,"date":"2025-09-08T19:14:11","date_gmt":"2025-09-09T01:14:11","guid":{"rendered":"https:\/\/www.aquilaguna.com\/?p=28175"},"modified":"2025-09-08T19:14:11","modified_gmt":"2025-09-09T01:14:11","slug":"arte-y-color-artesanos-de-saltillo-aprenden-tecnicas-de-tintes-naturales-con-experta-internacional","status":"publish","type":"post","link":"https:\/\/www.aquilaguna.com\/index.php\/2025\/09\/08\/arte-y-color-artesanos-de-saltillo-aprenden-tecnicas-de-tintes-naturales-con-experta-internacional\/","title":{"rendered":"&#8220;ARTE Y COLOR: ARTESANOS DE SALTILLO APRENDEN T\u00c9CNICAS DE TINTES NATURALES CON EXPERTA INTERNACIONAL&#8221;."},"content":{"rendered":"\n<p>Saltillo, Coahuila; 08 de septiembre de 2025.- La Escuela del Sarape \u201cLa Favorita\u201d se llen\u00f3 de color y creatividad con la presencia de la reconocida dise\u00f1adora textil italiana Maddalena Forcella.&nbsp;<\/p>\n\n\n\n<p>Durante cinco intensas sesiones, 11 participantes, entre ellos tejedores locales, aprendieron a preparar y aplicar tintes naturales de origen animal y vegetal, perfeccionando la intensidad y durabilidad de los colores en sus fibras. Este taller refuerza el compromiso de la Escuela por profesionalizar a los artesanos y fortalecer la tradici\u00f3n textil de la regi\u00f3n.<\/p>\n\n\n\n<p>La maestra Maddalena Forcella comparti\u00f3: &#8220;Es un honor transmitir mis conocimientos a los artesanos de Coahuila. Espero que cada participante pueda no solo dominar las t\u00e9cnicas del te\u00f1ido natural, sino tambi\u00e9n explorar nuevas combinaciones de color, siempre respetando y valorando la riqueza de la tradici\u00f3n textil mexicana.&#8221;<\/p>\n\n\n\n<p>Por su parte, Esther Quintana Salinas, Secretaria de Cultura del Estado se\u00f1al\u00f3: &#8220;Talleres como este son fundamentales para profesionalizar a nuestros artesanos y preservar nuestro patrimonio cultural. Reconocemos el esfuerzo y la dedicaci\u00f3n de la Escuela del Sarape \u201cLa Favorita\u201d, que fomenta la creatividad, la innovaci\u00f3n y el amor por nuestras tradiciones.&#8221;<\/p>\n\n\n\n<p>La Secretaria tambi\u00e9n agradeci\u00f3 el respaldo del Gobernador Manolo Jim\u00e9nez Salinas: &#8220;Gracias a su respaldo, contamos con los recursos y la visi\u00f3n para impulsar programas que fortalecen la formaci\u00f3n de nuestros artesanos. Su compromiso con la cultura y el patrimonio nos permite continuar promoviendo la excelencia artesanal en todo el estado.&#8221;<\/p>\n\n\n\n<p>El programa incluy\u00f3 preparaci\u00f3n de fibras, mordentado, elaboraci\u00f3n de ba\u00f1os tint\u00f3reos, te\u00f1ido de muestras, virado de colores, neutralizaci\u00f3n y la creaci\u00f3n de un muestrario final. Estas actividades permiten reforzar t\u00e9cnicas ancestrales mientras se impulsa la innovaci\u00f3n, consolidando la excelencia artesanal de Coahuila y celebrando la riqueza de sus sarapes.<\/p>\n","protected":false},"excerpt":{"rendered":"<p>Saltillo, Coahuila; 08 de septiembre de 2025.- La Escuela del Sarape \u201cLa Favorita\u201d se llen\u00f3 de color y creatividad con la presencia de la reconocida dise\u00f1adora textil italiana Maddalena Forcella.&nbsp; Durante cinco intensas sesiones, 11 participantes, entre ellos tejedores locales, aprendieron a preparar y aplicar tintes naturales de origen animal y vegetal, perfeccionando la intensidad y durabilidad de los colores en sus fibras. Este taller refuerza el compromiso de la&#8230;<\/p>\n","protected":false},"author":1,"featured_media":28176,"comment_status":"closed","ping_status":"","sticky":false,"template":"","format":"standard","meta":{"footnotes":""},"categories":[5,12,15],"tags":[],"class_list":["post-28175","post","type-post","status-publish","format-standard","has-post-thumbnail","hentry","category-coahuila","category-cultura","category-gobierno-de-coahuila","wpcat-5-id","wpcat-12-id","wpcat-15-id"],"_links":{"self":[{"href":"https:\/\/www.aquilaguna.com\/index.php\/wp-json\/wp\/v2\/posts\/28175","targetHints":{"allow":["GET"]}}],"collection":[{"href":"https:\/\/www.aquilaguna.com\/index.php\/wp-json\/wp\/v2\/posts"}],"about":[{"href":"https:\/\/www.aquilaguna.com\/index.php\/wp-json\/wp\/v2\/types\/post"}],"author":[{"embeddable":true,"href":"https:\/\/www.aquilaguna.com\/index.php\/wp-json\/wp\/v2\/users\/1"}],"replies":[{"embeddable":true,"href":"https:\/\/www.aquilaguna.com\/index.php\/wp-json\/wp\/v2\/comments?post=28175"}],"version-history":[{"count":1,"href":"https:\/\/www.aquilaguna.com\/index.php\/wp-json\/wp\/v2\/posts\/28175\/revisions"}],"predecessor-version":[{"id":28177,"href":"https:\/\/www.aquilaguna.com\/index.php\/wp-json\/wp\/v2\/posts\/28175\/revisions\/28177"}],"wp:featuredmedia":[{"embeddable":true,"href":"https:\/\/www.aquilaguna.com\/index.php\/wp-json\/wp\/v2\/media\/28176"}],"wp:attachment":[{"href":"https:\/\/www.aquilaguna.com\/index.php\/wp-json\/wp\/v2\/media?parent=28175"}],"wp:term":[{"taxonomy":"category","embeddable":true,"href":"https:\/\/www.aquilaguna.com\/index.php\/wp-json\/wp\/v2\/categories?post=28175"},{"taxonomy":"post_tag","embeddable":true,"href":"https:\/\/www.aquilaguna.com\/index.php\/wp-json\/wp\/v2\/tags?post=28175"}],"curies":[{"name":"wp","href":"https:\/\/api.w.org\/{rel}","templated":true}]}}