{"id":28213,"date":"2025-09-10T17:10:07","date_gmt":"2025-09-10T23:10:07","guid":{"rendered":"https:\/\/www.aquilaguna.com\/?p=28213"},"modified":"2025-09-10T17:10:07","modified_gmt":"2025-09-10T23:10:07","slug":"rinde-su-tercer-informe-de-actividades-el-director-de-la-facultad-de-mercadotecnia-de-la-uadec","status":"publish","type":"post","link":"https:\/\/www.aquilaguna.com\/index.php\/2025\/09\/10\/rinde-su-tercer-informe-de-actividades-el-director-de-la-facultad-de-mercadotecnia-de-la-uadec\/","title":{"rendered":"Rinde su Tercer Informe de Actividades el Director de la Facultad de Mercadotecnia de la UAdeC."},"content":{"rendered":"\n<p>SALTILLO, Coahuila. 10 de septiembre de 2025. Ante miembros del Consejo<br>Directivo de la Facultad de Mercadotecnia US de la Universidad Aut\u00f3noma de<br>Coahuila, el director Iv\u00e1n Gaher Garnica Espinoza, present\u00f3 su tercer informe de<br>actividades correspondientes al periodo 2022-2025.<\/p>\n\n\n\n<p>Al evento realizado en el Auditorio del plantel, asisti\u00f3 el rector de la m\u00e1xima casa de<br>estudios, Octavio Pimentel Mart\u00ednez y la coordinadora de la Unidad Sureste (US),<br>Eva Kerena Hern\u00e1ndez, funcionariado universitario, directivos de Escuelas y<br>Facultades de la US y comunidad universitaria de la Facultad.<\/p>\n\n\n\n<p>En su mensaje, el Rector felicit\u00f3 al director Iv\u00e1n Garnica y a la comunidad de la<br>Facultad de Mercadotecnia por los logros presentados.<\/p>\n\n\n\n<p>Destac\u00f3 la importancia de que los resultados universitarios sean tangibles y<br>verificables, pues rel incremento del 35 por ciento en el \u00edndice de titulaci\u00f3n en los<br>\u00faltimos tres a\u00f1os.asi lo demuestra, como el esfuerzo de la Facultad para alcanzar la<br>acreditaci\u00f3n del programa de Mercadotecnia, cuyo dictamen oficial est\u00e1 pr\u00f3ximo a<br>emitirse.<\/p>\n\n\n\n<p>Pimentel Mart\u00ednez, reconoci\u00f3 el esfuerzo de los docentes e investigadores que han<br>ingresado o refrendado su pertenencia al Sistema Nacional de Investigadores, lo<br>cual consolida la calidad acad\u00e9mica de la UAdeC.<\/p>\n\n\n\n<p>Exhort\u00f3 a mantener la unidad y el trabajo colaborativo, asegurando que la Rector\u00eda<br>seguir\u00e1 respaldando a la Facultad de Mercadotecnia en sus proyectos presentes y<br>futuros.<\/p>\n\n\n\n<p>Durante su informe, el director Garnica Espinoza dijo en materia acad\u00e9mica, inform\u00f3<br>que el 97% de los estudiantes se titulan al concluir sus estudios, lo que refleja un<br>acompa\u00f1amiento integral en su formaci\u00f3n, asimismo, 87 alumnos egresaron en el<br>\u00faltimo ciclo y la Facultad concluy\u00f3 los trabajos internos y externos para la<br>acreditaci\u00f3n de su programa de Licenciatura en Mercadotecnia ante CIEES, cuyos<br>resultados se encuentran en espera.<\/p>\n\n\n\n<p>Resalt\u00f3 tambi\u00e9n que el 78% de los estudiantes aprobaron el examen EGEL de<br>Ceneval y que cuatro alumnas realizan actualmente un intercambio internacional en<br>la Universidad de Granada, Espa\u00f1a.<\/p>\n\n\n\n<p>En el \u00e1rea de servicio social y pr\u00e1cticas profesionales, se liberaron 73 y 67 procesos<br>respectivamente, alcanzando un 68% de eficiencia ocupacional al egreso; el 95% de<br>los alumnos cuenten con seguro facultativo y se fortalecieron acciones ambientales,<br>como el mantenimiento del jard\u00edn polinizador y la obtenci\u00f3n, por tercer a\u00f1o<br>consecutivo, del Distintivo Oro de Oficina Verde.<\/p>\n\n\n\n<p>El posgrado en Mercadotecnia e Innovaci\u00f3n Social increment\u00f3 su matr\u00edcula a 32<br>estudiantes y se graduaron 12 m\u00e1s durante el ciclo 2024-2025.<\/p>\n\n\n\n<p>Dijo que su claustro docente est\u00e1 conformado en un 37.5% por profesores con grado<br>de doctor y tres miembros del SNII y se consolidaron convenios de colaboraci\u00f3n con<br>universidades nacionales e internacionales.<\/p>\n\n\n\n<p>El Cuerpo Acad\u00e9mico \u201cAdministraci\u00f3n de la Mercadotecnia\u201d report\u00f3 una destacada<br>producci\u00f3n cient\u00edfica con 10 art\u00edculos, tres cap\u00edtulos de libro y 16 participaciones en<br>congresos, adem\u00e1s de recibir el reconocimiento a la mejor ponencia en un coloquio<br>internacional.<\/p>\n\n\n\n<p>En el \u00e1mbito deportivo, se consolidaron equipos representativos en varias<br>disciplinas, logrando importantes resultados en torneos universitarios, paralelamente,<br>se organizaron actividades acad\u00e9micas, sociales y culturales como el \u201cMerca Bazar\u201d,<br>la Expo Merca y el Simposium de Mercadotecnia en sus ediciones 34 y 35.<\/p>\n\n\n\n<p>Finalmente, en Infraestructura se realizaron mejoras como la instalaci\u00f3n de mini<br>Split, modernizaci\u00f3n de luminarias, reacondicionamiento de canchas, renovaci\u00f3n de<br>la fachada principal, ampliaci\u00f3n de \u00e1reas de descanso y mantenimiento general de<br>edificios, lo que ha permitido ofrecer espacios dignos y funcionales para la<br>comunidad estudiantil.<\/p>\n","protected":false},"excerpt":{"rendered":"<p>SALTILLO, Coahuila. 10 de septiembre de 2025. Ante miembros del ConsejoDirectivo de la Facultad de Mercadotecnia US de la Universidad Aut\u00f3noma deCoahuila, el director Iv\u00e1n Gaher Garnica Espinoza, present\u00f3 su tercer informe deactividades correspondientes al periodo 2022-2025. Al evento realizado en el Auditorio del plantel, asisti\u00f3 el rector de la m\u00e1xima casa deestudios, Octavio Pimentel Mart\u00ednez y la coordinadora de la Unidad Sureste (US),Eva Kerena Hern\u00e1ndez, funcionariado universitario, directivos de&#8230;<\/p>\n","protected":false},"author":1,"featured_media":28214,"comment_status":"closed","ping_status":"","sticky":false,"template":"","format":"standard","meta":{"footnotes":""},"categories":[2],"tags":[],"class_list":["post-28213","post","type-post","status-publish","format-standard","has-post-thumbnail","hentry","category-uadec","wpcat-2-id"],"_links":{"self":[{"href":"https:\/\/www.aquilaguna.com\/index.php\/wp-json\/wp\/v2\/posts\/28213","targetHints":{"allow":["GET"]}}],"collection":[{"href":"https:\/\/www.aquilaguna.com\/index.php\/wp-json\/wp\/v2\/posts"}],"about":[{"href":"https:\/\/www.aquilaguna.com\/index.php\/wp-json\/wp\/v2\/types\/post"}],"author":[{"embeddable":true,"href":"https:\/\/www.aquilaguna.com\/index.php\/wp-json\/wp\/v2\/users\/1"}],"replies":[{"embeddable":true,"href":"https:\/\/www.aquilaguna.com\/index.php\/wp-json\/wp\/v2\/comments?post=28213"}],"version-history":[{"count":1,"href":"https:\/\/www.aquilaguna.com\/index.php\/wp-json\/wp\/v2\/posts\/28213\/revisions"}],"predecessor-version":[{"id":28215,"href":"https:\/\/www.aquilaguna.com\/index.php\/wp-json\/wp\/v2\/posts\/28213\/revisions\/28215"}],"wp:featuredmedia":[{"embeddable":true,"href":"https:\/\/www.aquilaguna.com\/index.php\/wp-json\/wp\/v2\/media\/28214"}],"wp:attachment":[{"href":"https:\/\/www.aquilaguna.com\/index.php\/wp-json\/wp\/v2\/media?parent=28213"}],"wp:term":[{"taxonomy":"category","embeddable":true,"href":"https:\/\/www.aquilaguna.com\/index.php\/wp-json\/wp\/v2\/categories?post=28213"},{"taxonomy":"post_tag","embeddable":true,"href":"https:\/\/www.aquilaguna.com\/index.php\/wp-json\/wp\/v2\/tags?post=28213"}],"curies":[{"name":"wp","href":"https:\/\/api.w.org\/{rel}","templated":true}]}}