{"id":28216,"date":"2025-09-10T17:11:23","date_gmt":"2025-09-10T23:11:23","guid":{"rendered":"https:\/\/www.aquilaguna.com\/?p=28216"},"modified":"2025-09-10T17:11:23","modified_gmt":"2025-09-10T23:11:23","slug":"rector-de-la-uadec-toma-protesta-al-nuevo-director-del-imarc","status":"publish","type":"post","link":"https:\/\/www.aquilaguna.com\/index.php\/2025\/09\/10\/rector-de-la-uadec-toma-protesta-al-nuevo-director-del-imarc\/","title":{"rendered":"Rector de la UAdeC Toma Protesta al Nuevo Director del IMARC."},"content":{"rendered":"\n<p>RAMOS ARIZPE, Coahuila. 10 de septiembre de 2025. El rector de la Universidad<br>Aut\u00f3noma de Coahuila, Octavio Pimentel Mart\u00ednez, tom\u00f3 protesta al Ing. Omar<br>Torres V\u00e1zquez como el nuevo director del Instituto \u201cMiguel \u00c1ngel Rodr\u00edguez<br>Calder\u00f3n\u201d (IMARC), para el periodo 2025-2028.<\/p>\n\n\n\n<p>En el Auditorio del plantel se cont\u00f3 con la presencia de la coordinadora de Unidad<br>Sureste, Eva Kerena Hern\u00e1ndez Mart\u00ednez, integrantes del Consejo Directivo del<br>IMARC, directivos de Escuelas y Facultades de la US, comunidad docente y<br>estudiantil.<\/p>\n\n\n\n<p>En su mensaje el rector Octavio Pimentel, reconoci\u00f3 la participaci\u00f3n y trabajo en<br>equipo de la comunidad universitaria del IMARC, as\u00ed como la labor de las y<br>docentes, a quienes exhort\u00f3 a continuar poniendo todo su empe\u00f1o en la preparaci\u00f3n<br>de las y los estudiantes, mientras que, a los alumnos los motiv\u00f3 a luchar por sus<br>sue\u00f1os, siempre impulsando el trabajado en equipo.<\/p>\n\n\n\n<p>Por otro lado, refrend\u00f3 el compromiso de la Rector\u00eda con cada proyecto que se<br>emprenda en el plantel, esto con el objetivo de que contin\u00fae creciendo, pues enfatiz\u00f3<br>en que la educaci\u00f3n es una herramienta fundamental para la transformaci\u00f3n.<\/p>\n\n\n\n<p>Durante la toma de protesta el Rector y la coordinadora de Unidad Sureste, Eva<br>Kerena Hern\u00e1ndez Mart\u00ednez, le entregaron un Pin Institucional al director, esto como<br>s\u00edmbolo de identidad y compromiso acad\u00e9mico con la Universidad y el Instituto<br>\u201cMiguel \u00c1ngel Rodr\u00edguez Calder\u00f3n\u201d.<\/p>\n\n\n\n<p>Por su parte, el director Omar Torres V\u00e1zquez, agradeci\u00f3 a las y los estudiantes por<br>depositar su confianza en \u00e9l, al tiempo que se\u00f1al\u00f3 que es un orgullo asumir este<br>cargo, puesto que se esforzar\u00e1 para dirigir de la mejor manera a esta escuela<br>que se ha convertido en una de las mejores preparatorias de Ramos Arizpe.<\/p>\n\n\n\n<p>\u201cEs un gran reto estar al frente de este Instituto, se debe de hacer un excelente<br>trabajo en la administraci\u00f3n, por ello, trabajar\u00e9 para contribuir en proyectos<br>acad\u00e9micos que puedan seguir impulsando a la instituci\u00f3n, formando a personas con<br>pensamiento cr\u00edtico y metas que lleguen a cumplir\u201d, dijo.<\/p>\n","protected":false},"excerpt":{"rendered":"<p>RAMOS ARIZPE, Coahuila. 10 de septiembre de 2025. El rector de la UniversidadAut\u00f3noma de Coahuila, Octavio Pimentel Mart\u00ednez, tom\u00f3 protesta al Ing. OmarTorres V\u00e1zquez como el nuevo director del Instituto \u201cMiguel \u00c1ngel Rodr\u00edguezCalder\u00f3n\u201d (IMARC), para el periodo 2025-2028. En el Auditorio del plantel se cont\u00f3 con la presencia de la coordinadora de UnidadSureste, Eva Kerena Hern\u00e1ndez Mart\u00ednez, integrantes del Consejo Directivo delIMARC, directivos de Escuelas y Facultades de la US,&#8230;<\/p>\n","protected":false},"author":1,"featured_media":28217,"comment_status":"closed","ping_status":"","sticky":false,"template":"","format":"standard","meta":{"footnotes":""},"categories":[2],"tags":[],"class_list":["post-28216","post","type-post","status-publish","format-standard","has-post-thumbnail","hentry","category-uadec","wpcat-2-id"],"_links":{"self":[{"href":"https:\/\/www.aquilaguna.com\/index.php\/wp-json\/wp\/v2\/posts\/28216","targetHints":{"allow":["GET"]}}],"collection":[{"href":"https:\/\/www.aquilaguna.com\/index.php\/wp-json\/wp\/v2\/posts"}],"about":[{"href":"https:\/\/www.aquilaguna.com\/index.php\/wp-json\/wp\/v2\/types\/post"}],"author":[{"embeddable":true,"href":"https:\/\/www.aquilaguna.com\/index.php\/wp-json\/wp\/v2\/users\/1"}],"replies":[{"embeddable":true,"href":"https:\/\/www.aquilaguna.com\/index.php\/wp-json\/wp\/v2\/comments?post=28216"}],"version-history":[{"count":1,"href":"https:\/\/www.aquilaguna.com\/index.php\/wp-json\/wp\/v2\/posts\/28216\/revisions"}],"predecessor-version":[{"id":28218,"href":"https:\/\/www.aquilaguna.com\/index.php\/wp-json\/wp\/v2\/posts\/28216\/revisions\/28218"}],"wp:featuredmedia":[{"embeddable":true,"href":"https:\/\/www.aquilaguna.com\/index.php\/wp-json\/wp\/v2\/media\/28217"}],"wp:attachment":[{"href":"https:\/\/www.aquilaguna.com\/index.php\/wp-json\/wp\/v2\/media?parent=28216"}],"wp:term":[{"taxonomy":"category","embeddable":true,"href":"https:\/\/www.aquilaguna.com\/index.php\/wp-json\/wp\/v2\/categories?post=28216"},{"taxonomy":"post_tag","embeddable":true,"href":"https:\/\/www.aquilaguna.com\/index.php\/wp-json\/wp\/v2\/tags?post=28216"}],"curies":[{"name":"wp","href":"https:\/\/api.w.org\/{rel}","templated":true}]}}