{"id":28231,"date":"2025-09-10T20:44:45","date_gmt":"2025-09-11T02:44:45","guid":{"rendered":"https:\/\/www.aquilaguna.com\/?p=28231"},"modified":"2025-09-10T20:44:45","modified_gmt":"2025-09-11T02:44:45","slug":"suman-mas-empresas-a-puntos-violeta-grupo-antolin-nuevo-espacio-seguro-para-mujeres","status":"publish","type":"post","link":"https:\/\/www.aquilaguna.com\/index.php\/2025\/09\/10\/suman-mas-empresas-a-puntos-violeta-grupo-antolin-nuevo-espacio-seguro-para-mujeres\/","title":{"rendered":"SUMAN M\u00c1S EMPRESAS A PUNTOS VIOLETA; GRUPO ANTOLIN, NUEVO ESPACIO SEGURO PARA MUJERES."},"content":{"rendered":"\n<p>\u00b7&nbsp;&nbsp;&nbsp;&nbsp;&nbsp;&nbsp;<em>El Gobierno del Estado contin\u00faa ampliando la red de espacios seguros para las mujeres que suman ya 183 en tres regiones de la entidad<\/em><\/p>\n\n\n\n<p>Arteaga, Coahuila de Zaragoza, a 10 de septiembre de 2025.- El Gobierno del Estado a trav\u00e9s de las Secretar\u00edas de Vinculaci\u00f3n Ciudadana, Proyectos de Innovaci\u00f3n Social e Inversi\u00f3n P\u00fablico Productiva, de Seguridad y de las Mujeres, contin\u00faa ampliando la red de espacios seguros para las mujeres y este d\u00eda se puso en operaci\u00f3n el Punto Violeta en Grupo Antolin, en el municipio de Arteaga.<\/p>\n\n\n\n<p>En representaci\u00f3n del gobernador Manolo Jim\u00e9nez, la secretaria de Vinculaci\u00f3n Ciudadana, Mar\u00eda B\u00e1rbara Cepeda Boehringer, reiter\u00f3 que desde el gobierno m\u00e1s ciudadano de la historia de Coahuila se trabaja de manera coordinada en estrategias y acciones que garanticen la protecci\u00f3n, el respeto y el cuidado de las mujeres coahuilenses.<\/p>\n\n\n\n<p>\u201cPara nuestro gobernador Manolo Jim\u00e9nez ponerle fin a la violencia contra las mujeres es de vital importancia, es por eso que trabajamos de manera coordinada para hacer un frente com\u00fan contra la violencia de g\u00e9nero\u201d, coment\u00f3.<\/p>\n\n\n\n<p>Cepeda Boehringer record\u00f3 que, con este, existen 183 Puntos Violeta distribuidos en cuatro empresas, dos estadios deportivos y en las colonias con mayor \u00edndice de violencia contra las mujeres en 10 municipios de las regiones Centro, Sureste y Laguna.<\/p>\n\n\n\n<p>\u201cCon este convenio le estamos entrando con todo para identificar puntos donde las mujeres, ni\u00f1as y adolescentes que se encuentren en situaci\u00f3n de violencia de g\u00e9nero acudan a ellos y ubiquen un espacio donde se sientan seguras, sean resguardadas y se active un protocolo de protecci\u00f3n y acompa\u00f1amiento\u201d, manifest\u00f3.<\/p>\n\n\n\n<p>Por su parte, la secretaria de las Mujeres, Mayra Vald\u00e9s se\u00f1al\u00f3 que la colaboraci\u00f3n de empresas socialmente responsables, como Antolin, es fundamental para avanzar en la erradicaci\u00f3n de la violencia contra las mujeres y en la construcci\u00f3n de espacios seguros y libres de discriminaci\u00f3n.<\/p>\n\n\n\n<p>\u201cLa instalaci\u00f3n de este Punto Violeta en Antolin env\u00eda un mensaje poderoso, que el sector empresarial no es ajeno a los retos sociales que enfrentamos, y que est\u00e1 dispuesto a ser parte activa de la soluci\u00f3n\u201d, agreg\u00f3.<\/p>\n\n\n\n<p>Finalmente, la presidenta honoraria del DIF Coahuila, Liliana Salinas, refrend\u00f3 el compromiso del gobernador Manolo Jim\u00e9nez, por erradicar la violencia contra las mujeres, en un estado que, dijo, ya es los m\u00e1s seguros del pa\u00eds.<\/p>\n\n\n\n<p>\u201cLamentablemente en muchos casos, la violencia contra las mujeres se da en el seno familiar, por eso es muy importante este tipo de programas, donde las mujeres que se sientan en peligro puedan acudir a solicitar ayuda y apoyo de las autoridades\u201d, coment\u00f3.<\/p>\n\n\n\n<p>Estuvieron presentesen la firma del convenio la alcaldesa de Arteaga, Ana Karen S\u00e1nchez Flores; la fiscal de las Ni\u00f1as y las Mujeres, Katy Salinas P\u00e9rez; el apoderado legal de la empresa, Miguel Carranza P\u00e9rez, as\u00ed como directivos y personal de Grupo Antolin.<\/p>\n","protected":false},"excerpt":{"rendered":"<p>\u00b7&nbsp;&nbsp;&nbsp;&nbsp;&nbsp;&nbsp;El Gobierno del Estado contin\u00faa ampliando la red de espacios seguros para las mujeres que suman ya 183 en tres regiones de la entidad Arteaga, Coahuila de Zaragoza, a 10 de septiembre de 2025.- El Gobierno del Estado a trav\u00e9s de las Secretar\u00edas de Vinculaci\u00f3n Ciudadana, Proyectos de Innovaci\u00f3n Social e Inversi\u00f3n P\u00fablico Productiva, de Seguridad y de las Mujeres, contin\u00faa ampliando la red de espacios seguros para las mujeres&#8230;<\/p>\n","protected":false},"author":1,"featured_media":28232,"comment_status":"closed","ping_status":"","sticky":false,"template":"","format":"standard","meta":{"footnotes":""},"categories":[5,48,15,24],"tags":[],"class_list":["post-28231","post","type-post","status-publish","format-standard","has-post-thumbnail","hentry","category-coahuila","category-genero","category-gobierno-de-coahuila","category-seguridad","wpcat-5-id","wpcat-48-id","wpcat-15-id","wpcat-24-id"],"_links":{"self":[{"href":"https:\/\/www.aquilaguna.com\/index.php\/wp-json\/wp\/v2\/posts\/28231","targetHints":{"allow":["GET"]}}],"collection":[{"href":"https:\/\/www.aquilaguna.com\/index.php\/wp-json\/wp\/v2\/posts"}],"about":[{"href":"https:\/\/www.aquilaguna.com\/index.php\/wp-json\/wp\/v2\/types\/post"}],"author":[{"embeddable":true,"href":"https:\/\/www.aquilaguna.com\/index.php\/wp-json\/wp\/v2\/users\/1"}],"replies":[{"embeddable":true,"href":"https:\/\/www.aquilaguna.com\/index.php\/wp-json\/wp\/v2\/comments?post=28231"}],"version-history":[{"count":1,"href":"https:\/\/www.aquilaguna.com\/index.php\/wp-json\/wp\/v2\/posts\/28231\/revisions"}],"predecessor-version":[{"id":28233,"href":"https:\/\/www.aquilaguna.com\/index.php\/wp-json\/wp\/v2\/posts\/28231\/revisions\/28233"}],"wp:featuredmedia":[{"embeddable":true,"href":"https:\/\/www.aquilaguna.com\/index.php\/wp-json\/wp\/v2\/media\/28232"}],"wp:attachment":[{"href":"https:\/\/www.aquilaguna.com\/index.php\/wp-json\/wp\/v2\/media?parent=28231"}],"wp:term":[{"taxonomy":"category","embeddable":true,"href":"https:\/\/www.aquilaguna.com\/index.php\/wp-json\/wp\/v2\/categories?post=28231"},{"taxonomy":"post_tag","embeddable":true,"href":"https:\/\/www.aquilaguna.com\/index.php\/wp-json\/wp\/v2\/tags?post=28231"}],"curies":[{"name":"wp","href":"https:\/\/api.w.org\/{rel}","templated":true}]}}