{"id":28234,"date":"2025-09-10T21:13:19","date_gmt":"2025-09-11T03:13:19","guid":{"rendered":"https:\/\/www.aquilaguna.com\/?p=28234"},"modified":"2025-09-10T21:13:19","modified_gmt":"2025-09-11T03:13:19","slug":"aqui-laguna-444","status":"publish","type":"post","link":"https:\/\/www.aquilaguna.com\/index.php\/2025\/09\/10\/aqui-laguna-444\/","title":{"rendered":"Aqu\u00ed Laguna."},"content":{"rendered":"\n<p>\u00bfFin del mito?, s\u00ed, el que\u00a0se le colg\u00f3 como\u00a0&#8220;incorruptible&#8221; a los elementos\u00a0de la Secretar\u00eda de la Marina Armada de M\u00e9xico, elevado al grado de casi casi de\u00a0dogma\u00a0por parte del ahora ex presidente\u00a0Andr\u00e9s Manuel L\u00f3pez Obrador, para\u00a0justificar\u00a0la entrega de las funciones aduanales -desplazando a los civiles\u00a0 de tales \u00e1reas-,\u00a0a\u00a0elementos de la instituci\u00f3n citada, envuelta ahora, en un inconmensurable esc\u00e1ndalo que muestra, precisamente, con toda su crueldad, la capacidad corruptora del ser humano, amen de que tambi\u00e9n acaba\u00a0con su machacona frasecita, dicha hasta la saciedad, como parte de su\u00a0narrativa impuesta desde el \u00e1gora\u00a0de &#8220;La ma\u00f1anera&#8221; de que\u00a0&#8220;en materia de corrupci\u00f3n las escaleras se barren de arriba para abajo&#8221;, cuando la realidad, mostrada por el ex Secretario\u00a0Rafael Ojeda\u00a0Dur\u00e1n y sus &#8220;sobrinos&#8221; Far\u00edas Laguna -que alcanzaron\u00a0los grados de\u00a0Subalmirante y Contralmirante en solo cuatro a\u00f1os-, la echaron por tierra, pues al parecer en el caso que nos ocupa, la corrupci\u00f3n se\u00a0anid\u00f3 y arranc\u00f3, en las alturas, ah\u00ed mismo, con a\u00fan inc\u00f3gnitos socios, entre los que en ejercicio de puro sospechos\u00edsmo\u00a0est\u00e1n involucrados, no solo los 15\u00a0participantes,\u00a0de los que hay, hasta hoy\u00a0detenidos, por lo menos 15 participantes y cual thriller de horror, arrastra tambi\u00e9n\u00a07\u00a0fallecidos, algunos asesinados y otros\u00a0m\u00e1s &#8220;suicidados&#8221; y los que sigan, amen de que cuando menos\u00a0hay ya 200 \u00f3rdenes\u00a0de aprehensi\u00f3n pendientes\u00a0de cumplir\u00a0y\u00a0que\u00a0 trasciende,\u00a0incluye, desde luego\u00a0de empresarios e inc\u00f3gnitos\u00a0personajes pol\u00edticos,cubiertos aun por espeso, denso velo de silencio, que tiene, materialmente entre\u00a0la espada y la pared, a nuestra Presidenta\u00a0 Claudia Sheinbaum, a quien de poco o nada\u00a0le sirven sus esfuerzos por contener el tsunami\u00a0de preguntas, de suspicacias fundadas o no, que genera la narrativa alterna, de opini\u00f3n p\u00fablica, no solo la que se genera en el llamado &#8220;C\u00edrculo rojo&#8221; y que es\u00a0diversa de la narrativa oficial, ya que el sonado\u00a0caso del Huachicol Fiscal ha desatado.<\/p>\n\n\n\n<p>Por cierto, en \u00e9ste caso, aparece de nueva cuenta, el nombre de nuestro celebre matamorense\u00a0Mono Mu\u00f1oz, que en el card\u00famen\u00a0atrapado y que\u00a0hacen parecer al menos medi\u00e1ticamente, al c\u00e9lebre matamorense, cual si fuera un mero pececillo, un charalito pues, en medio de\u00a0los aut\u00e9nticos tiburones\u00a0 \u00a0 que hoy navegan, naufragan casi en\u00a0las revueltas, feroces, peligrosas aguas negras del huachicol y qu\u00e9 decir, del destino que le espera a las bandas de\u00a0&#8220;orde\u00f1adores de\u00a0ductos&#8221; convertidos as\u00ed, en estos escenarios\u00a0cual si fueran\u00a0meros &#8220;marineros de agua dulce&#8221;, teniendo en cuenta, que seg\u00fan datos extraoficiales, solo en el territorio coahuilense hay registro de 298 puntos de extracci\u00f3n de ductos\u00a0hasta ahora algunos\u00a0en\u00a0explotaci\u00f3n.<\/p>\n\n\n\n<p>Dicen los expertos, que la trama huachicolera apenas registra sus primeras lineas,\u00a0esperando que la real politik permita a la\u00a0voluntad\u00a0 presidencial llegar ,como prometiera &#8220;tope donde tope&#8221;, y con eso los temas\u00a0 del\u00a0caso de &#8220;La Barredora&#8221; y qu\u00e9 decir, del chistorete ese de\u00a0Fern\u00e1ndez Noro\u00f1a, quedan ahora desplazados de la discusi\u00f3n nacional, estupefacta -dicen que putrefacta-, ante la demolici\u00f3n del mito de\u00a0 incorruptibilidad\u00a0de nuestras\u00a0fuerzas armadas,\u00a0cual si estas fueran integradas por legiones de \u00e1ngeles celestiales y no meros hombres. <\/p>\n\n\n\n<p>Y en medio de este clima pol\u00edtico, en Torre\u00f3n, se\u00a0empiezan a advertir y que bueno que as\u00ed sea, la recuperaci\u00f3n de cierto equilibrio de fuerzas que est\u00e1n en coordinaci\u00f3n\u00a0institucional al interior del Ayuntamiento de Torre\u00f3n y su administraci\u00f3n correspondiente. Distribuidas as\u00ed funciones cl\u00e1sicas que la concepci\u00f3n pol\u00edtica de un ayuntamiento ha\u00a0sido realizada, es decir,\u00a0el ejercicio de la fuerza p\u00fablica, la\u00a0del ejercicio de la captaci\u00f3n y distribuci\u00f3n de los ingresos fiscales y derechos propios, as\u00ed como el ejercicio de la funci\u00f3n\u00a0sociopol\u00edtica,\u00a0a trav\u00e9s de la designaci\u00f3n de nuevos funcionarios\u00a0para realizarlas, dos de estos, for\u00e1neos. El alcalde Rom\u00e1n Alberto Cepeda Gonz\u00e1lez, reinici\u00f3\u00a0el ejercicio de su administraci\u00f3n con \u00edmpetu, encabezando, presidiendo reuniones con sus subalternos, entre estos los nuevos\u00a0designados, para revisar el avance de lo realizado a la fecha, superar rezagos que\u00a0se generaron con intermitencias que impusieron situaciones generadas\u00a0por una situaci\u00f3n\u00a0de fuerza mayor y\u00a0si los hubiera en lo que falta del programa de obras y acciones planteadas al inicio de su\u00a0segunda gesti\u00f3n al frente de la\u00a0 administraci\u00f3n del municipio de Torre\u00f3n.<\/p>\n\n\n\n<p>Hoy la poblaci\u00f3n se dispone a alcanzar\u00a0con seguridad, los festejos tradicionales del Mes Patrio, que\u00a0incluye, la Tradicional Ceremonia del Grito,\u00a0que tendr\u00e1 lugar en la Plaza\u00a0Mayor, sede tambi\u00e9n el d\u00eda del desfile. \u00a1A festejar pues!,\u00a0ya que en este mismo mes de septiembre se auguran d\u00edas aciagos, no solo en materia de rater\u00edas y entre los cuales se dice, se encuentran dos que tres prominentes empresarios laguneros -impunes-,\u00a0sino la que se desate, en lo que reste de este mes y a lo largo del siguiente,\u00a0en relaci\u00f3n a la discusi\u00f3n\u00a0-solo eso-, toda vez que la oposici\u00f3n carece de\u00a0 votos para impedir o mover cifras y temas contenido de la Propuesta del\u00a0 Presupuesto Federal\u00a0para el\u00a0 2026,\u00a0entregado a la C\u00e1mara correspondiente con dos d\u00edas de retraso, seg\u00fan\u00a0 t\u00e9rminos que la ley marca al respecto&#8230; \u00a0 <\/p>\n\n\n\n<p>Las fallas que hasta hoy registra la operaci\u00f3n del Telef\u00e9rico Torre\u00f3n -convertida-, contracorriente como\u00a0 uno de\u00a0los polos\u00a0de atracci\u00f3n\u00a0con registro del mayor n\u00famero de visitantes y turistas en \u00e9sta regi\u00f3n, registra los impactos que la falta cont\u00ednua y sostenida de energ\u00eda el\u00e9ctrica, que incluso\u00a0afecta y la operaci\u00f3n de emergencia con el uso de\u00a0su planta propia, la que eleva los costos de\u00a0mantenimiento para garantizar las seguridad de los usurarios.<\/p>\n\n\n\n<p>Y vaya que\u00a0tiene \u00e9xito, de nueva cuenta, Ver\u00f3nica Soto como emprendedora, ahora en el ramo\u00a0restaurantero, ofreciendo interesante men\u00fa,\u00a0fincado en singular fusi\u00f3n de la gastronom\u00eda italiana y de acentos de cocina de\u00a0 Bulgaria, bajo el nombre de &#8220;la\u00a0Casa de las Flores&#8221;, se ha puesto a disposici\u00f3n del\u00a0 paladar de los\u00a0 laguneros.<\/p>\n\n\n\n<p>Este mismo\u00a0jueves\u00a0conforme a su principal preocupaci\u00f3n y ocupaci\u00f3n en su mandato, es decir, garantizar la seguridad patrimonial e integridad\u00a0f\u00edsica de sus gobernados, el Gobernador Manolo Jim\u00e9nez Salinas colocar\u00e1 la primera piedra de un Arco de Seguridad, incluido en la estrategia\u00a0de vigilancia en la zona oeste de la zona metropolitana de la Laguna&#8230;<\/p>\n\n\n\n<p>En este tema, indigna el nuevo feminicidio registrado en Torre\u00f3n, as\u00ed sea el primero que se registra en el presente a\u00f1o, deja como saldo la orfandad de tres menores de edad.<\/p>\n","protected":false},"excerpt":{"rendered":"<p>\u00bfFin del mito?, s\u00ed, el que\u00a0se le colg\u00f3 como\u00a0&#8220;incorruptible&#8221; a los elementos\u00a0de la Secretar\u00eda de la Marina Armada de M\u00e9xico, elevado al grado de casi casi de\u00a0dogma\u00a0por parte del ahora ex presidente\u00a0Andr\u00e9s Manuel L\u00f3pez Obrador, para\u00a0justificar\u00a0la entrega de las funciones aduanales -desplazando a los civiles\u00a0 de tales \u00e1reas-,\u00a0a\u00a0elementos de la instituci\u00f3n citada, envuelta ahora, en un inconmensurable esc\u00e1ndalo que muestra, precisamente, con toda su crueldad, la capacidad corruptora del ser&#8230;<\/p>\n","protected":false},"author":2,"featured_media":0,"comment_status":"closed","ping_status":"","sticky":false,"template":"","format":"standard","meta":{"footnotes":""},"categories":[8],"tags":[],"class_list":["post-28234","post","type-post","status-publish","format-standard","hentry","category-aqui-laguna","wpcat-8-id"],"_links":{"self":[{"href":"https:\/\/www.aquilaguna.com\/index.php\/wp-json\/wp\/v2\/posts\/28234","targetHints":{"allow":["GET"]}}],"collection":[{"href":"https:\/\/www.aquilaguna.com\/index.php\/wp-json\/wp\/v2\/posts"}],"about":[{"href":"https:\/\/www.aquilaguna.com\/index.php\/wp-json\/wp\/v2\/types\/post"}],"author":[{"embeddable":true,"href":"https:\/\/www.aquilaguna.com\/index.php\/wp-json\/wp\/v2\/users\/2"}],"replies":[{"embeddable":true,"href":"https:\/\/www.aquilaguna.com\/index.php\/wp-json\/wp\/v2\/comments?post=28234"}],"version-history":[{"count":1,"href":"https:\/\/www.aquilaguna.com\/index.php\/wp-json\/wp\/v2\/posts\/28234\/revisions"}],"predecessor-version":[{"id":28235,"href":"https:\/\/www.aquilaguna.com\/index.php\/wp-json\/wp\/v2\/posts\/28234\/revisions\/28235"}],"wp:attachment":[{"href":"https:\/\/www.aquilaguna.com\/index.php\/wp-json\/wp\/v2\/media?parent=28234"}],"wp:term":[{"taxonomy":"category","embeddable":true,"href":"https:\/\/www.aquilaguna.com\/index.php\/wp-json\/wp\/v2\/categories?post=28234"},{"taxonomy":"post_tag","embeddable":true,"href":"https:\/\/www.aquilaguna.com\/index.php\/wp-json\/wp\/v2\/tags?post=28234"}],"curies":[{"name":"wp","href":"https:\/\/api.w.org\/{rel}","templated":true}]}}