{"id":28236,"date":"2025-09-11T18:31:50","date_gmt":"2025-09-12T00:31:50","guid":{"rendered":"https:\/\/www.aquilaguna.com\/?p=28236"},"modified":"2025-09-11T18:31:50","modified_gmt":"2025-09-12T00:31:50","slug":"es-alpha-elia-chavez-luna-la-nueva-directora-de-la-escuela-de-bachilleres-juan-agustin-de-espinoza-de-la-uadec-en-parras-de-la-fuente","status":"publish","type":"post","link":"https:\/\/www.aquilaguna.com\/index.php\/2025\/09\/11\/es-alpha-elia-chavez-luna-la-nueva-directora-de-la-escuela-de-bachilleres-juan-agustin-de-espinoza-de-la-uadec-en-parras-de-la-fuente\/","title":{"rendered":"Es Alpha Elia Ch\u00e1vez Luna, la Nueva Directora de la Escuela de Bachilleres \u201cJuan Agust\u00edn de Espinoza\u201d de la UAdeC en Parras de la Fuente."},"content":{"rendered":"\n<p>PARRAS, Coahuila. 11 de septiembre de 2025. Ante el Consejo Directivo de la<br>Escuela de Bachilleres \u201cJuan Agust\u00edn de Espinoza\u201d (JAE) de la Universidad<br>Aut\u00f3noma de Coahuila, el rector Octavio Pimentel Mart\u00ednez, tom\u00f3 protesta a la Lic.<br>Alpha Elia Ch\u00e1vez Luna como nueva directora del plantel para el per\u00edodo 2025-2028.<\/p>\n\n\n\n<p>La ceremonia se llev\u00f3 a cabo en el patio central de la Preparatoria, con la presencia<br>de la coordinadora de Unidad Sureste, Eva Kerena Hern\u00e1ndez Mart\u00ednez,<br>funcionariado de la administraci\u00f3n central, directores de las diversas escuelas y<br>facultades de US, alumnos, docentes y personal administrativo y manual del plantel.<\/p>\n\n\n\n<p>En su mensaje el rector Octavio Pimentel Mart\u00ednez, reconoci\u00f3 el liderazgo,<br>trayectoria y visi\u00f3n con la que asume el cargo Alpha Elia Ch\u00e1vez Luna, por lo que<br>refrend\u00f3 el respaldo de la Administraci\u00f3n Central a la nueva directora y a su equipo<br>de trabajo para consolidar proyectos que fortalezcan la formaci\u00f3n integral de los<br>estudiantes.<\/p>\n\n\n\n<p>Agreg\u00f3 que el prop\u00f3sito fundamental de la instituci\u00f3n es que los j\u00f3venes encuentren<br>en la escuela un espacio para formarse como mejores personas y construir su<br>proyecto de vida, contando siempre con el apoyo de sus docentes y directivos, al<br>tiempo que exhort\u00f3 al alumnado a vivir y practicar los valores que identifican a los<br>Lobos de la UAdeC como la Lealtad, Libertad, Lucha, Liderazgo y Legado.<\/p>\n\n\n\n<p>Por su parte, la ahora directora, Alpha Elia Ch\u00e1vez Luna reafirm\u00f3 su compromiso de<br>trabajar con responsabilidad, apertura y di\u00e1logo para fortalecer la calidad acad\u00e9mica<br>y la formaci\u00f3n integral de las y los estudiantes.<\/p>\n\n\n\n<p>Agreg\u00f3 que su gesti\u00f3n estar\u00e1 orientada a impulsar proyectos de innovaci\u00f3n y a<br>consolidar la participaci\u00f3n de la comunidad escolar en la vida universitaria, por lo que<br>agradeci\u00f3 la confianza de la comunidad estudiantil y docente, as\u00ed, como de las<br>autoridades de la UAdeC para sumar esfuerzos y mantener a la JAE como un<br>referente educativo de excelencia.<\/p>\n","protected":false},"excerpt":{"rendered":"<p>PARRAS, Coahuila. 11 de septiembre de 2025. Ante el Consejo Directivo de laEscuela de Bachilleres \u201cJuan Agust\u00edn de Espinoza\u201d (JAE) de la UniversidadAut\u00f3noma de Coahuila, el rector Octavio Pimentel Mart\u00ednez, tom\u00f3 protesta a la Lic.Alpha Elia Ch\u00e1vez Luna como nueva directora del plantel para el per\u00edodo 2025-2028. La ceremonia se llev\u00f3 a cabo en el patio central de la Preparatoria, con la presenciade la coordinadora de Unidad Sureste, Eva Kerena&#8230;<\/p>\n","protected":false},"author":1,"featured_media":28237,"comment_status":"closed","ping_status":"","sticky":false,"template":"","format":"standard","meta":{"footnotes":""},"categories":[2],"tags":[],"class_list":["post-28236","post","type-post","status-publish","format-standard","has-post-thumbnail","hentry","category-uadec","wpcat-2-id"],"_links":{"self":[{"href":"https:\/\/www.aquilaguna.com\/index.php\/wp-json\/wp\/v2\/posts\/28236","targetHints":{"allow":["GET"]}}],"collection":[{"href":"https:\/\/www.aquilaguna.com\/index.php\/wp-json\/wp\/v2\/posts"}],"about":[{"href":"https:\/\/www.aquilaguna.com\/index.php\/wp-json\/wp\/v2\/types\/post"}],"author":[{"embeddable":true,"href":"https:\/\/www.aquilaguna.com\/index.php\/wp-json\/wp\/v2\/users\/1"}],"replies":[{"embeddable":true,"href":"https:\/\/www.aquilaguna.com\/index.php\/wp-json\/wp\/v2\/comments?post=28236"}],"version-history":[{"count":1,"href":"https:\/\/www.aquilaguna.com\/index.php\/wp-json\/wp\/v2\/posts\/28236\/revisions"}],"predecessor-version":[{"id":28238,"href":"https:\/\/www.aquilaguna.com\/index.php\/wp-json\/wp\/v2\/posts\/28236\/revisions\/28238"}],"wp:featuredmedia":[{"embeddable":true,"href":"https:\/\/www.aquilaguna.com\/index.php\/wp-json\/wp\/v2\/media\/28237"}],"wp:attachment":[{"href":"https:\/\/www.aquilaguna.com\/index.php\/wp-json\/wp\/v2\/media?parent=28236"}],"wp:term":[{"taxonomy":"category","embeddable":true,"href":"https:\/\/www.aquilaguna.com\/index.php\/wp-json\/wp\/v2\/categories?post=28236"},{"taxonomy":"post_tag","embeddable":true,"href":"https:\/\/www.aquilaguna.com\/index.php\/wp-json\/wp\/v2\/tags?post=28236"}],"curies":[{"name":"wp","href":"https:\/\/api.w.org\/{rel}","templated":true}]}}