{"id":28242,"date":"2025-09-11T18:37:53","date_gmt":"2025-09-12T00:37:53","guid":{"rendered":"https:\/\/www.aquilaguna.com\/?p=28242"},"modified":"2025-09-11T18:37:53","modified_gmt":"2025-09-12T00:37:53","slug":"roman-alberto-cepeda-gonzalez-anuncia-nuevas-rutas-aereas-san-antonio-texas-y-ciudad-de-mexico-aifa","status":"publish","type":"post","link":"https:\/\/www.aquilaguna.com\/index.php\/2025\/09\/11\/roman-alberto-cepeda-gonzalez-anuncia-nuevas-rutas-aereas-san-antonio-texas-y-ciudad-de-mexico-aifa\/","title":{"rendered":"Rom\u00e1n Alberto Cepeda Gonz\u00e1lez anuncia nuevas rutas a\u00e9reas: San Antonio, Texas y Ciudad de M\u00e9xico AIFA."},"content":{"rendered":"\n<p>Torre\u00f3n, Coahuila. A 11 de septiembre de 2025.<\/p>\n\n\n\n<p>Este jueves, el alcalde Rom\u00e1n Alberto Cepeda Gonz\u00e1lez, junto con Walfred<br>Castro, director de Comunicaci\u00f3n de Viva Aerobus, y Abelardo Mu\u00f1oz, director de<br>Planeaci\u00f3n de Rutas del Grupo Aeroportuario Centro Norte (OMA), anunciaron<br>dos nuevas rutas a\u00e9reas que impactar\u00e1n en una mayor conectividad, turismo y<br>competitividad del municipio.<\/p>\n\n\n\n<p>Se trata de la ruta a Ciudad de M\u00e9xico (AIFA), a partir del primero de abril de<br>2026, con seis frecuencias semanales; y la ruta con destino a San Antonio, Texas,<br>que por lo pronto estar\u00e1 de manera temporal a partir del 22 de noviembre de 2025<br>y hasta el 10 de enero de 2026, con dos frecuencias semanales.<\/p>\n\n\n\n<p>En su mensaje, el Presidente Municipal resalt\u00f3 que Torre\u00f3n cuenta con las<br>condiciones de crecimiento y desarrollo econ\u00f3mico para destacar como destino<br>tur\u00edstico y de negocios.<\/p>\n\n\n\n<p>\u201cLa ruta m\u00e1s cara es la que no existe. Torre\u00f3n cuenta con 800 mil habitantes y es<br>parte de una Zona Metropolitana de 1.5 millones de habitantes, por lo tanto, se ha<br>demostrado que es una ciudad con capacidad, desarrollo econ\u00f3mico y empleo, lo<br>que nos coloca como un destino de inversi\u00f3n\u201d, refiri\u00f3.<\/p>\n\n\n\n<p>Cepeda Gonz\u00e1lez se\u00f1al\u00f3 que estos anuncios son resultado de un trabajo conjunto<br>con el Gobierno del Estado y con todas las c\u00e1maras y organismos empresariales.<br>Asimismo, agradeci\u00f3 a Viva Aerobus por poner los ojos en Torre\u00f3n y traer<br>alternativas de conectividad.<\/p>\n\n\n\n<p>La ruta a Ciudad de M\u00e9xico (AIFA) dijo, representa la conexi\u00f3n con m\u00e1s de 40<br>nuevos destinos; mientras que la ruta San Antonio, Texas si bien es temporal,<br>puede convertirse en permanente seg\u00fan la demanda.<\/p>\n\n\n\n<p>\u201cEs importante ahorita conjugar las voluntades de una empresa como Viva<br>Aerobus, de toda la familia de OMA que est\u00e1 apost\u00e1ndole a generar mejores<br>condiciones con el Aeropuerto y que nosotros podamos tener m\u00e1s destinos para<br>llegar a otros lugares diferentes en un tema de mayor conectividad en donde<br>Torre\u00f3n y Laguna representa un gran punto para las inversiones tanto locales y<br>nacionales como de latitudes de Am\u00e9rica, de Europa, o de otros lugares\u201d, extern\u00f3<br>el edil.<\/p>\n\n\n\n<p>En ese sentido, destac\u00f3 tambi\u00e9n la voluntad de que se piense en Torre\u00f3n como un<br>lugar de gran futuro, que con desarrollo econ\u00f3mico y el compromiso del sector<br>empresarial sea un importante destino tur\u00edstico y de negocios.<\/p>\n\n\n\n<p>Walfred Castro, director de Comunicaci\u00f3n de Viva Aerobus, mencion\u00f3 que la<br>aerol\u00ednea lleva en Torre\u00f3n m\u00e1s de 14 a\u00f1os, de los 18 que tienen operando en el<br>pa\u00eds. \u201cEn estos a\u00f1os que tenemos operando aqu\u00ed son casi dos millones de<br>pasajeros los que se han transportado de o hacia Torre\u00f3n\u201d<\/p>\n\n\n\n<p>Destac\u00f3 que son cuatro los destinos que actualmente operan desde esta ciudad.<br>Por su parte, Abelardo Mu\u00f1oz, director de Planeaci\u00f3n de Rutas OMA, agradeci\u00f3 la<br>colaboraci\u00f3n con el Municipio de Torre\u00f3n y el apoyo del Gobierno del Estado.<\/p>\n\n\n\n<p>\u201cEs el primer logro de muchos que vamos a tener con Torre\u00f3n, OMA administra el<br>aeropuerto, pero el aeropuerto es de todos y el desarrollo del tr\u00e1fico y de la<br>conectividad y la confianza en los servicios de las aerol\u00edneas y del aeropuerto<br>depende de ustedes\u201d, se\u00f1al\u00f3.<\/p>\n\n\n\n<p>Adem\u00e1s, Marcelo Vald\u00e9s Quintanilla, director general de Desarrollo Econ\u00f3mico,<br>dijo que Torre\u00f3n es una de las ciudades m\u00e1s seguras del pa\u00eds, lo que permite<br>estar en el radar de muchas empresas.<\/p>\n\n\n\n<p>\u201cEstas nuevas rutas ser\u00e1n un abanico de destinos tanto nacionales como<br>internacionales en beneficio de la ciudadan\u00eda\u201d, destac\u00f3.<\/p>\n","protected":false},"excerpt":{"rendered":"<p>Torre\u00f3n, Coahuila. A 11 de septiembre de 2025. Este jueves, el alcalde Rom\u00e1n Alberto Cepeda Gonz\u00e1lez, junto con WalfredCastro, director de Comunicaci\u00f3n de Viva Aerobus, y Abelardo Mu\u00f1oz, director dePlaneaci\u00f3n de Rutas del Grupo Aeroportuario Centro Norte (OMA), anunciarondos nuevas rutas a\u00e9reas que impactar\u00e1n en una mayor conectividad, turismo ycompetitividad del municipio. Se trata de la ruta a Ciudad de M\u00e9xico (AIFA), a partir del primero de abril de2026, con&#8230;<\/p>\n","protected":false},"author":1,"featured_media":28243,"comment_status":"closed","ping_status":"","sticky":false,"template":"","format":"standard","meta":{"footnotes":""},"categories":[5,28,7],"tags":[],"class_list":["post-28242","post","type-post","status-publish","format-standard","has-post-thumbnail","hentry","category-coahuila","category-la-laguna","category-torreon","wpcat-5-id","wpcat-28-id","wpcat-7-id"],"_links":{"self":[{"href":"https:\/\/www.aquilaguna.com\/index.php\/wp-json\/wp\/v2\/posts\/28242","targetHints":{"allow":["GET"]}}],"collection":[{"href":"https:\/\/www.aquilaguna.com\/index.php\/wp-json\/wp\/v2\/posts"}],"about":[{"href":"https:\/\/www.aquilaguna.com\/index.php\/wp-json\/wp\/v2\/types\/post"}],"author":[{"embeddable":true,"href":"https:\/\/www.aquilaguna.com\/index.php\/wp-json\/wp\/v2\/users\/1"}],"replies":[{"embeddable":true,"href":"https:\/\/www.aquilaguna.com\/index.php\/wp-json\/wp\/v2\/comments?post=28242"}],"version-history":[{"count":1,"href":"https:\/\/www.aquilaguna.com\/index.php\/wp-json\/wp\/v2\/posts\/28242\/revisions"}],"predecessor-version":[{"id":28244,"href":"https:\/\/www.aquilaguna.com\/index.php\/wp-json\/wp\/v2\/posts\/28242\/revisions\/28244"}],"wp:featuredmedia":[{"embeddable":true,"href":"https:\/\/www.aquilaguna.com\/index.php\/wp-json\/wp\/v2\/media\/28243"}],"wp:attachment":[{"href":"https:\/\/www.aquilaguna.com\/index.php\/wp-json\/wp\/v2\/media?parent=28242"}],"wp:term":[{"taxonomy":"category","embeddable":true,"href":"https:\/\/www.aquilaguna.com\/index.php\/wp-json\/wp\/v2\/categories?post=28242"},{"taxonomy":"post_tag","embeddable":true,"href":"https:\/\/www.aquilaguna.com\/index.php\/wp-json\/wp\/v2\/tags?post=28242"}],"curies":[{"name":"wp","href":"https:\/\/api.w.org\/{rel}","templated":true}]}}