{"id":28245,"date":"2025-09-11T18:40:54","date_gmt":"2025-09-12T00:40:54","guid":{"rendered":"https:\/\/www.aquilaguna.com\/?p=28245"},"modified":"2025-09-11T18:40:54","modified_gmt":"2025-09-12T00:40:54","slug":"arrancan-construccion-de-arco-de-seguridad-carretero-en-torreon","status":"publish","type":"post","link":"https:\/\/www.aquilaguna.com\/index.php\/2025\/09\/11\/arrancan-construccion-de-arco-de-seguridad-carretero-en-torreon\/","title":{"rendered":"Arrancan construcci\u00f3n de Arco de Seguridad Carretero en Torre\u00f3n."},"content":{"rendered":"\n<p>Torre\u00f3n, Coahuila. A 11 de septiembre de 2025.<\/p>\n\n\n\n<p>Con una inversi\u00f3n de 11.7 millones de pesos, este jueves el gobernador Manolo<br>Jim\u00e9nez Salinas y el alcalde Rom\u00e1n Alberto Cepeda Gonz\u00e1lez pusieron en<br>marcha el arranque de construcci\u00f3n del Arco de Seguridad Carretero Coahuila-<br>Durango, el cual se ubicar\u00e1 junto la Puerta Amarilla de Torre\u00f3n, sobre el perif\u00e9rico<br>Ra\u00fal L\u00f3pez S\u00e1nchez.<\/p>\n\n\n\n<p>En su mensaje, durante el evento que se llev\u00f3 a cabo en el estacionamiento de la<br>Universidad Aut\u00f3noma del Noreste (UANE), el Alcalde destac\u00f3 el valor de la<br>seguridad y el compromiso compartido con el Gobierno del Estado para sumar<br>esfuerzos en esa materia.<\/p>\n\n\n\n<p>\u201cCu\u00e1nto significa y qu\u00e9 significa un evento de esta naturaleza, mucho m\u00e1s all\u00e1 de<br>la inversi\u00f3n cuantitativa, tiene que ver con lo cualitativo, es el compromiso que<br>tenemos y que tiene el gobernador Manolo Jim\u00e9nez con Coahuila, con Torre\u00f3n.<br>Este arco representa indiscutiblemente una inversi\u00f3n, un esfuerzo y el asumir una<br>responsabilidad\u201d.<\/p>\n\n\n\n<p>El edil reiter\u00f3 que el Gobierno del Estado tiene una ruta y rumbo claros para los 38<br>municipios en materia de seguridad, y agreg\u00f3 que es importante construir una<br>gran alianza entre sociedad y gobierno.<\/p>\n\n\n\n<p>\u201cHabiendo seguridad hay empleo, hay cultura, hay deporte, hay trabajo, hay<br>condiciones para quienes vienen a educar o quienes vienen a educarse. No pasa<br>lo mismo en muchas entidades federativas, pero en Coahuila s\u00ed, s\u00ed se puede ir a<br>dar clases, s\u00ed se puede ir a estudiar, s\u00ed se puede ir a trabajar o a buscar trabajo, y<br>eso se logra con una gran alianza entre sociedad y gobierno\u201d.<\/p>\n\n\n\n<p>Manolo Jim\u00e9nez Salinas, gobernador del Estado de Coahuila, agradeci\u00f3 la<br>presencia del Ej\u00e9rcito Mexicano, su entrega, el compromiso y extern\u00f3 su<br>reconocimiento por las buenas calificaciones que obtienen en Coahuila, pues son<br>de las m\u00e1s altas en el pa\u00eds.<\/p>\n\n\n\n<p>Asimismo, destac\u00f3 la seguridad que existe en el Estado por la gran alianza entre<br>todas las instituciones, la sociedad civil organizada, la Iniciativa Privada, lo que ha<br>permitido tener un blindaje fuerte.<\/p>\n\n\n\n<p>&#8220;Esto es lo que nos permite ser uno de los Estados m\u00e1s seguros del pa\u00eds. Aqu\u00ed<br>trabajamos con mucha coordinaci\u00f3n, pero tambi\u00e9n con voluntad, porque si no hay<br>voluntad, aunque haya coordinaci\u00f3n, equipo y arcos, esto no funciona&#8221;.<\/p>\n\n\n\n<p>El mandatario resalt\u00f3 que una de las caracter\u00edsticas principales de los<br>coahuilenses es que hay una voluntad total de sumarse al tema de seguridad, y<br>mencion\u00f3 que se han invertido 6 mil millones de pesos en dos a\u00f1os de su<br>Gobierno en esta materia.<\/p>\n\n\n\n<p>&#8220;En la seguridad no podemos bajar la guardia, no podemos echar campanas al<br>vuelo. Tenemos que trabajar permanentemente, invertir y seguir unidos como<br>sociedad para seguir blindando Torre\u00f3n, la Laguna y Coahuila, y que este Estado<br>siga siendo sin duda, uno de los mejores de M\u00e9xico para vivir con nuestras<br>familias&#8221;.<\/p>\n\n\n\n<p>Por su parte, Hugo Eduardo Guti\u00e9rrez Rodr\u00edguez, secretario de Seguridad del<br>Estado de Coahuila, dijo que de la seguridad emana toda actividad social en la<br>entidad, por lo cual es importante la construcci\u00f3n de este nuevo Arco de<br>Seguridad Carretero.<\/p>\n\n\n\n<p>Se\u00f1al\u00f3 que es una obra que refleja el compromiso del gobernador Manolo<br>Jim\u00e9nez de consolidar a Coahuila como un estado seguro, blindado y preparado<br>para los retos que puedan presentarse en materia de incidencia delictiva.<\/p>\n\n\n\n<p>\u201cEste arco representa un espacio para brindar seguridad y vigilancia de manera<br>permanente por parte de nuestras y nuestros elementos quienes todos los d\u00edas<br>entregan su esfuerzo y su vocaci\u00f3n de servicio para proteger a las familias<br>coahuilenses\u201d.<\/p>\n\n\n\n<p>Detall\u00f3 que el arco filtro contar\u00e1 con cuatro carriles de revisi\u00f3n, tendr\u00e1 ocho<br>metros de altura 25 metros de ancho, un puente peatonal para uso de personal<br>con el puesto de analista y sanitarios para el personal y un sistema de<br>videovigilancia con software de reconocimiento facial y de matr\u00edculas vehiculares<br>junto con un \u00e1rea de revisi\u00f3n vehicular techada.<\/p>\n\n\n\n<p>Estuvieron tambi\u00e9n presentes: Magistrado Miguel Felipe Mery Ayup, Presidente<br>del Tribunal Superior de Justicia del Estado; General de Brigada Estado Mayor,<br>Fernando Colchado G\u00f3mez, comandante de la XI Regi\u00f3n Militar; Federico<\/p>\n\n\n\n<p>Fern\u00e1ndez Monta\u00f1ez, Fiscal General del Estado de Coahuila de Zaragoza;<br>General de Brigada Estado Mayor, Jes\u00fas Alejandro Adame Cabrera, comandante<br>de la VI zona militar; Gral. Brigadier E.M. Francisco Acu\u00f1a D\u00edaz, Coordinador<br>Estatal de la Guardia Nacional Coahuila; Gral. Brigadier E.M. Edilberto Jasso<br>Godoy, Comandante del Mando Especial de la Laguna; H\u00e9ctor Flores Rodr\u00edguez,<br>Sub Secretario de Operaci\u00f3n Policial; y Ferm\u00edn Muela Septi\u00e9n director general de<br>UANE.<\/p>\n","protected":false},"excerpt":{"rendered":"<p>Torre\u00f3n, Coahuila. A 11 de septiembre de 2025. Con una inversi\u00f3n de 11.7 millones de pesos, este jueves el gobernador ManoloJim\u00e9nez Salinas y el alcalde Rom\u00e1n Alberto Cepeda Gonz\u00e1lez pusieron enmarcha el arranque de construcci\u00f3n del Arco de Seguridad Carretero Coahuila-Durango, el cual se ubicar\u00e1 junto la Puerta Amarilla de Torre\u00f3n, sobre el perif\u00e9ricoRa\u00fal L\u00f3pez S\u00e1nchez. En su mensaje, durante el evento que se llev\u00f3 a cabo en el estacionamiento&#8230;<\/p>\n","protected":false},"author":1,"featured_media":28246,"comment_status":"closed","ping_status":"","sticky":false,"template":"","format":"standard","meta":{"footnotes":""},"categories":[5,28,7],"tags":[],"class_list":["post-28245","post","type-post","status-publish","format-standard","has-post-thumbnail","hentry","category-coahuila","category-la-laguna","category-torreon","wpcat-5-id","wpcat-28-id","wpcat-7-id"],"_links":{"self":[{"href":"https:\/\/www.aquilaguna.com\/index.php\/wp-json\/wp\/v2\/posts\/28245","targetHints":{"allow":["GET"]}}],"collection":[{"href":"https:\/\/www.aquilaguna.com\/index.php\/wp-json\/wp\/v2\/posts"}],"about":[{"href":"https:\/\/www.aquilaguna.com\/index.php\/wp-json\/wp\/v2\/types\/post"}],"author":[{"embeddable":true,"href":"https:\/\/www.aquilaguna.com\/index.php\/wp-json\/wp\/v2\/users\/1"}],"replies":[{"embeddable":true,"href":"https:\/\/www.aquilaguna.com\/index.php\/wp-json\/wp\/v2\/comments?post=28245"}],"version-history":[{"count":1,"href":"https:\/\/www.aquilaguna.com\/index.php\/wp-json\/wp\/v2\/posts\/28245\/revisions"}],"predecessor-version":[{"id":28247,"href":"https:\/\/www.aquilaguna.com\/index.php\/wp-json\/wp\/v2\/posts\/28245\/revisions\/28247"}],"wp:featuredmedia":[{"embeddable":true,"href":"https:\/\/www.aquilaguna.com\/index.php\/wp-json\/wp\/v2\/media\/28246"}],"wp:attachment":[{"href":"https:\/\/www.aquilaguna.com\/index.php\/wp-json\/wp\/v2\/media?parent=28245"}],"wp:term":[{"taxonomy":"category","embeddable":true,"href":"https:\/\/www.aquilaguna.com\/index.php\/wp-json\/wp\/v2\/categories?post=28245"},{"taxonomy":"post_tag","embeddable":true,"href":"https:\/\/www.aquilaguna.com\/index.php\/wp-json\/wp\/v2\/tags?post=28245"}],"curies":[{"name":"wp","href":"https:\/\/api.w.org\/{rel}","templated":true}]}}