{"id":28253,"date":"2025-09-11T18:47:13","date_gmt":"2025-09-12T00:47:13","guid":{"rendered":"https:\/\/www.aquilaguna.com\/?p=28253"},"modified":"2025-09-11T20:47:43","modified_gmt":"2025-09-12T02:47:43","slug":"continuamos-fortaleciendo-el-blindaje-de-coahuila-manolo","status":"publish","type":"post","link":"https:\/\/www.aquilaguna.com\/index.php\/2025\/09\/11\/continuamos-fortaleciendo-el-blindaje-de-coahuila-manolo\/","title":{"rendered":"CONTINUAMOS FORTALECIENDO EL BLINDAJE DE COAHUILA: MANOLO."},"content":{"rendered":"\n<p>\u00b7&nbsp;&nbsp;&nbsp;&nbsp;&nbsp;&nbsp;<em>El Gobernador del Estado pone en marcha la construcci\u00f3n del arco de seguridad carretero Coahuila \u2013 Durango<\/em><\/p>\n\n\n\n<p>Torre\u00f3n, Coahuila de Zaragoza; a 11 de septiembre de 2025.- El gobernador Manolo Jim\u00e9nez Salinas puso en marcha los trabajos de construcci\u00f3n del Arco de Seguridad Carretero Coahuila \u2013 Durango, en Torre\u00f3n, en evento en el que anunci\u00f3 la entrega de cientos de patrullas para los municipios en las pr\u00f3ximas semanas, la instalaci\u00f3n de c\u00e1maras de vigilancia en todas las regiones, y destac\u00f3 la inversi\u00f3n de seis mil millones de pesos que su administraci\u00f3n ha realizado en el tema de seguridad.<\/p>\n\n\n\n<p>&#8220;Hoy dimos arranque a la construcci\u00f3n de un nuevo Arco de Seguridad de la Puerta Amarilla, en los l\u00edmites de Torre\u00f3n y G\u00f3mez Palacio; una obra que sigue fortaleciendo el blindaje de nuestro Estado.<\/p>\n\n\n\n<p>Con m\u00e1s infraestructura, tecnolog\u00eda y coordinaci\u00f3n, seguimos trabajando para que Coahuila siga siendo uno de los mejores lugares de M\u00e9xico&nbsp;&nbsp;para vivir con nuestras familias&#8221;, se\u00f1al\u00f3 el gobernador.<\/p>\n\n\n\n<p>El Mandatario estatal destac\u00f3 que entre 2024 y 2025 se habr\u00e1n rehabilitado o construido 15 cuarteles tanto para la Polic\u00eda Estatal como para las Fuerzas Armadas en puntos estrat\u00e9gicos de nuestro estado.&nbsp;<\/p>\n\n\n\n<p>\u201cPorque para nosotros, la seguridad es lo m\u00e1s importante para que nuestra gente tenga calidad de vida\u201d, asegur\u00f3.<\/p>\n\n\n\n<p>Manolo Jim\u00e9nez expres\u00f3 que este evento de arranque del arco carretero es una representaci\u00f3n de lo que es la seguridad de Coahuila, porque a este tema, dijo, le entran todos, y que hay una gran alianza entre todas las instituciones de seguridad y tambi\u00e9n con la sociedad civil organizada, la iniciativa privada, los ciudadanos, lo que ha permitido tener un gran blindaje y que Coahuila sea uno de los estados m\u00e1s seguros del pa\u00eds.<\/p>\n\n\n\n<p>\u201cAqu\u00ed trabajamos con coordinaci\u00f3n y voluntad total de entrarle al tema de seguridad; porque si no hay voluntad, esto no funciona. Aqu\u00ed la gente tiene la certeza de que mandamos las instituciones\u201d, mencion\u00f3.<\/p>\n\n\n\n<p>Agreg\u00f3 que en el tema de seguridad se tiene que trabajar permanentemente, se tiene que invertir, se tiene que seguir unidos como sociedad para seguir blindado a Coahuila y que nuestro estado siga siendo uno de los mejores lugares de M\u00e9xico para vivir con nuestras familias.<\/p>\n\n\n\n<p>El gobernador Manolo Jim\u00e9nez reiter\u00f3 su compromiso de seguir fortaleciendo el blindaje de la entidad, de seguir fortaleciendo a las instituciones, y de seguir trabajando por la seguridad de Torre\u00f3n, de La Laguna y de Coahuila.<\/p>\n\n\n\n<p>Hugo Eduardo Guti\u00e9rrez Ram\u00edrez, secretario de Seguridad P\u00fablica se\u00f1al\u00f3 que la construcci\u00f3n de este arco de seguridad carretero refleja el compromiso del gobernador Manolo Jim\u00e9nez de consolidar a Coahuila como un estado seguro, blindado y preparado para los retos que puedan presentarse en materia de incidencia delictiva.<\/p>\n\n\n\n<p>Inform\u00f3 que este arco contar\u00e1 con cuatro carriles de revisi\u00f3n, ocho metros de altura, 25 metros de ancho, puente peatonal para uso del personal, sanitarios y un sistema de videovigilancia con el software de reconocimiento facial y de matr\u00edculas vehiculares.<\/p>\n\n\n\n<p>La inversi\u00f3n ser\u00e1 de 11.7 millones de pesos.<\/p>\n\n\n\n<p>Por su parte el alcalde de Torre\u00f3n, Rom\u00e1n Alberto Cepeda Gonz\u00e1lez, reconoci\u00f3 y agradeci\u00f3 el compromiso del gobernador Manolo Jim\u00e9nez con la seguridad de Torre\u00f3n, de La Laguna y de Coahuila, al poner en marcha la construcci\u00f3n de este arco de seguridad.<\/p>\n\n\n\n<p>Se\u00f1alo que la seguridad se construye con una gran alianza entre sociedad y gobierno, con inversi\u00f3n y con compromiso de todas y de todos.<\/p>\n\n\n\n<p>Acompa\u00f1aron al gobernador en este evento, Miguel Felipe Mery Ayup, magistrado presidente del Tribunal Superior de Justicia; General de Brigada EM Fernando Colchado G\u00f3mez, Comandante de la XI Regi\u00f3n Militar; Federico Fern\u00e1ndez Monta\u00f1ez, fiscal general del Estado; General de Brigada EM Jes\u00fas Adame Cabrera, Comandante de la Sexta Zona Militar; General de Brigada de Guardia Nacional de EM Francisco Acu\u00f1a D\u00edaz, coordinador estatal de la Guardia Nacional; General Brigadier EM Edilberto Jasso Godoy, comandante del Mando Especial de La Laguna; H\u00e9ctor Flores Rodr\u00edguez, subsecretario de Operaci\u00f3n Policial; Ferm\u00edn Muelas Septi\u00e9n director general de la UANE.<\/p>\n","protected":false},"excerpt":{"rendered":"<p>\u00b7&nbsp;&nbsp;&nbsp;&nbsp;&nbsp;&nbsp;El Gobernador del Estado pone en marcha la construcci\u00f3n del arco de seguridad carretero Coahuila \u2013 Durango Torre\u00f3n, Coahuila de Zaragoza; a 11 de septiembre de 2025.- El gobernador Manolo Jim\u00e9nez Salinas puso en marcha los trabajos de construcci\u00f3n del Arco de Seguridad Carretero Coahuila \u2013 Durango, en Torre\u00f3n, en evento en el que anunci\u00f3 la entrega de cientos de patrullas para los municipios en las pr\u00f3ximas semanas, la instalaci\u00f3n&#8230;<\/p>\n","protected":false},"author":1,"featured_media":28254,"comment_status":"closed","ping_status":"closed","sticky":false,"template":"","format":"standard","meta":{"footnotes":""},"categories":[5,15,28,24,7],"tags":[],"class_list":["post-28253","post","type-post","status-publish","format-standard","has-post-thumbnail","hentry","category-coahuila","category-gobierno-de-coahuila","category-la-laguna","category-seguridad","category-torreon","wpcat-5-id","wpcat-15-id","wpcat-28-id","wpcat-24-id","wpcat-7-id"],"_links":{"self":[{"href":"https:\/\/www.aquilaguna.com\/index.php\/wp-json\/wp\/v2\/posts\/28253","targetHints":{"allow":["GET"]}}],"collection":[{"href":"https:\/\/www.aquilaguna.com\/index.php\/wp-json\/wp\/v2\/posts"}],"about":[{"href":"https:\/\/www.aquilaguna.com\/index.php\/wp-json\/wp\/v2\/types\/post"}],"author":[{"embeddable":true,"href":"https:\/\/www.aquilaguna.com\/index.php\/wp-json\/wp\/v2\/users\/1"}],"replies":[{"embeddable":true,"href":"https:\/\/www.aquilaguna.com\/index.php\/wp-json\/wp\/v2\/comments?post=28253"}],"version-history":[{"count":1,"href":"https:\/\/www.aquilaguna.com\/index.php\/wp-json\/wp\/v2\/posts\/28253\/revisions"}],"predecessor-version":[{"id":28255,"href":"https:\/\/www.aquilaguna.com\/index.php\/wp-json\/wp\/v2\/posts\/28253\/revisions\/28255"}],"wp:featuredmedia":[{"embeddable":true,"href":"https:\/\/www.aquilaguna.com\/index.php\/wp-json\/wp\/v2\/media\/28254"}],"wp:attachment":[{"href":"https:\/\/www.aquilaguna.com\/index.php\/wp-json\/wp\/v2\/media?parent=28253"}],"wp:term":[{"taxonomy":"category","embeddable":true,"href":"https:\/\/www.aquilaguna.com\/index.php\/wp-json\/wp\/v2\/categories?post=28253"},{"taxonomy":"post_tag","embeddable":true,"href":"https:\/\/www.aquilaguna.com\/index.php\/wp-json\/wp\/v2\/tags?post=28253"}],"curies":[{"name":"wp","href":"https:\/\/api.w.org\/{rel}","templated":true}]}}