{"id":28257,"date":"2025-09-12T18:26:06","date_gmt":"2025-09-13T00:26:06","guid":{"rendered":"https:\/\/www.aquilaguna.com\/?p=28257"},"modified":"2025-09-12T18:26:06","modified_gmt":"2025-09-13T00:26:06","slug":"realizara-la-uadec-el-congreso-internacional-innovacion-y-sostenibilidad-innovar-hoy-sostener-manana","status":"publish","type":"post","link":"https:\/\/www.aquilaguna.com\/index.php\/2025\/09\/12\/realizara-la-uadec-el-congreso-internacional-innovacion-y-sostenibilidad-innovar-hoy-sostener-manana\/","title":{"rendered":"Realizar\u00e1 la UAdeC el Congreso Internacional Innovaci\u00f3n y Sostenibilidad \u201cInnovar Hoy, Sostener Ma\u00f1ana\u201d."},"content":{"rendered":"\n<p>SALTILLO, Coahuila. 12 de septiembre de 2025. La Universidad Aut\u00f3noma de<br>Coahuila a trav\u00e9s de la Direcci\u00f3n de Investigaci\u00f3n y Posgrado y el Centro de<br>Investigaci\u00f3n e Innovaci\u00f3n Cient\u00edfica y Tecnol\u00f3gica (CIICYT), invita al Congreso<br>Internacional Innovaci\u00f3n y Sostenibilidad \u201cInnovar hoy, sostener ma\u00f1ana\u201d, que se<br>llevar\u00e1 a cabo el 29, 30 y 31 de octubre de 2025 en Infoteca Campus Arteaga.<\/p>\n\n\n\n<p>En el evento se tendr\u00e1n conferencias cient\u00edficas plenarias y por invitaci\u00f3n, sesiones<br>de carteles y participaciones orales en las siguientes \u00e1reas tem\u00e1ticas:<br>Agroalimentaria, Salud, Social, Bionegocios y Econom\u00eda Circular, con lo que se<br>fomentar\u00e1 la innovaci\u00f3n sustentable, la formaci\u00f3n de recursos humanos y concretar<br>proyectos que revelen el estado actual y posibles soluciones a diversas<br>problem\u00e1ticas.<\/p>\n\n\n\n<p>En rueda de prensa dieron a conocer los detalles, el subdirector de Investigaci\u00f3n y<br>Posgrado, David Castro Lugo, la directora del CIICYT, Mar\u00eda Liliana Flores L\u00f3pez, el<br>presidente del comit\u00e9 organizador del evento, Crist\u00f3bal No\u00e9 Aguilar, los<br>investigadores del CIICYT, Jorge Luis Gu\u00eda y Cecilia de la Rosa y en representaci\u00f3n<br>de las instituciones participantes, de la Universidad Aut\u00f3noma Agraria Antonio Narro,<br>Ver\u00f3nica Charles.<\/p>\n\n\n\n<p>Comentaron que los interesados en participar con ponencias cortas o p\u00f3ster tienen<br>hasta hoy 12 de septiembre a las 12:00 de la noche para registrarse y enviar sus<br>res\u00famenes en https:\/\/tinyurl.com\/Inscripcion-CIIS-2025, por otro lado, quienes<br>deseen ir como asistentes pueden registrarse incluso el mismo d\u00eda del evento.<\/p>\n\n\n\n<p>Las conferencias que se impartir\u00e1n durante el evento son: Biorrefiner\u00edas de tercera<br>generaci\u00f3n: una plataforma sostenible para la seguridad\u202falimentaria;<br>Bioprocesamiento de elagitaninos para la obtenci\u00f3n de \u00e1cido el\u00e1gico: Un compuesto<br>de inter\u00e9s agroalimentario; Recuperaci\u00f3n de agua en residuos agroindustriales:<br>hacia un enfoque integral y sostenible.<\/p>\n\n\n\n<p>Desarrollo de Medicamentos Inteligentes Mediante la NanoBioIngenier\u00eda; Medicina<br>de Precisi\u00f3n y Gen\u00f3mica: Innovaci\u00f3n Sostenible para Sistemas de Salud Equitativos;<br>Plantas medicinales mexicanas como estrategias potenciales para el desarrollo de<br>agentes antimicrobianos; Importancia de la Planeaci\u00f3n Estrat\u00e9gica y la Innovaci\u00f3n<br>en la Sustentabilidad; Retos de la IA generativa en contextos de educaci\u00f3n superior.<\/p>\n\n\n\n<p>Sostenibilidad en el Semidesierto: Estrategias para el Desarrollo Regional en Viesca,<br>Coahuila; Del aula a la acci\u00f3n: educaci\u00f3n para la innovaci\u00f3n social y la<br>sostenibilidad; Microorganismos ben\u00e9ficos aplicados con Dron:\u00a0 Tecnolog\u00eda de alta<br>biodisponibilidad para control plagas y enfermedades en los cultivos.<\/p>\n\n\n\n<p>Para m\u00e1s informaci\u00f3n visitar la p\u00e1gina <a href=\"http:\/\/www.uadec.mx\/ciis\/\" target=\"_blank\" rel=\"noreferrer noopener\">www.uadec.mx\/ciis\/<\/a>, escribir a los correos<br>ciicyt@uadec.edu.mx e innovacionysostenibilidad2025@uadec.edu.mx o llamar al<br>(844) 111 2133.<\/p>\n","protected":false},"excerpt":{"rendered":"<p>SALTILLO, Coahuila. 12 de septiembre de 2025. La Universidad Aut\u00f3noma deCoahuila a trav\u00e9s de la Direcci\u00f3n de Investigaci\u00f3n y Posgrado y el Centro deInvestigaci\u00f3n e Innovaci\u00f3n Cient\u00edfica y Tecnol\u00f3gica (CIICYT), invita al CongresoInternacional Innovaci\u00f3n y Sostenibilidad \u201cInnovar hoy, sostener ma\u00f1ana\u201d, que sellevar\u00e1 a cabo el 29, 30 y 31 de octubre de 2025 en Infoteca Campus Arteaga. En el evento se tendr\u00e1n conferencias cient\u00edficas plenarias y por invitaci\u00f3n, sesionesde carteles&#8230;<\/p>\n","protected":false},"author":1,"featured_media":28258,"comment_status":"closed","ping_status":"","sticky":false,"template":"","format":"standard","meta":{"footnotes":""},"categories":[2],"tags":[],"class_list":["post-28257","post","type-post","status-publish","format-standard","has-post-thumbnail","hentry","category-uadec","wpcat-2-id"],"_links":{"self":[{"href":"https:\/\/www.aquilaguna.com\/index.php\/wp-json\/wp\/v2\/posts\/28257","targetHints":{"allow":["GET"]}}],"collection":[{"href":"https:\/\/www.aquilaguna.com\/index.php\/wp-json\/wp\/v2\/posts"}],"about":[{"href":"https:\/\/www.aquilaguna.com\/index.php\/wp-json\/wp\/v2\/types\/post"}],"author":[{"embeddable":true,"href":"https:\/\/www.aquilaguna.com\/index.php\/wp-json\/wp\/v2\/users\/1"}],"replies":[{"embeddable":true,"href":"https:\/\/www.aquilaguna.com\/index.php\/wp-json\/wp\/v2\/comments?post=28257"}],"version-history":[{"count":1,"href":"https:\/\/www.aquilaguna.com\/index.php\/wp-json\/wp\/v2\/posts\/28257\/revisions"}],"predecessor-version":[{"id":28259,"href":"https:\/\/www.aquilaguna.com\/index.php\/wp-json\/wp\/v2\/posts\/28257\/revisions\/28259"}],"wp:featuredmedia":[{"embeddable":true,"href":"https:\/\/www.aquilaguna.com\/index.php\/wp-json\/wp\/v2\/media\/28258"}],"wp:attachment":[{"href":"https:\/\/www.aquilaguna.com\/index.php\/wp-json\/wp\/v2\/media?parent=28257"}],"wp:term":[{"taxonomy":"category","embeddable":true,"href":"https:\/\/www.aquilaguna.com\/index.php\/wp-json\/wp\/v2\/categories?post=28257"},{"taxonomy":"post_tag","embeddable":true,"href":"https:\/\/www.aquilaguna.com\/index.php\/wp-json\/wp\/v2\/tags?post=28257"}],"curies":[{"name":"wp","href":"https:\/\/api.w.org\/{rel}","templated":true}]}}