{"id":28266,"date":"2025-09-12T20:01:12","date_gmt":"2025-09-13T02:01:12","guid":{"rendered":"https:\/\/www.aquilaguna.com\/?p=28266"},"modified":"2025-09-12T20:01:12","modified_gmt":"2025-09-13T02:01:12","slug":"servicios-publicos-prepara-la-ciudad-para-los-festejos-patrios","status":"publish","type":"post","link":"https:\/\/www.aquilaguna.com\/index.php\/2025\/09\/12\/servicios-publicos-prepara-la-ciudad-para-los-festejos-patrios\/","title":{"rendered":"Servicios P\u00fablicos prepara la ciudad para los festejos patrios."},"content":{"rendered":"\n<p>Torre\u00f3n, Coahuila. 12 de septiembre de 2025.<\/p>\n\n\n\n<p>En el marco de las celebraciones por el mes de la patria, el \u00e1rea de Mantenimiento<br>Urbano de la Direcci\u00f3n General de Servicios P\u00fablicos, inici\u00f3 un operativo especial<br>de embellecimiento en diferentes plazas, con el objetivo de que est\u00e9n en \u00f3ptimas<br>condiciones para los actos c\u00edvicos y festejos que se llevar\u00e1n a cabo en la ciudad.<\/p>\n\n\n\n<p>Fernando Villarreal Cu\u00e9llar, director de la dependencia, dio a conocer que para la<br>conmemoraci\u00f3n de la Gesta Heroica del 13 de septiembre, se est\u00e1n realizando<br>trabajos de mantenimiento y jardiner\u00eda en la plaza de la Tortuga, donde se<br>encuentran los monumentos a los Ni\u00f1os H\u00e9roes y a La Marina.<\/p>\n\n\n\n<p>Indic\u00f3 que las labores incluyen limpieza, pintura en placas, pulido de m\u00e1rmol y<br>pintura general en toda la plaza, donde se llevar\u00e1 a cabo el tradicional acto c\u00edvico.<\/p>\n\n\n\n<p>Asimismo, inform\u00f3 que para la noche del Grito de Independencia, el 15 de<br>septiembre, cuadrillas de la dependencia trabajan en la Plaza Mayor, con pintura<br>en el exterior de la Presidencia Municipal, en bancas, fuentes, tolvas y botes de<br>basura, para recibir a los miles de asistentes que se esperan, quienes disfrutar\u00e1n<br>del concierto de Intocable.<\/p>\n\n\n\n<p>Adem\u00e1s, el funcionario dijo que para el Acto C\u00edvico y la ceremonia del Ciudadano<br>Distinguido de Torre\u00f3n 2025 que se llevar\u00e1 a cabo en el Museo Arocena, se labora<br>a los alrededores del recinto, incluyendo la Plaza de Armas, para asegurar que los<br>espacios luzcan impecables tanto para este evento, como para el recorrido del<br>tradicional desfile del D\u00eda de la Independencia.<\/p>\n\n\n\n<p>Villarreal Cu\u00e9llar record\u00f3 que el a\u00f1o pasado, tras los festejos patrios se<br>recolectaron cinco toneladas de basura.<\/p>\n\n\n\n<p>En este sentido, hizo un llamado a la ciudadan\u00eda a colaborar manteniendo la<br>limpieza en la ciudad, utilizando los botes de basura y contenedores dispuestos en<br>los espacios p\u00fablicos.<\/p>\n\n\n\n<p>\u201cCon la participaci\u00f3n de todos, Torre\u00f3n podr\u00e1 disfrutar de una celebraci\u00f3n limpia y<br>segura, como es uno de los objetivos en la Administraci\u00f3n Municipal del alcalde<br>Rom\u00e1n Alberto Cepeda Gonz\u00e1lez\u201d.<\/p>\n","protected":false},"excerpt":{"rendered":"<p>Torre\u00f3n, Coahuila. 12 de septiembre de 2025. En el marco de las celebraciones por el mes de la patria, el \u00e1rea de MantenimientoUrbano de la Direcci\u00f3n General de Servicios P\u00fablicos, inici\u00f3 un operativo especialde embellecimiento en diferentes plazas, con el objetivo de que est\u00e9n en \u00f3ptimascondiciones para los actos c\u00edvicos y festejos que se llevar\u00e1n a cabo en la ciudad. Fernando Villarreal Cu\u00e9llar, director de la dependencia, dio a conocer&#8230;<\/p>\n","protected":false},"author":1,"featured_media":28267,"comment_status":"closed","ping_status":"","sticky":false,"template":"","format":"standard","meta":{"footnotes":""},"categories":[5,28,7],"tags":[],"class_list":["post-28266","post","type-post","status-publish","format-standard","has-post-thumbnail","hentry","category-coahuila","category-la-laguna","category-torreon","wpcat-5-id","wpcat-28-id","wpcat-7-id"],"_links":{"self":[{"href":"https:\/\/www.aquilaguna.com\/index.php\/wp-json\/wp\/v2\/posts\/28266","targetHints":{"allow":["GET"]}}],"collection":[{"href":"https:\/\/www.aquilaguna.com\/index.php\/wp-json\/wp\/v2\/posts"}],"about":[{"href":"https:\/\/www.aquilaguna.com\/index.php\/wp-json\/wp\/v2\/types\/post"}],"author":[{"embeddable":true,"href":"https:\/\/www.aquilaguna.com\/index.php\/wp-json\/wp\/v2\/users\/1"}],"replies":[{"embeddable":true,"href":"https:\/\/www.aquilaguna.com\/index.php\/wp-json\/wp\/v2\/comments?post=28266"}],"version-history":[{"count":1,"href":"https:\/\/www.aquilaguna.com\/index.php\/wp-json\/wp\/v2\/posts\/28266\/revisions"}],"predecessor-version":[{"id":28268,"href":"https:\/\/www.aquilaguna.com\/index.php\/wp-json\/wp\/v2\/posts\/28266\/revisions\/28268"}],"wp:featuredmedia":[{"embeddable":true,"href":"https:\/\/www.aquilaguna.com\/index.php\/wp-json\/wp\/v2\/media\/28267"}],"wp:attachment":[{"href":"https:\/\/www.aquilaguna.com\/index.php\/wp-json\/wp\/v2\/media?parent=28266"}],"wp:term":[{"taxonomy":"category","embeddable":true,"href":"https:\/\/www.aquilaguna.com\/index.php\/wp-json\/wp\/v2\/categories?post=28266"},{"taxonomy":"post_tag","embeddable":true,"href":"https:\/\/www.aquilaguna.com\/index.php\/wp-json\/wp\/v2\/tags?post=28266"}],"curies":[{"name":"wp","href":"https:\/\/api.w.org\/{rel}","templated":true}]}}