{"id":28291,"date":"2025-09-14T20:46:29","date_gmt":"2025-09-15T02:46:29","guid":{"rendered":"https:\/\/www.aquilaguna.com\/?p=28291"},"modified":"2025-09-14T20:46:29","modified_gmt":"2025-09-15T02:46:29","slug":"aqui-laguna-445","status":"publish","type":"post","link":"https:\/\/www.aquilaguna.com\/index.php\/2025\/09\/14\/aqui-laguna-445\/","title":{"rendered":"Aqu\u00ed Laguna."},"content":{"rendered":"\n<p>\u00a1Pobre Patria Mia!,\u00a0que vive en estas fechas que la conmemoran, otrora con fiestas y desfiles, hoy, en medio de ruido y furia\u00a0el caldero de la suspicacia p\u00fablica versus\u00a0grandes, cuando no todos los segmentos del gobierno federal, hist\u00f3rico tramo, sobre todo, cuando es una mujer,\u00a0condici\u00f3n de g\u00e9nero que\u00a0 reiteradamente\u00a0recalca\u00a0la narrativa oficial como \u2019\u2019la primera en la historia\u2019\u2019 cual si\u00a0tal condici\u00f3n dada por la naturaleza fuera, lo m\u00e1s sobresaliente\u00a0de la\u00a0trayectoria de Claudia Sheinbaum,\u00a0cual si\u00a0el mundo hubiera surgido apenas ayer, de cara a otros pa\u00edses, a otras civilizaciones que nos precedieron\u00a0y que registraron en sus procesos, el arribo\u00a0de la mujer a los m\u00e1s altos\u00a0sitios del poder pol\u00edtico,\u00a0por diversas v\u00edas, principalmente\u00a0el\u00a0din\u00e1stico, seg\u00fan registra la historia y que han sido juzgadas no por primerizas, sino por los saldos trascendentes que dejaron como saldo a su paso por tales sitios, solo apra citar\u00a0 ejemplos una Cleopatra, una Emperatriz Teodosia, la Reina Elizabeth Primera, Catalina La Grande, y m\u00e1s\u00a0 contempor\u00e1neas, qu\u00e9 me dicen de Margaret Tacher, o bien\u00a0Angela Merkel.<\/p>\n\n\n\n<p>Tal argumento no le hace justicia alguna a Claudia Sheinbaum, cuando es vista,\u00a0con todo el poder que le da su legitimidad\u00a0electoral a diario en el \u00e1gora televisiva, un tanto desorientada, tratando\u00a0de espantar, primero al fantasma\u00a0de Trump, pero m\u00e1s aun los demonios internos\u00a0desatados y sin control partidista de MORENA, carente pues de la institucionalidad, ese elemento que permiti\u00f3 al PRI,\u00a0con todos sus excesos, fallas y contradicciones\u00a0permanecer con las riendas del\u00a0 poder en mano a lo largo de m\u00e1s de 70 a\u00f1os, acompa\u00f1an en este tr\u00e1nsito\u00a0sin\u00a0argumentos\u00a0ni acciones, que la hacen que parezca n\u00e1ufraga en medio del proceloso mar de esc\u00e1ndalos recurrentes, donde cada d\u00eda,\u00a0el esc\u00e1ndalo de hoy\u00a0 entierra al de ayer, o as\u00ed parece hacerlo\u00a0y m\u00e1s aun, cuando en esta ocasi\u00f3n\u00a0el esc\u00e1ndalo toca el coraz\u00f3n mismo de la Secretar\u00eda de Marina,\u00a0como eje del monumental saqueo registrado en las arcas y los intereses\u00a0con la colusi\u00f3n de los mega intereses representados por grupos empresariales, funcionarios p\u00fablicos\u00a0y elementos directivos\u00a0 del m\u00e1s alto nivel como es el caso de los hermanitos\u00a0Far\u00edas Lagunas\u00a0 -Contralmirante y Vicealmirante- de la Secretar\u00eda de la Mariana y hasta as\u00ed sea por simple omisi\u00f3n a su ex titular Rafael Ojeda.<\/p>\n\n\n\n<p>Limpiar a esta ultima instituci\u00f3n equivaldr\u00eda, recurriendo a la mitolog\u00eda, a uno de los trabajos de H\u00e9rcules; la limpieza de los establos de Rey\u00a0 Augias, pero se puede, si se quiere,\u00a0pero\u00a0m\u00e1s aun, se debe,\u00a0pues cabe decir, que la confianza, ese intangible entre sociedad y gobierno est\u00e1 m\u00e1s que lastimada, sino por las acusaciones, sino por las suspicacias incontenibles que se generaron y siguen gener\u00e1ndose en\u00a0la opini\u00f3n p\u00fablica\u00a0de los mexicanos todos, solo por la intentona\u00a0de exponer, de manera p\u00fablica y a priori, sin agotar investigaci\u00f3n judicial alguna, al ex titular de la Secretar\u00eda de la Marina, el tal Rafael Ojeda, que adem\u00e1s, era la cabeza del\u00a0sistema\u00a0 aduanal, que Andr\u00e9s Manuel\u00a0L\u00f3pez Obrador puso bajo su cuidado y responsabilidad, que retir\u00f3\u00a0por sus pistolas a los civiles, &#8220;por corruptos&#8221;, argumento aderezado con el\u00a0 hoy fallido argumento de que los miembros de tal\u00a0cuerpo militar eran incorruptibles, y\u00a0que hoy los tienen\u00a0a algunos de sus m\u00e1s altos mandos, en la picota\u00a0p\u00fablica, am\u00e9n de que en\u00a0 este macro esc\u00e1ndalo, hay ya una larga fila de muertos, que aparecieron involucrados directa\u00a0o indirectamente en la trama criminal citada. <\/p>\n\n\n\n<p>Y qu\u00e9 decir, del transito que registra \u00a1oootro\u00a0 caso m\u00e1s!, el del contrabando o huachicol que a bordo de \u00a0 vagones circularon a lo largo y ancho de la\u00a0v\u00edas f\u00e9rreas de la zona norte, tras pasar por las Aduanas al menos de los Estados de Tamaulipas, Nuevo le\u00f3n y Coahuila para su distribuci\u00f3n y venta\u00a0 al menudeo, acci\u00f3n que implica un entramado de participantes en tal linea de distribuci\u00f3n, a la vista de todos. Cierto que se anunci\u00f3 que hay solicitadas 200 ordenes de aprehensi\u00f3n, sobre igual n\u00famero de\u00a0c\u00f3mplices y socios de tal interesante negocio, am\u00e9n de que ya\u00a0 produc\u00eda\u00a0el que gener\u00f3, originalmente el robo de combustible a trav\u00e9s de la orde\u00f1a de ductos, viejo ejercicio que se dice, registra m\u00e1s de 30 a\u00f1os de ejercicio -en esta zona lagunera-,\u00a0que\u00a0entre murmullos y susurros se\u00a0anticipan algunas de las identidades de su presuntos \u2018\u2019empresarios\u2019\u2019 de este giro,\u00a0no solo el del Monito Mu\u00f1oz, sino conspicuos empresarios \u00a0 de tal giro, algunos que muestran extraordinario boom\u00a0econ\u00f3mico, en especial los que surten de diesel a los grandes consumidores en la Laguna de este combustible, es decir, el sector agropecuario. Habr\u00e1 sorpresas dicen unos, en tanto otros,\u00a0no creen que el caso,\u00a0 avance m\u00e1s y se apague, como\u00a0es el caso, con los\u00a0mini esc\u00e1ndalos del Changol\u00e9on.\u00a0 <\/p>\n\n\n\n<p>Y en marcha el programa de vacunaci\u00f3n contra el sarampi\u00f3n,\u00a0seg\u00fan\u00a0el titular de la SSA\u00a0en la entidad, Doctor Eliud Aguirre, con todo y lo\u00a0escaso que registra su presencia en tierras coahuiltecas, un mero brote generado por\u00a0alg\u00fan\u00a0visitante despistado\u00a0que arrib\u00f3 a la zona\u00a0norte de la entidad, no m\u00e1s, pero por si las moscas, la vacunaci\u00f3n de menores\u00a0en escuelas de educaci\u00f3n primaria y\u00a0preescolar fueron m\u00e1s que bien recibidas por los pater familias y apoyadas, desde luego, por las autoridades educativas.<\/p>\n\n\n\n<p>Y este mediod\u00eda, en esta ciudad, rodeado de sus seres queridos y amigos falleci\u00f3\u00a0el colega y mejor amigo\u00a0 Gustavo de Le\u00f3n Mu\u00f1iz, quien enfrent\u00f3 con valor\u00a0y resiliencia\u00a0hasta su ultimo d\u00eda,\u00a0los males que aquejaron su\u00a0cuerpo\u00a0y que arrebataran\u00a0finalmente\u00a0su\u00a0vida. Un abrazo sincero para su familia toda, esperando que Dios les conceda\u00a0la fortaleza suficiente para superar tan dolorosa\u00a0p\u00e9rdida. <\/p>\n\n\n\n<p>Con todo y costal de penas, solo disfrutar en lo posible\u00a0el asueto obligado\u00a0y destinado a conmemorar\u00a0 el D\u00eda Patrio, el de la Independencia, tal y como se conceb\u00eda hace ya m\u00e1s de 200 a\u00f1os. Hoy hay que preguntarle a Trump, cuanto abarca\u00a0este concepto,\u00a0tal fecha, a\u00a0\u00e9l y sus\u00a0halcones.<\/p>\n","protected":false},"excerpt":{"rendered":"<p>\u00a1Pobre Patria Mia!,\u00a0que vive en estas fechas que la conmemoran, otrora con fiestas y desfiles, hoy, en medio de ruido y furia\u00a0el caldero de la suspicacia p\u00fablica versus\u00a0grandes, cuando no todos los segmentos del gobierno federal, hist\u00f3rico tramo, sobre todo, cuando es una mujer,\u00a0condici\u00f3n de g\u00e9nero que\u00a0 reiteradamente\u00a0recalca\u00a0la narrativa oficial como \u2019\u2019la primera en la historia\u2019\u2019 cual si\u00a0tal condici\u00f3n dada por la naturaleza fuera, lo m\u00e1s sobresaliente\u00a0de la\u00a0trayectoria de Claudia&#8230;<\/p>\n","protected":false},"author":2,"featured_media":0,"comment_status":"closed","ping_status":"","sticky":false,"template":"","format":"standard","meta":{"footnotes":""},"categories":[8],"tags":[],"class_list":["post-28291","post","type-post","status-publish","format-standard","hentry","category-aqui-laguna","wpcat-8-id"],"_links":{"self":[{"href":"https:\/\/www.aquilaguna.com\/index.php\/wp-json\/wp\/v2\/posts\/28291","targetHints":{"allow":["GET"]}}],"collection":[{"href":"https:\/\/www.aquilaguna.com\/index.php\/wp-json\/wp\/v2\/posts"}],"about":[{"href":"https:\/\/www.aquilaguna.com\/index.php\/wp-json\/wp\/v2\/types\/post"}],"author":[{"embeddable":true,"href":"https:\/\/www.aquilaguna.com\/index.php\/wp-json\/wp\/v2\/users\/2"}],"replies":[{"embeddable":true,"href":"https:\/\/www.aquilaguna.com\/index.php\/wp-json\/wp\/v2\/comments?post=28291"}],"version-history":[{"count":1,"href":"https:\/\/www.aquilaguna.com\/index.php\/wp-json\/wp\/v2\/posts\/28291\/revisions"}],"predecessor-version":[{"id":28292,"href":"https:\/\/www.aquilaguna.com\/index.php\/wp-json\/wp\/v2\/posts\/28291\/revisions\/28292"}],"wp:attachment":[{"href":"https:\/\/www.aquilaguna.com\/index.php\/wp-json\/wp\/v2\/media?parent=28291"}],"wp:term":[{"taxonomy":"category","embeddable":true,"href":"https:\/\/www.aquilaguna.com\/index.php\/wp-json\/wp\/v2\/categories?post=28291"},{"taxonomy":"post_tag","embeddable":true,"href":"https:\/\/www.aquilaguna.com\/index.php\/wp-json\/wp\/v2\/tags?post=28291"}],"curies":[{"name":"wp","href":"https:\/\/api.w.org\/{rel}","templated":true}]}}