{"id":28295,"date":"2025-09-15T19:14:20","date_gmt":"2025-09-16T01:14:20","guid":{"rendered":"https:\/\/www.aquilaguna.com\/?p=28295"},"modified":"2025-09-15T19:14:20","modified_gmt":"2025-09-16T01:14:20","slug":"proteccion-civil-y-bomberos-realiza-revisiones-previo-al-festejo-del-grito-de-independencia","status":"publish","type":"post","link":"https:\/\/www.aquilaguna.com\/index.php\/2025\/09\/15\/proteccion-civil-y-bomberos-realiza-revisiones-previo-al-festejo-del-grito-de-independencia\/","title":{"rendered":"Protecci\u00f3n Civil y Bomberos realiza revisiones previo al festejo del Grito de Independencia."},"content":{"rendered":"\n<p>Torre\u00f3n, Coahuila. A 15 de septiembre de 2025.<\/p>\n\n\n\n<p>Previo al inicio de los festejos de las Fiestas Patrias en Torre\u00f3n, personal de la<br>Direcci\u00f3n de Protecci\u00f3n Civil y Bomberos, realiza la revisi\u00f3n de las estructuras<br>donde se mont\u00f3 el escenario que ser\u00e1 utilizado durante esta noche, en la<br>celebraci\u00f3n del Grito de Independencia y el 118 aniversario de la ciudad.<\/p>\n\n\n\n<p>Jorge Luis Ju\u00e1rez Llanas, director de la dependencia, se\u00f1al\u00f3 que se estar\u00e1<br>monitoreando y atendiendo cualquier situaci\u00f3n para evitar incidentes.<\/p>\n\n\n\n<p>En cuanto a la tradicional pirotecnia, el director indic\u00f3 que se llev\u00f3 a cabo la<br>revisi\u00f3n de la colocaci\u00f3n de la misma, y se estar\u00e1 vigilando durante el<br>lanzamiento.<\/p>\n\n\n\n<p>&#8220;Cada revisi\u00f3n y el monitoreo constante es para garantizar la seguridad de todos<br>los asistentes durante la celebraci\u00f3n&#8221;.<\/p>\n\n\n\n<p>El operativo de vigilancia inicia desde las 17:00 horas, y concluye hasta que<br>culmine el evento. Adem\u00e1s, el funcionario destac\u00f3 la coordinaci\u00f3n con<br>dependencias estatales.<\/p>\n\n\n\n<p>Ju\u00e1rez Llanas record\u00f3 que es importante que la ciudadan\u00eda llegue con tiempo de<br>anticipaci\u00f3n a la explanada de la Plaza Mayor, y acudir con calzado y vestimenta<br>c\u00f3moda.<\/p>\n\n\n\n<p>Tambi\u00e9n es importante que eviten llevar objetos grandes. \u201cEst\u00e1 prohibido ingresar<br>con espumas y objetos punzocortantes o que puedan utilizarse como instrumentos<br>de agresi\u00f3n, como l\u00e1pices, plumas o paraguas\u201d, se\u00f1al\u00f3.<\/p>\n\n\n\n<p>Exhort\u00f3 a quienes decidan asistir con ni\u00f1as, ni\u00f1os y personas de la tercera edad,<br>a estar atentos, sobre todo con los menores para no perderlos de vista y con ello<br>evitar extrav\u00edos.<\/p>\n\n\n\n<p>Mencion\u00f3 que habr\u00e1 presencia de m\u00f3dulos de atenci\u00f3n a ni\u00f1os perdidos y<br>ambulancias alrededor de la Plaza Mayor.<\/p>\n\n\n\n<p>Finalmente, dijo que los elementos de Protecci\u00f3n Civil y Bomberos, la Direcci\u00f3n de<br>Seguridad P\u00fablica Municipal (DSPM), Vialidad y Movilidad Urbana, as\u00ed como<br>Salud Municipal y Plazas y Mercados, tendr\u00e1n presencia en el per\u00edmetro de la<br>explanada de la Plaza Mayor, para cubrir todas las zonas, y garantizar el orden y<br>seguridad durante estas fiestas del Grito de Independencia<\/p>\n","protected":false},"excerpt":{"rendered":"<p>Torre\u00f3n, Coahuila. A 15 de septiembre de 2025. Previo al inicio de los festejos de las Fiestas Patrias en Torre\u00f3n, personal de laDirecci\u00f3n de Protecci\u00f3n Civil y Bomberos, realiza la revisi\u00f3n de las estructurasdonde se mont\u00f3 el escenario que ser\u00e1 utilizado durante esta noche, en lacelebraci\u00f3n del Grito de Independencia y el 118 aniversario de la ciudad. Jorge Luis Ju\u00e1rez Llanas, director de la dependencia, se\u00f1al\u00f3 que se estar\u00e1monitoreando y&#8230;<\/p>\n","protected":false},"author":1,"featured_media":28296,"comment_status":"closed","ping_status":"","sticky":false,"template":"","format":"standard","meta":{"footnotes":""},"categories":[5,28,7],"tags":[],"class_list":["post-28295","post","type-post","status-publish","format-standard","has-post-thumbnail","hentry","category-coahuila","category-la-laguna","category-torreon","wpcat-5-id","wpcat-28-id","wpcat-7-id"],"_links":{"self":[{"href":"https:\/\/www.aquilaguna.com\/index.php\/wp-json\/wp\/v2\/posts\/28295","targetHints":{"allow":["GET"]}}],"collection":[{"href":"https:\/\/www.aquilaguna.com\/index.php\/wp-json\/wp\/v2\/posts"}],"about":[{"href":"https:\/\/www.aquilaguna.com\/index.php\/wp-json\/wp\/v2\/types\/post"}],"author":[{"embeddable":true,"href":"https:\/\/www.aquilaguna.com\/index.php\/wp-json\/wp\/v2\/users\/1"}],"replies":[{"embeddable":true,"href":"https:\/\/www.aquilaguna.com\/index.php\/wp-json\/wp\/v2\/comments?post=28295"}],"version-history":[{"count":1,"href":"https:\/\/www.aquilaguna.com\/index.php\/wp-json\/wp\/v2\/posts\/28295\/revisions"}],"predecessor-version":[{"id":28297,"href":"https:\/\/www.aquilaguna.com\/index.php\/wp-json\/wp\/v2\/posts\/28295\/revisions\/28297"}],"wp:featuredmedia":[{"embeddable":true,"href":"https:\/\/www.aquilaguna.com\/index.php\/wp-json\/wp\/v2\/media\/28296"}],"wp:attachment":[{"href":"https:\/\/www.aquilaguna.com\/index.php\/wp-json\/wp\/v2\/media?parent=28295"}],"wp:term":[{"taxonomy":"category","embeddable":true,"href":"https:\/\/www.aquilaguna.com\/index.php\/wp-json\/wp\/v2\/categories?post=28295"},{"taxonomy":"post_tag","embeddable":true,"href":"https:\/\/www.aquilaguna.com\/index.php\/wp-json\/wp\/v2\/tags?post=28295"}],"curies":[{"name":"wp","href":"https:\/\/api.w.org\/{rel}","templated":true}]}}