{"id":28298,"date":"2025-09-15T19:16:06","date_gmt":"2025-09-16T01:16:06","guid":{"rendered":"https:\/\/www.aquilaguna.com\/?p=28298"},"modified":"2025-09-15T19:16:06","modified_gmt":"2025-09-16T01:16:06","slug":"roman-alberto-cepeda-gonzalez-reconoce-a-ciudadania-distinguida-2025","status":"publish","type":"post","link":"https:\/\/www.aquilaguna.com\/index.php\/2025\/09\/15\/roman-alberto-cepeda-gonzalez-reconoce-a-ciudadania-distinguida-2025\/","title":{"rendered":"Rom\u00e1n Alberto Cepeda Gonz\u00e1lez reconoce a Ciudadan\u00eda Distinguida 2025."},"content":{"rendered":"\n<p>Torre\u00f3n, Coahuila. A 15 de septiembre de 2025.<\/p>\n\n\n\n<p>Con motivo del 118 aniversario de Torre\u00f3n como ciudad, el alcalde Rom\u00e1n Alberto<br>Cepeda Gonz\u00e1lez entreg\u00f3 las preseas a la Ciudadan\u00eda Distinguida 2025 durante la<br>Segunda Sesi\u00f3n Solemne de Cabildo, la cual se llev\u00f3 a cabo en la Plaza Pe\u00f1oles<br>del Museo Arocena a las 10:00 horas.<\/p>\n\n\n\n<p>El Presidente Municipal, acompa\u00f1ado de la presidenta honoraria del DIF Coahuila,<br>Liliana Salinas Vald\u00e9s, en representaci\u00f3n del gobernador Manolo Jim\u00e9nez Salinas;<br>y regidores y s\u00edndicas del Ayuntamiento, entregaron las preseas a quienes<br>destacaron por sus altos m\u00e9ritos, trayectoria y aportaciones en beneficio de la<br>sociedad, las ciencias, la educaci\u00f3n, la literatura y el deporte.<\/p>\n\n\n\n<p>En su mensaje, el Alcalde reconoci\u00f3 la labor de los galardonados \u201cnos reunimos<br>para rendir un merecido homenaje a aquellos que se han distinguido por su gran<br>contribuci\u00f3n a nuestra sociedad y a nuestra ciudad. En este recinto, en el mero<br>coraz\u00f3n de Torre\u00f3n, celebramos esta ocasi\u00f3n que nos llena de orgullo y de<br>esperanza, las preseas a la Ciudadan\u00eda Distinguida\u201d.<\/p>\n\n\n\n<p>Dijo que se trata de un reconocimiento a la grandeza de quienes con su ejemplo<br>ponen el alto el nombre de Torre\u00f3n, ciudad que avanza con rumbo y con paso<br>firme, y que se consolida como una potencia econ\u00f3mica de Coahuila y del norte<br>de M\u00e9xico, al ser generadora de inversi\u00f3n y de empleo.<\/p>\n\n\n\n<p>El Alcalde resalt\u00f3 que Torre\u00f3n es un lugar donde las empresas conf\u00edan, por las<br>condiciones de certeza y seguridad que ofrece la ciudad, y que se logran tambi\u00e9n<br>gracias a la estrecha coordinaci\u00f3n con el gobernador Manolo Jim\u00e9nez Salinas.<\/p>\n\n\n\n<p>Rom\u00e1n Alberto Cepeda Gonz\u00e1lez dijo que en Torre\u00f3n se impulsa la obra social y<br>el desarrollo comunitario, se invierte en grandes obras y acciones en beneficio de<br>cada una de las colonias, con programas como la rehabilitaci\u00f3n de plazas,<br>construcci\u00f3n de techumbres, labores de infraestructura estrat\u00e9gica, vialidades, y el<br>fortalecimiento de la competitividad.<\/p>\n\n\n\n<p>El Presidente Municipal se\u00f1al\u00f3 que lo m\u00e1s m\u00e1s valioso de Torre\u00f3n es su gente,<br>orgullo y legado de la ciudad. \u201cDetr\u00e1s de cada logro, obra y avance, est\u00e1n las<br>mujeres y hombres que con su esfuerzo diario hacen posible el crecimiento de<br>esta ciudad que justo hoy cumple 118 a\u00f1os. Estas preseas adquieren un<\/p>\n\n\n\n<p>significado especial, son un reconocimiento simb\u00f3lico por su ejemplo que nos<br>inspira a no conformarnos, a dar siempre m\u00e1s, a crear y a creer que Torre\u00f3n<br>siempre puede m\u00e1s\u201d.<\/p>\n\n\n\n<p>En representaci\u00f3n de los galardonados, Beatriz Eugenia Villarreal Gonz\u00e1lez,<br>dedic\u00f3 su reconocimiento a sus padres, y agradeci\u00f3 al Alcalde y la se\u00f1ora Selina<br>Bremer de Cepeda, presidenta honoraria de DIF Torre\u00f3n, por su liderazgo y<br>compromiso con la comunidad.<\/p>\n\n\n\n<p>La presea Paca de Oro, que se otorga a la ciudadana que haya destacado en<br>actos de beneficencia social o al servicio de la comunidad, fue entregada en esta<br>ocasi\u00f3n a Beatriz Eugenia Villarreal Gonz\u00e1lez, por destacada labor en la docencia.<\/p>\n\n\n\n<p>La medalla de oro, entregada al ciudadano que haya sobresalido en actos de<br>beneficencia social o al servicio de la comunidad, fue para el presb\u00edtero V\u00edctor<br>Manuel G\u00f3mez Hern\u00e1ndez, con m\u00e1s de 30 a\u00f1os dedicado al servicio de la fe.<\/p>\n\n\n\n<p>Adem\u00e1s, se entreg\u00f3 la medalla Bulmaro Valdez Anaya, que se otorga a la persona<br>eminente en labores cient\u00edficas, a Nagamani Balagurusamy por su compromiso<br>con la ciencia, la educaci\u00f3n y el medio ambiente.<\/p>\n\n\n\n<p>La medalla de oro post mortem fue para Alfonso Garibay Fern\u00e1ndez, quien fund\u00f3<br>el Instituto de Audici\u00f3n y Lenguaje, dedicado a rehabilitar a ni\u00f1os con sordera;<br>adem\u00e1s dej\u00f3 un importante legado en el arte teatral. Recibi\u00f3 el reconocimiento su<br>hermana, Cristina Garibay Fern\u00e1ndez.<\/p>\n\n\n\n<p>La medalla Magdalena Mondrag\u00f3n, que se destina a la persona destacada en<br>labores art\u00edsticas, literarias o culturales, fue entregada este a\u00f1o a Luisa Fernanda<br>Villegas Camil, promotora del desarrollo cultural de la ciudad.<\/p>\n\n\n\n<p>El trofeo de cristal que se otorga a la persona destacada en el campo deportivo,<br>fue para Luis Carlos P\u00e9rez Cabello, piloto profesional de automovilismo, quien ha<br>participado en competencias internacionales.<\/p>\n\n\n\n<p>El trofeo de cristal para las personas con discapacidad, destinado a quien haya<br>destacado en el campo deportivo, se entreg\u00f3 a \u00c1ngel de Jes\u00fas Medina Cruz,<br>ejemplo de pasi\u00f3n, disciplina y constancia, ganador de medallas de oro, plata y<br>bronce en competencias de atletismo y futbol.<\/p>\n\n\n\n<p>El trofeo ni\u00f1os h\u00e9roes que se otorga a la persona menor de 18 a\u00f1os que destaque<br>ya sea en una o varias disciplinas deportivas o que sobresalga por sus m\u00e9ritos<br>sociales o acad\u00e9micos, fue para Evelyn Fernanda Carrillo Luna.<\/p>\n\n\n\n<p>El trofeo ni\u00f1os h\u00e9roes con discapacidad fue para Zayra Cecilia Castillo Ib\u00e1\u00f1ez,<br>destacada atleta de nataci\u00f3n.<\/p>\n\n\n\n<p>Una vez agotados los puntos del orden del d\u00eda, se dio por clausurada la Segunda<br>Sesi\u00f3n Solemne del Cabildo de Torre\u00f3n, en la que se cont\u00f3 con la participaci\u00f3n de<br>la Escolta y la Banda de Guerra del 33 Batall\u00f3n de Infanter\u00eda.<\/p>\n","protected":false},"excerpt":{"rendered":"<p>Torre\u00f3n, Coahuila. A 15 de septiembre de 2025. Con motivo del 118 aniversario de Torre\u00f3n como ciudad, el alcalde Rom\u00e1n AlbertoCepeda Gonz\u00e1lez entreg\u00f3 las preseas a la Ciudadan\u00eda Distinguida 2025 durante laSegunda Sesi\u00f3n Solemne de Cabildo, la cual se llev\u00f3 a cabo en la Plaza Pe\u00f1olesdel Museo Arocena a las 10:00 horas. El Presidente Municipal, acompa\u00f1ado de la presidenta honoraria del DIF Coahuila,Liliana Salinas Vald\u00e9s, en representaci\u00f3n del gobernador Manolo&#8230;<\/p>\n","protected":false},"author":1,"featured_media":28299,"comment_status":"closed","ping_status":"","sticky":false,"template":"","format":"standard","meta":{"footnotes":""},"categories":[5,28,7],"tags":[],"class_list":["post-28298","post","type-post","status-publish","format-standard","has-post-thumbnail","hentry","category-coahuila","category-la-laguna","category-torreon","wpcat-5-id","wpcat-28-id","wpcat-7-id"],"_links":{"self":[{"href":"https:\/\/www.aquilaguna.com\/index.php\/wp-json\/wp\/v2\/posts\/28298","targetHints":{"allow":["GET"]}}],"collection":[{"href":"https:\/\/www.aquilaguna.com\/index.php\/wp-json\/wp\/v2\/posts"}],"about":[{"href":"https:\/\/www.aquilaguna.com\/index.php\/wp-json\/wp\/v2\/types\/post"}],"author":[{"embeddable":true,"href":"https:\/\/www.aquilaguna.com\/index.php\/wp-json\/wp\/v2\/users\/1"}],"replies":[{"embeddable":true,"href":"https:\/\/www.aquilaguna.com\/index.php\/wp-json\/wp\/v2\/comments?post=28298"}],"version-history":[{"count":1,"href":"https:\/\/www.aquilaguna.com\/index.php\/wp-json\/wp\/v2\/posts\/28298\/revisions"}],"predecessor-version":[{"id":28300,"href":"https:\/\/www.aquilaguna.com\/index.php\/wp-json\/wp\/v2\/posts\/28298\/revisions\/28300"}],"wp:featuredmedia":[{"embeddable":true,"href":"https:\/\/www.aquilaguna.com\/index.php\/wp-json\/wp\/v2\/media\/28299"}],"wp:attachment":[{"href":"https:\/\/www.aquilaguna.com\/index.php\/wp-json\/wp\/v2\/media?parent=28298"}],"wp:term":[{"taxonomy":"category","embeddable":true,"href":"https:\/\/www.aquilaguna.com\/index.php\/wp-json\/wp\/v2\/categories?post=28298"},{"taxonomy":"post_tag","embeddable":true,"href":"https:\/\/www.aquilaguna.com\/index.php\/wp-json\/wp\/v2\/tags?post=28298"}],"curies":[{"name":"wp","href":"https:\/\/api.w.org\/{rel}","templated":true}]}}