{"id":2853,"date":"2021-06-18T17:08:23","date_gmt":"2021-06-18T22:08:23","guid":{"rendered":"https:\/\/www.aquilaguna.com\/?p=2853"},"modified":"2021-06-18T17:08:24","modified_gmt":"2021-06-18T22:08:24","slug":"concluye-ciclo-de-conferencias-de-cara-a-la-agenda-2030-reflexiones-sobre-el-modelo-educativo-de-la-uadec","status":"publish","type":"post","link":"https:\/\/www.aquilaguna.com\/index.php\/2021\/06\/18\/concluye-ciclo-de-conferencias-de-cara-a-la-agenda-2030-reflexiones-sobre-el-modelo-educativo-de-la-uadec\/","title":{"rendered":"Concluye Ciclo de Conferencias \u201cDe Cara a la Agenda 2030, Reflexiones sobre el Modelo Educativo de la UAdeC\u201d."},"content":{"rendered":"\n<p>SALTILLO, Coahuila. 18 de junio de 2021.-Con la charla \u201cRetos y oportunidades<br>para la transformaci\u00f3n educativa en instituciones de Educaci\u00f3n Superior\u201d a cargo<br>de la directora de Innovaci\u00f3n Educativa del Tecnol\u00f3gico de Monterrey, Elsa<br>Beatriz Palacios Corral, la Universidad Aut\u00f3noma de Coahuila a trav\u00e9s de la<br>Coordinaci\u00f3n General de Extensi\u00f3n Universitaria, concluy\u00f3 este viernes, el ciclo de<br>conferencias \u201cDe cara a la Agenda 2030, Reflexiones sobre el Modelo Educativo<br>de la UAdeC\u201d.<\/p>\n\n\n\n<p>Durante la actividad transmitida por Zoom, el rector de la m\u00e1xima casa de<br>estudios, Salvador Hern\u00e1ndez V\u00e9lez, agradeci\u00f3 la iniciativa impulsada por la<br>Coordinaci\u00f3n General de Extensi\u00f3n Universitaria, la cual permiti\u00f3 un espacio de<br>reflexi\u00f3n e intercambio de experiencias del personal docente y principales<br>demandas del alumnado para la construcci\u00f3n colectiva de una propuesta de<br>Reforma Acad\u00e9mica Universitaria.<\/p>\n\n\n\n<p>\u201cA lo largo de la semana, tuvimos conferencias con calidad excepcional que nos<br>brindaron herramientas y estrategias pedag\u00f3gicas para afrontar las nuevas<br>problem\u00e1ticas educativas que trajo consigo el COVID-19, \u00fatiles recursos que nos<br>ayudar\u00e1n a plantear nuestro proceso de adaptaci\u00f3n institucional post-pandemia\u201d,<br>mencion\u00f3.<\/p>\n\n\n\n<p>Hern\u00e1ndez V\u00e9lez, destac\u00f3 la participaci\u00f3n de la comunidad universitaria en las<br>charlas y las propuestas de mejora al Modelo Educativo de la UAdeC, mismas que<br>se incorporar\u00e1n en un documento final que ser\u00e1 presentado ante el H. Consejo<br>Universitario para su votaci\u00f3n en los pr\u00f3ximos meses, al tiempo que reconoci\u00f3 la<br>trayectoria y experiencia en innovaci\u00f3n educativa de la Dra. Elsa Beatriz Palacios<br>y del Tecnol\u00f3gico de Monterrey en una instituci\u00f3n hermana y de gran prestigio en<br>el pa\u00eds.<\/p>\n\n\n\n<p>Por su parte, la directora de Innovaci\u00f3n Educativa del ITESM, comparti\u00f3 con los<br>asistentes a la charla, los antecedentes y estrategias de transformaci\u00f3n de los<br>modelos educativos, flexibles y digitales que ya se implementan en muchas<br>universidades del mundo; \u201cEl primer reto que nos puso de frente la pandemia fue<br>asegurar la continuidad acad\u00e9mica durante los primeros meses, ahora, nuestra<br>principal tarea es explorar las nuevas tendencias de aprendizaje acordes a la<br>realidad, e identificar aquellas que son \u00fatiles para la ense\u00f1anza en nuestro<br>contexto\u201d, se\u00f1al\u00f3.<\/p>\n\n\n\n<p>Asimismo, Palacios Corral explic\u00f3 que los nuevos cambios en la educaci\u00f3n digital<br>deben acompa\u00f1arse de una masificaci\u00f3n del aprendizaje, como un canal de<br>transferencia de conocimiento personalizado y adaptativo, partiendo del uso de la<br>tecnolog\u00eda como impulsor de colaboraci\u00f3n, que coadyuve al proceso formativo en<br>distintas modalidades digitales, para brindar nuevas experiencias a los estudiantes<br>y un entrenamiento constante a los profesores.<\/p>\n\n\n\n<p>\u201cActualmente, se cuentan con m\u00faltiples herramientas tecnol\u00f3gicas como apps<br>educativas, ambientes virtuales de aprendizaje, telepresencia hologr\u00e1fica y<br>rob\u00f3tica, inteligencias artificiales, por mencionar algunos casos, que se podr\u00edan<br>considerar para el despliegue de modalidades digitales de ense\u00f1anza, como el<br>modelo inmersivo de forma presencial que hace uso de la tecnolog\u00eda en el aula o<br>el formato h\u00edbrido y a distancia\u201d, dijo.<\/p>\n\n\n\n<p>De igual forma, la Dra. Elsa Beatriz, coment\u00f3 que la realidad post-pandemia,<br>demanda la vinculaci\u00f3n entre los centros acad\u00e9micos para permitir el crecimiento<br>de credencializaci\u00f3n de la comunidad educativa, con el fin de potenciar la<br>cooperaci\u00f3n acad\u00e9mica, cient\u00edfica y social, as\u00ed como la empleabilidad de<br>estudiantes en cualquier ubicaci\u00f3n geogr\u00e1fica.<\/p>\n\n\n\n<p>\u201cLa innovaci\u00f3n educativa es el motor de ese cambio desde las aulas, pues permite<br>a nuestros alumnos, profesores y colaboradores, adquirir y desarrollar su m\u00e1ximo<br>potencial a trav\u00e9s de la educaci\u00f3n; lo que permanece es la necesidad y el deseo<br>del ser humano por aprender, crecer y desarrollarse, los cambios acelerados y<br>constantes har\u00e1n m\u00e1s relevantes e importantes la pasi\u00f3n por siempre seguir<br>aprendiendo, cuestionando e innovando\u201d, finaliz\u00f3.<\/p>\n\n\n\n<p>Elsa Beatriz Palacios Corral es Licenciada en Ciencias de la Computaci\u00f3n con<br>Maestr\u00eda en Educaci\u00f3n y una especialidad en Comunicaci\u00f3n y Tecnolog\u00eda<br>Educativa, adem\u00e1s, tiene un Doctorado en Innovaci\u00f3n Educativa con enfoque en<br>Liderazgo Educativo y Aprendizaje Organizacional; a lo largo de 25 a\u00f1os, ha<br>estado involucrada en el dise\u00f1o y producci\u00f3n de programas de educaci\u00f3n virtuales<br>y ha participado en la definici\u00f3n de la estrategia para integrar la modalidad en<br>l\u00ednea en el Tecnol\u00f3gico de Monterrey, empresas y universidades.<\/p>\n","protected":false},"excerpt":{"rendered":"<p>SALTILLO, Coahuila. 18 de junio de 2021.-Con la charla \u201cRetos y oportunidadespara la transformaci\u00f3n educativa en instituciones de Educaci\u00f3n Superior\u201d a cargode la directora de Innovaci\u00f3n Educativa del Tecnol\u00f3gico de Monterrey, ElsaBeatriz Palacios Corral, la Universidad Aut\u00f3noma de Coahuila a trav\u00e9s de laCoordinaci\u00f3n General de Extensi\u00f3n Universitaria, concluy\u00f3 este viernes, el ciclo deconferencias \u201cDe cara a la Agenda 2030, Reflexiones sobre el Modelo Educativode la UAdeC\u201d. Durante la actividad transmitida&#8230;<\/p>\n","protected":false},"author":1,"featured_media":2854,"comment_status":"closed","ping_status":"closed","sticky":false,"template":"","format":"standard","meta":{"footnotes":""},"categories":[2],"tags":[],"class_list":["post-2853","post","type-post","status-publish","format-standard","has-post-thumbnail","hentry","category-uadec","wpcat-2-id"],"_links":{"self":[{"href":"https:\/\/www.aquilaguna.com\/index.php\/wp-json\/wp\/v2\/posts\/2853","targetHints":{"allow":["GET"]}}],"collection":[{"href":"https:\/\/www.aquilaguna.com\/index.php\/wp-json\/wp\/v2\/posts"}],"about":[{"href":"https:\/\/www.aquilaguna.com\/index.php\/wp-json\/wp\/v2\/types\/post"}],"author":[{"embeddable":true,"href":"https:\/\/www.aquilaguna.com\/index.php\/wp-json\/wp\/v2\/users\/1"}],"replies":[{"embeddable":true,"href":"https:\/\/www.aquilaguna.com\/index.php\/wp-json\/wp\/v2\/comments?post=2853"}],"version-history":[{"count":1,"href":"https:\/\/www.aquilaguna.com\/index.php\/wp-json\/wp\/v2\/posts\/2853\/revisions"}],"predecessor-version":[{"id":2855,"href":"https:\/\/www.aquilaguna.com\/index.php\/wp-json\/wp\/v2\/posts\/2853\/revisions\/2855"}],"wp:featuredmedia":[{"embeddable":true,"href":"https:\/\/www.aquilaguna.com\/index.php\/wp-json\/wp\/v2\/media\/2854"}],"wp:attachment":[{"href":"https:\/\/www.aquilaguna.com\/index.php\/wp-json\/wp\/v2\/media?parent=2853"}],"wp:term":[{"taxonomy":"category","embeddable":true,"href":"https:\/\/www.aquilaguna.com\/index.php\/wp-json\/wp\/v2\/categories?post=2853"},{"taxonomy":"post_tag","embeddable":true,"href":"https:\/\/www.aquilaguna.com\/index.php\/wp-json\/wp\/v2\/tags?post=2853"}],"curies":[{"name":"wp","href":"https:\/\/api.w.org\/{rel}","templated":true}]}}