{"id":288,"date":"2021-02-10T18:57:03","date_gmt":"2021-02-11T00:57:03","guid":{"rendered":"http:\/\/34.69.167.107\/?p=288"},"modified":"2021-02-10T18:57:03","modified_gmt":"2021-02-11T00:57:03","slug":"congreso-del-estado-de-coahuila-informa-3","status":"publish","type":"post","link":"https:\/\/www.aquilaguna.com\/index.php\/2021\/02\/10\/congreso-del-estado-de-coahuila-informa-3\/","title":{"rendered":"CONGRESO DEL ESTADO DE COAHUILA INFORMA."},"content":{"rendered":"\n<p>La Diputaci\u00f3n Permanente de la Sexag\u00e9sima Segunda Legislatura<br>del Congreso del Estado de Coahuila de Zaragoza, aprob\u00f3 hoy por<br>unanimidad de votos una propuesta de Acuerdo de la Junta de Gobierno, con la finalidad de realizar una Sesi\u00f3n Solemne para celebrar el \u201cD\u00eda del Ejercito\u201d, y rendir homenaje a Don Venustiano Carranza y a los Diputados del Vig\u00e9simo Segundo Congreso Constitucional del Estado, por su hist\u00f3rica decisi\u00f3n de desconocer el r\u00e9gimen usurpador del Poder Ejecutivo Federal en 1913.<\/p>\n\n\n\n<p><br>La Sesi\u00f3n Solemne se celebrar\u00e1 a partir de las 10:00 horas del d\u00eda 19 de<br>febrero de 2021, en el Sal\u00f3n de Sesiones con la asistencia de todas y todos los integrantes de la Sexag\u00e9sima Segunda Legislatura.<\/p>\n\n\n\n<p><br>A la misma se invitar\u00e1 a los Titulares de los Poderes Ejecutivo y Judicial del<br>Estado, autoridades civiles, as\u00ed como al Comandante de la D\u00e9cima Primera<br>Regi\u00f3n Militar, al Comandante de la Sexta Zona Militar, para que acompa\u00f1ados de oficiales, jefes y personal militar, asistan como invitados especiales a este solemne evento.<\/p>\n\n\n\n<p><br>La presidencia de la Mesa Directiva se encargar\u00e1 de conducir el desarrollo<br>de esta Sesi\u00f3n Solemne, conforme al Orden del D\u00eda que acuerde la Junta de<br>Gobierno. <\/p>\n\n\n\n<p><br>Por otra parte, durante esta Cuarta Sesi\u00f3n de la Diputaci\u00f3n Permanente<br>del Primer Periodo, correspondiente al Primer A\u00f1o de Ejercicio Constitucional, celebrada el d\u00eda de hoy, las diputadas y los diputados aprobaron por unanimidad de votos los siguientes dict\u00e1menes:<\/p>\n\n\n\n<p><br>1.- Dictamen de la Comisi\u00f3n de Gobernaci\u00f3n, Puntos Constitucionales<br>y Justicia, con Proyecto de Decreto por el que se designa a la C. Olivia Lira<br>Hern\u00e1ndez, para desempe\u00f1ar las funciones de Primera Regidora del R.<br>Ayuntamiento de Viesca, en sustituci\u00f3n de la C. Alejandra Elizabeth L\u00f3pez Favela, cargo que deber\u00e1 desempe\u00f1ar a partir de que rinda la protesta de ley y por el periodo de tiempo de la licencia otorgada a la C. L\u00f3pez Favela.<\/p>\n\n\n\n<p><br> 2.- Dictamen de la Comisi\u00f3n de Gobernaci\u00f3n, Puntos Constitucionales<br>y Justicia, con Proyecto de Decreto por el que se designa a la C. Ruth Nohem\u00ed<br>Vega Villase\u00f1or, para desempe\u00f1ar las funciones de Regidora de Representaci\u00f3n Proporcional del R. Ayuntamiento de Ocampo, en sustituci\u00f3n del C. Feliciano Arizpe Garc\u00eda, cargo que deber\u00e1 desempa\u00f1ar a partir de que rinda la protesta de ley.<\/p>\n\n\n\n<p>3.- Dictamen de la Comisi\u00f3n de Gobernaci\u00f3n, Puntos Constitucionales<br>y Justicia, con Proyecto de Decreto por el que se designa a la C. Isabel<br>Cristina Herrera D\u00e1vila, para desempe\u00f1ar las funciones de Sexta Regidora del R. Ayuntamiento de San Juan de Sabinas, en sustituci\u00f3n de la C. Brenda Elizabeth Flores Flores, cargo que deber\u00e1 desempe\u00f1ar a partir de que rinda la protesta de ley y por el periodo de tiempo de la licencia otorgada a la C. Flores Flores.<\/p>\n\n\n\n<p><br>4.- Dictamen de la Comisi\u00f3n de Gobernaci\u00f3n, Puntos Constitucionales<br>y Justicia, con Proyecto de Decreto por el que se designa a la C. Mar\u00eda Esther<br>Caudillo Olvera, para desempe\u00f1ar las funciones de Regidora de Representaci\u00f3n Proporcional del R. Ayuntamiento de Francisco I. Madero, en sustituci\u00f3n de la C. Rosa Maribel Coronado Mart\u00ednez, cargo que deber\u00e1 desempe\u00f1ar a partir de que rinda la protesta de ley y por el tiempo de la licencia otorgada a la C. Coronado Mart\u00ednez.<\/p>\n\n\n\n<p><br>5.- Dictamen de la Comisi\u00f3n de Gobernaci\u00f3n, Puntos Constitucionales<br>y Justicia, con Proyecto de Decreto por el que se designa a la C. Anna Patricia Chavarr\u00eda Cruz, para desempe\u00f1ar las funciones de Regidora de Representaci\u00f3n Proporcional del R. Ayuntamiento de Piedras Negras, en sustituci\u00f3n de la C. Melissa Yamile Garza Ramos, cargo que deber\u00e1 desempe\u00f1ar a partir de que rinda la protesta de ley y por el tiempo de la licencia otorgada a la C. Garza Ramos.<\/p>\n\n\n\n<p><br>6.- Dictamen de la Comisi\u00f3n de Gobernaci\u00f3n, Puntos Constitucionales<br>y Justicia, con Proyecto de Decreto por el que se designa a la C. Elda Lissette<br>L\u00f3pez G\u00e1mez, para desempe\u00f1ar las funciones de Regidora de Representaci\u00f3n Proporcional del R. Ayuntamiento de San Juan de Sabinas, en sustituci\u00f3n de la C. Martha Alicia Mu\u00f1oz Lara, cargo que deber\u00e1 desempe\u00f1ar a partir de que rinda la protesta de ley y por el tiempo de la licencia otorgada a la C. Mu\u00f1oz Lara.<\/p>\n\n\n\n<p><br>7.- Dictamen de la Comisi\u00f3n de Gobernaci\u00f3n, Puntos Constitucionales<br>y Justicia, con Proyecto de Decreto por el que se designa al C. Ambrosio<br>Israel Pruneda Barrera, para desempe\u00f1ar las funciones de Regidor de<br>Representaci\u00f3n Proporcional del R. Ayuntamiento de Monclova, en sustituci\u00f3n del C. C\u00e9sar Flores Sosa, cargo que deber\u00e1 desempe\u00f1ar a partir de que rinda la protesta de ley y por el tiempo de la licencia otorgada al C. Flores Sosa.<\/p>\n\n\n\n<p><br>8.- Dictamen de la Comisi\u00f3n de Gobernaci\u00f3n, Puntos Constitucionales<br>y Justicia, con Proyecto de Decreto por el que se designa designa al C. Arturo<br>Buentello V\u00e1zquez, para desempe\u00f1ar las funciones de Primer Regidor del R.<br>Ayuntamiento de Allende, en sustituci\u00f3n del C. Jos\u00e9 de Jes\u00fas D\u00edaz Guti\u00e9rrez,<br>cargo que deber\u00e1 desempe\u00f1ar a partir de que rinda la protesta de ley, por el<br>periodo de tiempo de la licencia otorgada al C. D\u00edaz Guti\u00e9rrez.<\/p>\n\n\n\n<p>9.- Dictamen de la Comisi\u00f3n de Gobernaci\u00f3n, Puntos Constitucionales<br>y Justicia, con Proyecto de Decreto por el que se designa al C. Arnold<br>Gabriel Montalvo Galv\u00e1n, para desempe\u00f1ar las funciones de Tercer Regidor del R. Ayuntamiento de Monclova, en sustituci\u00f3n del C. Theodoros Kalionchiz de la Fuente, cargo que deber\u00e1 desempe\u00f1ar a partir de que rinda la protesta de ley y por el periodo de tiempo de la licencia otorgada al C. Kalionchiz.<\/p>\n\n\n\n<p><br>10.- Dictamen de la Comisi\u00f3n de Gobernaci\u00f3n, Puntos Constitucionales y Justicia, con Proyecto de Decreto por el que se designa a la C. Susana Mayela G\u00f3mez Estrada para desempe\u00f1ar las funciones de Regidora de Representaci\u00f3n Proporcional del R. Ayuntamiento de Casta\u00f1os, en sustituci\u00f3n del C. Juan Antonio Garza Garc\u00eda, cargo que deber\u00e1 desempe\u00f1ar a partir de que rinda la protesta de ley.<\/p>\n\n\n\n<p><br>11.- Dictamen de la Comisi\u00f3n de Gobernaci\u00f3n, Puntos Constitucionales y Justicia, con Proyecto de Decreto por el que se otorga licencia mayor a quince d\u00edas y por tiempo indefinido al C. Eduardo Javier Alonso<br>Navarro, para separarse del cargo de Quinto Regidor del R. Ayuntamiento de General Cepeda, con efectos a partir de la presentaci\u00f3n de la solicitud de licencia; y, se designa al C. Juan Humberto Marines Alonso, para desempe\u00f1ar las funciones de Quinto Regidor del R. Ayuntamiento de General Cepeda, cargo que deber\u00e1 desempe\u00f1ar a partir de que rinda la protesta de ley y por el periodo de tiempo de la licencia otorgada al C. Alonso Navarro.<\/p>\n\n\n\n<p>12.- Dictamen de la Comisi\u00f3n de Gobernaci\u00f3n, Puntos Constitucionales y Justicia, con Proyecto de Decreto por el que se otorga licencia mayor a quince d\u00edas y por tiempo indefinido a la C. Juana Mar\u00eda Deyanira<br>Seturino Alcal\u00e1, para separarse del cargo de Regidora de Representaci\u00f3n<br>Proporcional del Ayuntamiento de San Pedro, con efectos a partir de la<br>presentaci\u00f3n de la solicitud de licencia; y por el que designa a la C. Aracely Mireya Almaraz Molina, para desempe\u00f1ar las funciones de Regidora de Representaci\u00f3n Proporcional del R. Ayuntamiento de San Pedro, en sustituci\u00f3n de la C. Juana Mar\u00eda Deyanira Seturino Alcal\u00e1, cargo que deber\u00e1 desempa\u00f1ar a partir de que rinda la protesta de ley.<\/p>\n\n\n\n<p>Por otra parte, en esta Sesi\u00f3n diputadas y diputados plantearon<br>Proposiciones con Punto de Acuerdo, mismas que fueron aprobadas en la<br>forma siguiente:<\/p>\n\n\n\n<p><br>1.- Proposici\u00f3n con Punto de Acuerdo con el objeto de exhortar al<br>Instituto de Salud para el Bienestar (INSABI), para que de forma<br>inmediata regularice el pago de los salarios que se adeudan a los trabajadores adscritos a su n\u00f3mina en el Hospital General de Saltillo,<br>Coahuila de Zaragoza, solicit\u00e1ndole atentamente se realice el pago<br>retroactivo de los mismos y se lleve a cabo el pago de los actuales en<br>los tiempos establecidos.<\/p>\n\n\n\n<p><br>2.- Proposici\u00f3n con Punto de Acuerdo con objeto de exhortar de<br>manera respetuosa a la Fiscal\u00eda General de la Rep\u00fablica, para que contin\u00fae<br>dando el debido seguimiento a la carpeta de investigaci\u00f3n que se sigue por<br>uso fraudulento del programa \u201cJ\u00f3venes Construyendo el Futuro\u201d; y, a la<br>Secretar\u00eda del Trabajo y Prevenci\u00f3n Social, para que revise y en su caso,<br>modifique las reglas de operaci\u00f3n para evitar el uso indebido de este<br>programa.<\/p>\n\n\n\n<p><br>3.- Proposici\u00f3n con Punto de Acuerdo para exhortar respetuosamente<br>al titular del Ejecutivo Federal, Lic. Andr\u00e9s Manuel L\u00f3pez Obrador y la<br>Secretar\u00eda de Salud de la Federaci\u00f3n, a considerar a las personas con<br>discapacidad como grupos prioritarios en los planes de vacunaci\u00f3n contra el covid 19.<\/p>\n\n\n\n<p><br>4.- Proposici\u00f3n con Punto de Acuerdo para enviar un atento exhorto<br>a la Secretar\u00eda de Bienestar, para que implementen mejores estrategias<br>que permitan brindar una atenci\u00f3n \u00f3ptima a los adultos mayores que<br>requieren inscribirse en el padr\u00f3n activo de beneficiarios del programa<br>\u201cPensi\u00f3n para el Bienestar de las Personas Adultas Mayores\u201d, y se les<br>garantice la recepci\u00f3n de dicho apoyo de manera oportuna.<\/p>\n\n\n\n<p><br>5.- Proposici\u00f3n con Punto de Acuerdo para exhortar respetuosamente al Gobierno Federal para que se fomente la participaci\u00f3n de mujeres y ni\u00f1as en la ciencia, con la aplicaci\u00f3n de la perspectiva de g\u00e9nero en las convocatorias que les permita el logro de investigaciones o desarrollo de proyectos; y que regrese los fondos y fideicomisos que se cancelaron para ciencia y tecnolog\u00eda, y que, una vez que se restablezcan dichos fondos o fideicomisos, se apliquen con perspectiva de g\u00e9nero.<\/p>\n\n\n\n<p><br>6.- Proposici\u00f3n con Punto de Acuerdo con objeto de exhortar al Ejecutivo Federal para que a trav\u00e9s de la Secretar\u00eda de Salud Federal, realice las acciones correspondientes tendientes a destinar los recursos necesarios para abastecer con medicamentos a ni\u00f1as y ni\u00f1os con c\u00e1ncer y de esta manera poder dar continuidad a sus tratamientos.<\/p>\n\n\n\n<p><br>7.- Proposici\u00f3n con Punto de Acuerdo para exhortar al Secretario de<br>Salud Federal, para dar cumplimiento al plan de desarrollo nacional del<br>Programa Sectorial de Salud 2019-2024, en su numeral 6, referente al abasto oportuno de medicamentos y atenci\u00f3n de las recomendaciones de la<br>Organizaci\u00f3n Mundial de Salud y organismos privados, para reorganizar los servicios oncol\u00f3gicos durante la pandemia.<\/p>\n","protected":false},"excerpt":{"rendered":"<p>La Diputaci\u00f3n Permanente de la Sexag\u00e9sima Segunda Legislaturadel Congreso del Estado de Coahuila de Zaragoza, aprob\u00f3 hoy porunanimidad de votos una propuesta de Acuerdo de la Junta de Gobierno, con la finalidad de realizar una Sesi\u00f3n Solemne para celebrar el \u201cD\u00eda del Ejercito\u201d, y rendir homenaje a Don Venustiano Carranza y a los Diputados del Vig\u00e9simo Segundo Congreso Constitucional del Estado, por su hist\u00f3rica decisi\u00f3n de desconocer el r\u00e9gimen usurpador&#8230;<\/p>\n","protected":false},"author":1,"featured_media":0,"comment_status":"closed","ping_status":"","sticky":false,"template":"","format":"standard","meta":{"footnotes":""},"categories":[5,21],"tags":[],"class_list":["post-288","post","type-post","status-publish","format-standard","hentry","category-coahuila","category-congreso-del-estado","wpcat-5-id","wpcat-21-id"],"_links":{"self":[{"href":"https:\/\/www.aquilaguna.com\/index.php\/wp-json\/wp\/v2\/posts\/288","targetHints":{"allow":["GET"]}}],"collection":[{"href":"https:\/\/www.aquilaguna.com\/index.php\/wp-json\/wp\/v2\/posts"}],"about":[{"href":"https:\/\/www.aquilaguna.com\/index.php\/wp-json\/wp\/v2\/types\/post"}],"author":[{"embeddable":true,"href":"https:\/\/www.aquilaguna.com\/index.php\/wp-json\/wp\/v2\/users\/1"}],"replies":[{"embeddable":true,"href":"https:\/\/www.aquilaguna.com\/index.php\/wp-json\/wp\/v2\/comments?post=288"}],"version-history":[{"count":1,"href":"https:\/\/www.aquilaguna.com\/index.php\/wp-json\/wp\/v2\/posts\/288\/revisions"}],"predecessor-version":[{"id":289,"href":"https:\/\/www.aquilaguna.com\/index.php\/wp-json\/wp\/v2\/posts\/288\/revisions\/289"}],"wp:attachment":[{"href":"https:\/\/www.aquilaguna.com\/index.php\/wp-json\/wp\/v2\/media?parent=288"}],"wp:term":[{"taxonomy":"category","embeddable":true,"href":"https:\/\/www.aquilaguna.com\/index.php\/wp-json\/wp\/v2\/categories?post=288"},{"taxonomy":"post_tag","embeddable":true,"href":"https:\/\/www.aquilaguna.com\/index.php\/wp-json\/wp\/v2\/tags?post=288"}],"curies":[{"name":"wp","href":"https:\/\/api.w.org\/{rel}","templated":true}]}}