{"id":2887,"date":"2021-06-21T18:30:18","date_gmt":"2021-06-21T23:30:18","guid":{"rendered":"https:\/\/www.aquilaguna.com\/?p=2887"},"modified":"2021-06-21T18:30:18","modified_gmt":"2021-06-21T23:30:18","slug":"torreon-participa-en-el-primer-simulacro-nacional-del-2021","status":"publish","type":"post","link":"https:\/\/www.aquilaguna.com\/index.php\/2021\/06\/21\/torreon-participa-en-el-primer-simulacro-nacional-del-2021\/","title":{"rendered":"Torre\u00f3n participa en el primer simulacro nacional del 2021."},"content":{"rendered":"\n<p>\u00b7\u00a0\u00a0\u00a0\u00a0\u00a0\u00a0\u00a0\u00a0\u00a0<em>En 2019 participaron 19 edificios municipales, hoy la cifra subi\u00f3 a 40.<\/em><\/p>\n\n\n\n<p>\u00b7&nbsp;&nbsp;&nbsp;&nbsp;&nbsp;&nbsp;&nbsp;&nbsp;&nbsp;<em>Sumaron poco m\u00e1s de 300 brigadistas de distintas \u00e1reas municipales.<\/em><strong><\/strong><\/p>\n\n\n\n<p>Con la participaci\u00f3n coordinada de poco m\u00e1s de 600 personas, entre empleados municipales y visitantes de al menos 40 a edificios p\u00fablicos, el Ayuntamiento de Torre\u00f3n particip\u00f3 hoy en el primer simulacro nacional 2021 organizado por el Centro Nacional de Prevenci\u00f3n de Desastres (CENAPRED).<\/p>\n\n\n\n<p>Francisco Javier Rico L\u00f3pez, coordinador t\u00e9cnico de la Unidad Municipal de Protecci\u00f3n Civil de Torre\u00f3n, inform\u00f3 que el simulacro se realiz\u00f3 en el edifico de la Presidencia, Banco de M\u00e9xico, multideportivos, bibliotecas, Centro Cultural Jabonera, L\u00ednea Verde, DIF Torre\u00f3n, e instalaciones de Seguridad P\u00fablica Municipal.<\/p>\n\n\n\n<p>\u201cDe forma previa, meses antes, se capacita a empleados de las dependencias municipales sumando m\u00e1s de 300 brigadistas, en esta ocasi\u00f3n se simularon incendios y se practicaron aspectos aprendidos en cuanto a primeros auxilios, b\u00fasqueda, evacuaci\u00f3n y comunicaci\u00f3n, entre otros\u201d, se\u00f1al\u00f3 Rico L\u00f3pez.<\/p>\n\n\n\n<p>La actividad de hoy cumpli\u00f3 su objetivo al durar 10 minutos la evacuaci\u00f3n de brigadistas del edifico de la Presidencia Municipal y no m\u00e1s de siete minutos en el resto de los inmuebles que participaron durante todo el simulacro.<\/p>\n\n\n\n<p>Se contempla que el Municipio de Torre\u00f3n, participe en otro simulacro nacional cuya fecha estar\u00eda programada por el CENAPRED para el pr\u00f3ximo 19 de septiembre, en los pr\u00f3ximos d\u00edas el personal municipal mandar\u00e1 las evidencias de la actividad realizada hoy para recibir la certificaci\u00f3n del \u00f3rgano nacional.&nbsp;&nbsp;&nbsp;<\/p>\n","protected":false},"excerpt":{"rendered":"<p>\u00b7\u00a0\u00a0\u00a0\u00a0\u00a0\u00a0\u00a0\u00a0\u00a0En 2019 participaron 19 edificios municipales, hoy la cifra subi\u00f3 a 40. \u00b7&nbsp;&nbsp;&nbsp;&nbsp;&nbsp;&nbsp;&nbsp;&nbsp;&nbsp;Sumaron poco m\u00e1s de 300 brigadistas de distintas \u00e1reas municipales. Con la participaci\u00f3n coordinada de poco m\u00e1s de 600 personas, entre empleados municipales y visitantes de al menos 40 a edificios p\u00fablicos, el Ayuntamiento de Torre\u00f3n particip\u00f3 hoy en el primer simulacro nacional 2021 organizado por el Centro Nacional de Prevenci\u00f3n de Desastres (CENAPRED). Francisco Javier Rico L\u00f3pez,&#8230;<\/p>\n","protected":false},"author":1,"featured_media":2888,"comment_status":"closed","ping_status":"closed","sticky":false,"template":"","format":"standard","meta":{"footnotes":""},"categories":[5,28,24,7],"tags":[],"class_list":["post-2887","post","type-post","status-publish","format-standard","has-post-thumbnail","hentry","category-coahuila","category-la-laguna","category-seguridad","category-torreon","wpcat-5-id","wpcat-28-id","wpcat-24-id","wpcat-7-id"],"_links":{"self":[{"href":"https:\/\/www.aquilaguna.com\/index.php\/wp-json\/wp\/v2\/posts\/2887","targetHints":{"allow":["GET"]}}],"collection":[{"href":"https:\/\/www.aquilaguna.com\/index.php\/wp-json\/wp\/v2\/posts"}],"about":[{"href":"https:\/\/www.aquilaguna.com\/index.php\/wp-json\/wp\/v2\/types\/post"}],"author":[{"embeddable":true,"href":"https:\/\/www.aquilaguna.com\/index.php\/wp-json\/wp\/v2\/users\/1"}],"replies":[{"embeddable":true,"href":"https:\/\/www.aquilaguna.com\/index.php\/wp-json\/wp\/v2\/comments?post=2887"}],"version-history":[{"count":1,"href":"https:\/\/www.aquilaguna.com\/index.php\/wp-json\/wp\/v2\/posts\/2887\/revisions"}],"predecessor-version":[{"id":2889,"href":"https:\/\/www.aquilaguna.com\/index.php\/wp-json\/wp\/v2\/posts\/2887\/revisions\/2889"}],"wp:featuredmedia":[{"embeddable":true,"href":"https:\/\/www.aquilaguna.com\/index.php\/wp-json\/wp\/v2\/media\/2888"}],"wp:attachment":[{"href":"https:\/\/www.aquilaguna.com\/index.php\/wp-json\/wp\/v2\/media?parent=2887"}],"wp:term":[{"taxonomy":"category","embeddable":true,"href":"https:\/\/www.aquilaguna.com\/index.php\/wp-json\/wp\/v2\/categories?post=2887"},{"taxonomy":"post_tag","embeddable":true,"href":"https:\/\/www.aquilaguna.com\/index.php\/wp-json\/wp\/v2\/tags?post=2887"}],"curies":[{"name":"wp","href":"https:\/\/api.w.org\/{rel}","templated":true}]}}