{"id":2890,"date":"2021-06-21T18:32:00","date_gmt":"2021-06-21T23:32:00","guid":{"rendered":"https:\/\/www.aquilaguna.com\/?p=2890"},"modified":"2021-06-21T18:32:00","modified_gmt":"2021-06-21T23:32:00","slug":"tras-la-pandemia-un-reto-es-la-atencion-psicologica-a-la-ninez-y-juventud-mars","status":"publish","type":"post","link":"https:\/\/www.aquilaguna.com\/index.php\/2021\/06\/21\/tras-la-pandemia-un-reto-es-la-atencion-psicologica-a-la-ninez-y-juventud-mars\/","title":{"rendered":"TRAS LA PANDEMIA, UN RETO ES LA ATENCI\u00d3N PSICOL\u00d3GICA A LA NI\u00d1EZ Y JUVENTUD: MARS."},"content":{"rendered":"\n<p>\u00b7\u00a0\u00a0\u00a0\u00a0\u00a0\u00a0<strong><em>Afirma gobernador Miguel Riquelme en la Mesa de Trabajo de Sector Educativo.<\/em><\/strong><\/p>\n\n\n\n<p>\u00b7&nbsp;&nbsp;&nbsp;&nbsp;&nbsp;&nbsp;<strong><em>Los ni\u00f1os y j\u00f3venes requieren el apoyo familiar, escolar y psicol\u00f3gico para enfrentar la vida.<\/em><\/strong><\/p>\n\n\n\n<p>Torre\u00f3n, Coahuila de Zaragoza; a 21 de Junio de 2021.- En la Mesa de Trabajo del Sector Educativo, el gobernador Miguel \u00c1ngel Riquelme Sol\u00eds coment\u00f3 que la labor de maestras y maestros ser\u00e1 trascendental, pues de entrada tendr\u00e1n la tarea de investigar c\u00f3mo est\u00e1n los estudiantes y c\u00f3mo se les puede ayudar.<\/p>\n\n\n\n<p>En su intervenci\u00f3n, el Mandatario estatal hizo una presentaci\u00f3n sobre las agresiones a menores en la entidad, cuyo objetivo ser\u00e1 atender los efectos psicol\u00f3gicos que dej\u00f3 en la ni\u00f1ez y la juventud la pandemia.<\/p>\n\n\n\n<p>Se\u00f1al\u00f3 que de manera transversal habr\u00e1 de atenderse con otras dependencias, pero s\u00ed se debe crear consciencia de lo que est\u00e1 pasando en la sociedad.<\/p>\n\n\n\n<p>Coment\u00f3 que hubo agresiones sexuales, de la cuales el 63 por ciento se dieron en el seno familiar, mientras que el 37 por ciento sucedieron por personas con quienes la v\u00edctima no ten\u00eda relaci\u00f3n o parentesco, seg\u00fan los reportes que se hicieron al Estado.<\/p>\n\n\n\n<p>Riquelme Sol\u00eds inform\u00f3 que la Regi\u00f3n Sureste presenta una mayor incidencia de casos por presuntas agresiones sexuales, siendo la \u00fanica que cuenta con una Agencia de Ministerio P\u00fablico en las instalaciones de la Procuradur\u00eda.<\/p>\n\n\n\n<p>Agreg\u00f3 que en todas las regiones prevalece la tendencia de ocurrencia en el seno familiar respecto a este rengl\u00f3n.<\/p>\n\n\n\n<p>\u201cEsto nos va a obligar a tener un reacomodo en las instituciones de procuraci\u00f3n\u201d, expres\u00f3 el Gobernador coahuilense, y advirti\u00f3 que para la pr\u00f3xima reuni\u00f3n invitar\u00e1 a la Fiscal\u00eda General del Estado (FGE) a esta Mesa.<\/p>\n\n\n\n<p>Enfatiz\u00f3 que esto es parte de la polarizaci\u00f3n que se dio por la pandemia, y el reto es enfrentar estas conductas sociales con el mejor proyecto y sin arriesgar la vida.<\/p>\n\n\n\n<p>\u201cEsto es muy dram\u00e1tico\u201d, reconoci\u00f3, al mencionar que la finalidad de la presentaci\u00f3n que hizo es tener un par\u00e1metro para entre todos avanzar en este tema.<\/p>\n\n\n\n<p>Miguel Riquelme subray\u00f3 que no s\u00f3lo son las clases, sino es aplicar tambi\u00e9n una pol\u00edtica transversal con los DIF Municipales para trabajar en la atenci\u00f3n psicol\u00f3gica y la respuesta hacia al interior de las familias en su situaci\u00f3n econ\u00f3mica.<\/p>\n\n\n\n<p>\u201cEl maestro preguntar\u00e1 al ni\u00f1o qu\u00e9 tiene, en qu\u00e9 te podemos ayudar, y ser\u00e1 de oficio y de entrada el tratar de ver y analizar qu\u00e9 est\u00e1 sucediendo\u201d, insisti\u00f3.<\/p>\n\n\n\n<p>En otro orden de ideas, dijo que el Estado sigue estable en el n\u00famero de contagios por Covid, es decir, a la baja, por lo que agradeci\u00f3 la participaci\u00f3n de todas y todos en esta Mesa, que definen las actividades de regreso a clases.<\/p>\n\n\n\n<p>ACUERDOS<\/p>\n\n\n\n<p>Durante la reuni\u00f3n se lleg\u00f3 a los siguientes acuerdos:<\/p>\n\n\n\n<p>+ Entregar al SNTE (a sus tres Secciones) las estad\u00edsticas de agresiones sexuales y de violencia intrafamiliar que tiene en su conocimiento el Gobierno Estatal.<\/p>\n\n\n\n<p>+ Socializar a trav\u00e9s de los medios de comunicaci\u00f3n y generar spots y desplegados sobre el regreso a clases con la experiencia de las Pruebas Piloto.<\/p>\n\n\n\n<p>+ Generar un calendario, un proceso que ya no se detenga sobre el retorno escolar. Avanzar con las escuelas que s\u00ed se puedan, incluso con Cursos de Verano donde destaque la convivencia y la actividad f\u00edsica.<\/p>\n\n\n\n<p>+ La pr\u00f3xima semana estar\u00e1 Javier D\u00edaz Gonz\u00e1lez, Administrador Fiscal de Coahuila, con los representantes de Colegios Particulares en una reuni\u00f3n previa a esta Mesa.<\/p>\n\n\n\n<p>+ Acudir\u00e1n el Fiscal General de Justicia, Gerardo M\u00e1rquez Guevara, y Sonia Villarreal, titular de Seguridad P\u00fablica, para hacer presentaciones de violencia a ni\u00f1ez y juventud, para generar una estrategia.<\/p>\n\n\n\n<p>INFORMA SECRETAR\u00cdA DE EDUCACI\u00d3N ACCIONES DE LA SEMANA<\/p>\n\n\n\n<p>Higinio Gonz\u00e1lez Calder\u00f3n, Secretario de Educaci\u00f3n del Estado, coment\u00f3 que se llev\u00f3 a cabo una reuni\u00f3n en el SNTE para definir los maestros que participar\u00edan en el muestreo para identificar anticuerpos, dada la vacuna contra Covid que se aplic\u00f3 a este sector.<\/p>\n\n\n\n<p>Dio a conocer que despu\u00e9s de que Coahuila solicitara a la Federaci\u00f3n los detalles de c\u00f3mo ser\u00eda el regreso a clases, otras entidades tambi\u00e9n lo solicitaron.<\/p>\n\n\n\n<p>Por su parte, el gobernador Miguel Riquelme se\u00f1al\u00f3 que se reorientar\u00e1 el gasto del Estado para destinar lo que requiere el sector educativo.<\/p>\n\n\n\n<p>MESA DE INFRAESTRUCTURA F\u00cdSICA DE EDUCACI\u00d3N B\u00c1SICA<\/p>\n\n\n\n<p>Al hacer uso de la voz, Miguel \u00c1ngel Algara, Secretario de Infraestructura, Desarrollo Urbano y Movilidad del Estado, inform\u00f3 que hasta el momento 900 escuelas han contestado la encuesta para conocer los da\u00f1os que cada una presenta, de un universo de 3 mil 200.<\/p>\n\n\n\n<p>Inform\u00f3 que continuar\u00e1n trabajando en eso para despu\u00e9s definir las acciones que den respuesta a las necesidades para el retorno escolar en el siguiente ciclo escolar.<\/p>\n\n\n\n<p>INFORME DE ESCUELAS EN PROGRAMA PILOTO<\/p>\n\n\n\n<p>En su momento, Jorge Alberto Salcido Portillo, subsecretario de Educaci\u00f3n P\u00fablica, habl\u00f3 de la Tercera Etapa de la Prueba Piloto, que arranca hoy:<\/p>\n\n\n\n<p>+ De Preescolar fueron 13 escuelas y un total de 1 mil 80 alumnos.<\/p>\n\n\n\n<p>+ De Primaria, 18 y 2 mil 822 alumnos.<\/p>\n\n\n\n<p>+ De Secundaria, 11 escuelas y 2 mil 794 alumnos.<\/p>\n\n\n\n<p>Para un total de 42 escuelas y 6 mil 696 alumnos, de las que 7 fueron de la Regi\u00f3n Cabon\u00edfera, 4 de la Norte, 20 de la Sureste y 11 de La Laguna.<\/p>\n\n\n\n<p>Dejando claro que 2 jardines de ni\u00f1os de La Laguna iniciar\u00e1n ma\u00f1ana martes 22 de junio, y uno m\u00e1s de la Regi\u00f3n Carbon\u00edfera lo har\u00e1 el mi\u00e9rcoles.<\/p>\n\n\n\n<p>Del calendario de actividades para la 3ra etapa, anunci\u00f3 que:<\/p>\n\n\n\n<p>+ Del 22 al 24 habr\u00e1 reuniones de padres de familia para definir qu\u00e9 alumnos presentar\u00e1n la evaluaci\u00f3n general de conocimientos, as\u00ed como un reporte a cada nivel educativo de la cantidad de ex\u00e1menes que se necesitan.<\/p>\n\n\n\n<p>+ El 25 habr\u00e1 Consejo T\u00e9cnico Escolar.<\/p>\n\n\n\n<p>+ Del 28 de junio al 1 de julio se har\u00e1 la Aplicaci\u00f3n General de Conocimientos.<\/p>\n\n\n\n<p>+ Para el 2 de julio hacer el reporte de resultados de evaluaci\u00f3n.<\/p>\n\n\n\n<p>Salcido Portillo coment\u00f3 que ya se reunieron con representantes del SNTE para definir los modelos educativos para el siguiente ciclo escolar, sobre todo para secundarias y preescolares.<\/p>\n\n\n\n<p>PARTICIPA SNTE<\/p>\n\n\n\n<p>Carlos Ariel Moreira Vald\u00e9s, Coordinador Colegiado Nacional de Organizaci\u00f3n del SNTE, detall\u00f3 que continuar\u00e1n las reuniones con la Secretar\u00eda de Educaci\u00f3n para definir c\u00f3mo trabajar\u00e1n para el siguiente ciclo escolar.<\/p>\n\n\n\n<p>\u201cYa sea en lo h\u00edbrido o a la distancia, en el entendido de que la pandemia no se ha terminado, buscamos tener un acercamiento con la Secretar\u00eda de Educaci\u00f3n y llegar a los padres de familia para definir c\u00f3mo ser\u00e1 el regreso a la presencialidad\u201d, dijo.<\/p>\n\n\n\n<p>Al tiempo solicit\u00f3 que se realice una gira en medios o c\u00e1psulas, para que todo quede claro para los padres de familia.<\/p>\n\n\n\n<p>Subray\u00f3 que socializar\u00e1n el tema de las agresiones a menores entre los inspectores, para sumar a que estas conductas al interior de los hogares no se sigan presentando.<\/p>\n\n\n\n<p>A esta mesa se presentaron Fernando Sim\u00f3n Guti\u00e9rrez P\u00e9rez, titular de Comunicaci\u00f3n e Imagen Institucional del Gobierno de Coahuila; Luis Gurza Jaidar, Administrador General de Recaudaci\u00f3n; Juan P\u00e9rez Ortega, Jefe de la Jurisdicci\u00f3n Sanitaria VI, y Flor Renter\u00eda Medina, Coordinadora de Servicios Educativos en La Laguna.<\/p>\n\n\n\n<p>Representantes del sector p\u00fablico y privado de la educaci\u00f3n en la entidad, de los sindicatos de educaci\u00f3n 5, 35 y 38, as\u00ed como padres de familia de la regi\u00f3n.<\/p>\n","protected":false},"excerpt":{"rendered":"<p>\u00b7\u00a0\u00a0\u00a0\u00a0\u00a0\u00a0Afirma gobernador Miguel Riquelme en la Mesa de Trabajo de Sector Educativo. \u00b7&nbsp;&nbsp;&nbsp;&nbsp;&nbsp;&nbsp;Los ni\u00f1os y j\u00f3venes requieren el apoyo familiar, escolar y psicol\u00f3gico para enfrentar la vida. Torre\u00f3n, Coahuila de Zaragoza; a 21 de Junio de 2021.- En la Mesa de Trabajo del Sector Educativo, el gobernador Miguel \u00c1ngel Riquelme Sol\u00eds coment\u00f3 que la labor de maestras y maestros ser\u00e1 trascendental, pues de entrada tendr\u00e1n la tarea de investigar c\u00f3mo&#8230;<\/p>\n","protected":false},"author":1,"featured_media":2891,"comment_status":"closed","ping_status":"closed","sticky":false,"template":"","format":"standard","meta":{"footnotes":""},"categories":[5,9,15],"tags":[],"class_list":["post-2890","post","type-post","status-publish","format-standard","has-post-thumbnail","hentry","category-coahuila","category-educacion","category-gobierno-de-coahuila","wpcat-5-id","wpcat-9-id","wpcat-15-id"],"_links":{"self":[{"href":"https:\/\/www.aquilaguna.com\/index.php\/wp-json\/wp\/v2\/posts\/2890","targetHints":{"allow":["GET"]}}],"collection":[{"href":"https:\/\/www.aquilaguna.com\/index.php\/wp-json\/wp\/v2\/posts"}],"about":[{"href":"https:\/\/www.aquilaguna.com\/index.php\/wp-json\/wp\/v2\/types\/post"}],"author":[{"embeddable":true,"href":"https:\/\/www.aquilaguna.com\/index.php\/wp-json\/wp\/v2\/users\/1"}],"replies":[{"embeddable":true,"href":"https:\/\/www.aquilaguna.com\/index.php\/wp-json\/wp\/v2\/comments?post=2890"}],"version-history":[{"count":1,"href":"https:\/\/www.aquilaguna.com\/index.php\/wp-json\/wp\/v2\/posts\/2890\/revisions"}],"predecessor-version":[{"id":2892,"href":"https:\/\/www.aquilaguna.com\/index.php\/wp-json\/wp\/v2\/posts\/2890\/revisions\/2892"}],"wp:featuredmedia":[{"embeddable":true,"href":"https:\/\/www.aquilaguna.com\/index.php\/wp-json\/wp\/v2\/media\/2891"}],"wp:attachment":[{"href":"https:\/\/www.aquilaguna.com\/index.php\/wp-json\/wp\/v2\/media?parent=2890"}],"wp:term":[{"taxonomy":"category","embeddable":true,"href":"https:\/\/www.aquilaguna.com\/index.php\/wp-json\/wp\/v2\/categories?post=2890"},{"taxonomy":"post_tag","embeddable":true,"href":"https:\/\/www.aquilaguna.com\/index.php\/wp-json\/wp\/v2\/tags?post=2890"}],"curies":[{"name":"wp","href":"https:\/\/api.w.org\/{rel}","templated":true}]}}