{"id":28908,"date":"2025-10-23T18:54:39","date_gmt":"2025-10-24T00:54:39","guid":{"rendered":"https:\/\/www.aquilaguna.com\/?p=28908"},"modified":"2025-10-23T18:54:39","modified_gmt":"2025-10-24T00:54:39","slug":"la-madriguera-celebrara-su-8o-aniversario-con-la-carrera-nocturna-a-pasos-de-gigante","status":"publish","type":"post","link":"https:\/\/www.aquilaguna.com\/index.php\/2025\/10\/23\/la-madriguera-celebrara-su-8o-aniversario-con-la-carrera-nocturna-a-pasos-de-gigante\/","title":{"rendered":"LA MADRIGUERA CELEBRAR\u00c1 SU 8\u00ba ANIVERSARIO CON LA CARRERA NOCTURNA \u201cA PASOS DE GIGANTE\u201d."},"content":{"rendered":"\n<ul class=\"wp-block-list\">\n<li><em>Un evento lleno de m\u00fasica, pirotecnia y ambiente familiar para celebrar el aniversario de La Madriguera<\/em><\/li>\n<\/ul>\n\n\n\n<p>Saltillo, Coahuila de Zaragoza<\/p>\n\n\n\n<p>23 de octubre de 2025.- Con el prop\u00f3sito de seguir impulsando espacios de sana convivencia y fomentar el deporte entre las juventudes coahuilenses, el Secretario de Inclusi\u00f3n y Desarrollo Social, Enrique Mart\u00ednez y Morales, y el director del ICOJUVE, Iv\u00e1n Terashima, encabezar\u00e1n la Carrera Nocturna por la Juventud \u201cA Pasos de Gigante\u201d 5K, que se llevar\u00e1 a cabo el viernes 21 de noviembre en las instalaciones de La Madriguera \u201cCasa del Adolescente y la Juventud\u201d, en el marco del 8\u00ba aniversario de este importante espacio juvenil.<\/p>\n\n\n\n<p>La carrera iniciar\u00e1 con un calentamiento a las 6:15 p.m., para posteriormente dar el arranque oficial a las 6:30 p.m., con la participaci\u00f3n estimada de 800 corredores, quienes disfrutar\u00e1n de una experiencia deportiva y recreativa llena de energ\u00eda, m\u00fasica y entusiasmo.<\/p>\n\n\n\n<p>\u201cSe trata de celebrar en conjunto un aniversario m\u00e1s de La Madriguera, en un ambiente festivo y nocturno, pero dentro de un \u00e1mbito del deporte y la sana convivencia. Esta actividad se suma a la estrategia del gobernador Manolo Jim\u00e9nez, para combatir las adicciones y para guiar a la juventud por un buen camino, que se dedique a hacer actividades constructivas, productivas, no da\u00f1inas para ellos ni para la sociedad\u201d, se\u00f1al\u00f3 Mart\u00ednez y Morales.<\/p>\n\n\n\n<p>Como parte del compromiso de inclusi\u00f3n y participaci\u00f3n, se ofrecer\u00e1n 300 boletos de cortes\u00eda mediante din\u00e1micas en las redes sociales del ICOJUVE y visitas a instituciones educativas, adem\u00e1s de 500 boletos disponibles para venta al p\u00fablico.<\/p>\n\n\n\n<p>El kit del participante incluye playera Dry-Fit conmemorativa, n\u00famero de corredor, kit de hidrataci\u00f3n, medalla del evento, pastel conmemorativo elaborado por ICATEC, hot dog cortes\u00eda del joven emprendedor \u201cEl Gordo\u201d y acceso a la rifa de diversos premios.<\/p>\n\n\n\n<p>Las inscripciones estar\u00e1n disponibles en preventa a $150 pesos (hasta el 5 de noviembre) y posteriormente a $199 pesos. Los puntos de registro son La Madriguera \u201cCasa del Adolescente\u201d, oficinas de GoTime (Blvd. Musa de Le\u00f3n 2307) y en l\u00ednea a trav\u00e9s de&nbsp;<a href=\"https:\/\/gaabcdh.r.bh.d.sendibt3.com\/tr\/cl\/LoOzL_Ouv7q8TgGzpOYra5sDop_g3rbWL2ahsw8z3sBxHt9dQRV3msbvD6oGeqwTJoO5saCZa0AC3pqmtJGjP9e04e3uw03PfSsTzWuDEHyVYOBsrMXdK1I833UC2mBeSE2ks-bWFTq8Z6AgSMeVtJMX-NdwkTThM0PTUmYtUKm9X5NqZf1XeQFhxS76VuaHHkq9i2T1-lSvhk0Awer75asO6Vm1gdLMJfSYNhaIyYRXIhlv3RHpqeMyA6p5dJ-AvwlKmXPfq6mLuJkyKwU\" rel=\"noreferrer noopener\" target=\"_blank\">www.gotime.mx.<\/a><\/p>\n\n\n\n<p>Durante la jornada, se contar\u00e1 con la presencia de DJ y grupos en vivo gracias a la colaboraci\u00f3n de la Universidad Aut\u00f3noma de Coahuila.<\/p>\n\n\n\n<p>Con esta carrera, el titular del ICOJUVE, Iv\u00e1n Terashima, destac\u00f3: \u201cRefrendamos nuestro compromiso con la juventud, impulsando acciones que promueven la inclusi\u00f3n, la salud y la convivencia. Por primera vez ser\u00e1 una carrera nocturna, con gran ambiente, pirotecnia, cena y muchos premios para quienes participen. Invitamos a todas y todos los j\u00f3venes a ser parte de esta celebraci\u00f3n\u201d.<\/p>\n\n\n\n<p>En la rueda de prensa tambi\u00e9n estuvieron presentes Rosa Isela Fuentes Covarrubias, en representaci\u00f3n de la Sra. Liliana Salinas, del DIF Coahuila, Antonio Cepeda Lic\u00f3n, Director General del Instituto Estatal del Deporte; Luis Alberto Dur\u00e1n Herrera, Subsecretario de Inclusi\u00f3n; Marco Antonio Cant\u00fa Vega, Director General del ICATEC; Abraham Ram\u00edrez Espinosa, Director de Juventud en el Municipio y representante del alcalde de Saltillo, Javier D\u00edaz Gonz\u00e1lez; Conrado Zapata Rodr\u00edguez, Jefe de la Oficina del Titular del ICOJUVE; y \u00d3scar Cort\u00e9s, representante de la empresa GO TIME.<\/p>\n","protected":false},"excerpt":{"rendered":"<p>Saltillo, Coahuila de Zaragoza 23 de octubre de 2025.- Con el prop\u00f3sito de seguir impulsando espacios de sana convivencia y fomentar el deporte entre las juventudes coahuilenses, el Secretario de Inclusi\u00f3n y Desarrollo Social, Enrique Mart\u00ednez y Morales, y el director del ICOJUVE, Iv\u00e1n Terashima, encabezar\u00e1n la Carrera Nocturna por la Juventud \u201cA Pasos de Gigante\u201d 5K, que se llevar\u00e1 a cabo el viernes 21 de noviembre en las instalaciones&#8230;<\/p>\n","protected":false},"author":1,"featured_media":28909,"comment_status":"closed","ping_status":"","sticky":false,"template":"","format":"standard","meta":{"footnotes":""},"categories":[5,33,15],"tags":[],"class_list":["post-28908","post","type-post","status-publish","format-standard","has-post-thumbnail","hentry","category-coahuila","category-deporte","category-gobierno-de-coahuila","wpcat-5-id","wpcat-33-id","wpcat-15-id"],"_links":{"self":[{"href":"https:\/\/www.aquilaguna.com\/index.php\/wp-json\/wp\/v2\/posts\/28908","targetHints":{"allow":["GET"]}}],"collection":[{"href":"https:\/\/www.aquilaguna.com\/index.php\/wp-json\/wp\/v2\/posts"}],"about":[{"href":"https:\/\/www.aquilaguna.com\/index.php\/wp-json\/wp\/v2\/types\/post"}],"author":[{"embeddable":true,"href":"https:\/\/www.aquilaguna.com\/index.php\/wp-json\/wp\/v2\/users\/1"}],"replies":[{"embeddable":true,"href":"https:\/\/www.aquilaguna.com\/index.php\/wp-json\/wp\/v2\/comments?post=28908"}],"version-history":[{"count":1,"href":"https:\/\/www.aquilaguna.com\/index.php\/wp-json\/wp\/v2\/posts\/28908\/revisions"}],"predecessor-version":[{"id":28910,"href":"https:\/\/www.aquilaguna.com\/index.php\/wp-json\/wp\/v2\/posts\/28908\/revisions\/28910"}],"wp:featuredmedia":[{"embeddable":true,"href":"https:\/\/www.aquilaguna.com\/index.php\/wp-json\/wp\/v2\/media\/28909"}],"wp:attachment":[{"href":"https:\/\/www.aquilaguna.com\/index.php\/wp-json\/wp\/v2\/media?parent=28908"}],"wp:term":[{"taxonomy":"category","embeddable":true,"href":"https:\/\/www.aquilaguna.com\/index.php\/wp-json\/wp\/v2\/categories?post=28908"},{"taxonomy":"post_tag","embeddable":true,"href":"https:\/\/www.aquilaguna.com\/index.php\/wp-json\/wp\/v2\/tags?post=28908"}],"curies":[{"name":"wp","href":"https:\/\/api.w.org\/{rel}","templated":true}]}}