{"id":28912,"date":"2025-10-23T19:12:36","date_gmt":"2025-10-24T01:12:36","guid":{"rendered":"https:\/\/www.aquilaguna.com\/?p=28912"},"modified":"2025-10-23T19:12:36","modified_gmt":"2025-10-24T01:12:36","slug":"peritaje-sobre-proyecto-ampliacion-del-segundo-carril-de-transito-villa-florida-favorece-a-la-administracion-municipal","status":"publish","type":"post","link":"https:\/\/www.aquilaguna.com\/index.php\/2025\/10\/23\/peritaje-sobre-proyecto-ampliacion-del-segundo-carril-de-transito-villa-florida-favorece-a-la-administracion-municipal\/","title":{"rendered":"Peritaje sobre proyecto Ampliaci\u00f3n del Segundo Carril de Tr\u00e1nsito Villa Florida favorece a la administraci\u00f3n municipal."},"content":{"rendered":"\n<p>Torre\u00f3n, Coahuila.- Result\u00f3 favorable para la actual administraci\u00f3n el resultado arrojado por el peritaje T\u00e9cnico del\u00a0proyecto Ampliaci\u00f3n del Segundo Carril\u00a0de Tr\u00e1nsito Villa Florida,\u00a0que quedar\u00e1 a cargo de la empresa Consultoria\u00a0e Ingenieria\u00a0que dirige el\u00a0perito Manuel Antonio L\u00f3pez Torres, a petici\u00f3n\u00a0expresa\u00a0y \u00a0 propuesta del Colectivo Morelos, grupo manifestante\u00a0en contra, liderado por\u00a0Abundio Ram\u00edrez.<\/p>\n\n\n\n<p>Con tal acci\u00f3n, el titular de\u00a0Obras P\u00fablicas, inform\u00f3 que dichas obras, que se encontraban en receso, ser\u00e1n reanudadas de inmediato, sin conocerse hasta este mediod\u00eda, la reacci\u00f3n del grupo de vecinos y sus dirigentes.\u00a0<\/p>\n\n\n\n<p>En rueda de prensa, celebrada esta ma\u00f1ana,\u00a0el funcionario Juan Adolfo Von Bertrab, acompa\u00f1ado\u00a0del Secretario del\u00a0 Ayuntamiento, licenciado\u00a0Eduardo Olmos\u00a0Castro, as\u00ed como de la regidora que preside la Comisi\u00f3n de Obras\u00a0P\u00fablicas, Ximena Villarreal, dio a concoer\u00a0la concluiones del peritaje y otras consideraciones en torno a este tema.<\/p>\n\n\n\n<p>El documento citado, hizo menci\u00f3n a que se evaluo\u00f3 la ampliaci\u00f3n del segundo carril\u00a0de transito\u00a0en Villa Florida, considerando sus impactos negativos y positivos, aclarando que\u00a0tal acci\u00f3n se inici\u00f3 a petici\u00f3n de los vecinos y el Ayuntamiento de Torre\u00f3n.<\/p>\n\n\n\n<p>Se enfoc\u00f3\u00a0en la movilidad urbana\u00a0y en la conectividad\u00a0vial en una \u00e1rea de crecimiento\u00a0acelerado, se le identificaron problemas de congestion\u00a0y falta de infraestructura\u00a0adecuada as\u00ed como se contempl\u00f3 el estudio sobre afectaciones a viviendas, ruido ambiental y condiciones generales.<\/p>\n\n\n\n<p>Se reiter\u00f3 que el obejetivo de la obra en controversia &#8220;busca\u00a0mejorar\u00a0la\u00a0movilIdad\u00a0en un sector con alta densidad habitacional y limitada conectividad&#8221;, justificando en tal contexto que, \u2019\u2019la obra, debido a la saturaci\u00f3n del carril existente y la falta de infraestructura\u00a0complementaria, la\u00a0 justifican&#8221;,\u00a0adem\u00e1s de que la misma, &#8220;se alinea en el Plan Municipal de Desarrollo Urbano y el Programa\u00a0de Movilidad sostenible&#8221;.\u00a0\u00a0<\/p>\n\n\n\n<p>En\u00a0los resultados preliminares\u00a0de la inspecci\u00f3n, sobre 23 viviendas colindantes, no se han detectaron, hasta el momento, &#8220;da\u00f1os estrcuturales significativos&#8221;.<\/p>\n\n\n\n<p>La\u00a0inspecci\u00f3n abarc\u00f3 mediciones ac\u00fasticas y analisis del flujo vehicular, ademas de\u00a0 inclu\u00edr\u00a0&#8220;la identificaci\u00f3n de los impactos ambientales mitigables con\u00a0de\u00a0revegetaci\u00f3n&#8221;.<\/p>\n\n\n\n<p>El trabajo\u00a0dado a conocer, incluye que,\u00a0&#8220;la ampliaci\u00f3n del segundo carril de Villa Florida es una\u00a0 intervenci\u00f3n estrat\u00e9gica para mejorar la movilidad y el desarrollo urbano,\u00a0y se integra en el marco de la modernizaci\u00f3n urbana nacional y contribuye a la sostenibilidad&#8221;, consideando tambi\u00e9n que, &#8220;la obra optimiza la capacidad de circulaci\u00f3n\u00a0y reduce tiempos de espera en accesos cr\u00edticos&#8221;.<\/p>\n\n\n\n<p>&#8220;El peritaje recomienda se implementen barreras ac\u00fasticas\u00a0temporales y monitoreos ambientales, postobra y reforestaci\u00f3n de las \u00e1reas intervenidas y socializaci\u00f3n\u00a0de los resultados con la comunidad&#8221;.<\/p>\n\n\n\n<p><strong>AMPAROS.<\/strong><\/p>\n\n\n\n<p>En cuanto a los juicios de Amparo\u00a0presentados ante la Justicia Federal\u00a0por intergantes del Colectivo Morelos, hubo comentarios\u00a0a que por lo menos dos de los Amapros promovidos\u00a0por los vecinos inconformes, sobre el tema y ante juzgados federales ubicados en Torre\u00f3n quedaron\u00a0sin efecto, en tanto que otro m\u00e1s, presentado ante un jugzado federal con asiento en Saltillo capital,\u00a0se desconocia su status.\u00a0\u00a0<\/p>\n","protected":false},"excerpt":{"rendered":"<p>Torre\u00f3n, Coahuila.- Result\u00f3 favorable para la actual administraci\u00f3n el resultado arrojado por el peritaje T\u00e9cnico del\u00a0proyecto Ampliaci\u00f3n del Segundo Carril\u00a0de Tr\u00e1nsito Villa Florida,\u00a0que quedar\u00e1 a cargo de la empresa Consultoria\u00a0e Ingenieria\u00a0que dirige el\u00a0perito Manuel Antonio L\u00f3pez Torres, a petici\u00f3n\u00a0expresa\u00a0y \u00a0 propuesta del Colectivo Morelos, grupo manifestante\u00a0en contra, liderado por\u00a0Abundio Ram\u00edrez. Con tal acci\u00f3n, el titular de\u00a0Obras P\u00fablicas, inform\u00f3 que dichas obras, que se encontraban en receso, ser\u00e1n reanudadas de inmediato,&#8230;<\/p>\n","protected":false},"author":2,"featured_media":0,"comment_status":"closed","ping_status":"","sticky":false,"template":"","format":"standard","meta":{"footnotes":""},"categories":[5,28,7],"tags":[],"class_list":["post-28912","post","type-post","status-publish","format-standard","hentry","category-coahuila","category-la-laguna","category-torreon","wpcat-5-id","wpcat-28-id","wpcat-7-id"],"_links":{"self":[{"href":"https:\/\/www.aquilaguna.com\/index.php\/wp-json\/wp\/v2\/posts\/28912","targetHints":{"allow":["GET"]}}],"collection":[{"href":"https:\/\/www.aquilaguna.com\/index.php\/wp-json\/wp\/v2\/posts"}],"about":[{"href":"https:\/\/www.aquilaguna.com\/index.php\/wp-json\/wp\/v2\/types\/post"}],"author":[{"embeddable":true,"href":"https:\/\/www.aquilaguna.com\/index.php\/wp-json\/wp\/v2\/users\/2"}],"replies":[{"embeddable":true,"href":"https:\/\/www.aquilaguna.com\/index.php\/wp-json\/wp\/v2\/comments?post=28912"}],"version-history":[{"count":1,"href":"https:\/\/www.aquilaguna.com\/index.php\/wp-json\/wp\/v2\/posts\/28912\/revisions"}],"predecessor-version":[{"id":28913,"href":"https:\/\/www.aquilaguna.com\/index.php\/wp-json\/wp\/v2\/posts\/28912\/revisions\/28913"}],"wp:attachment":[{"href":"https:\/\/www.aquilaguna.com\/index.php\/wp-json\/wp\/v2\/media?parent=28912"}],"wp:term":[{"taxonomy":"category","embeddable":true,"href":"https:\/\/www.aquilaguna.com\/index.php\/wp-json\/wp\/v2\/categories?post=28912"},{"taxonomy":"post_tag","embeddable":true,"href":"https:\/\/www.aquilaguna.com\/index.php\/wp-json\/wp\/v2\/tags?post=28912"}],"curies":[{"name":"wp","href":"https:\/\/api.w.org\/{rel}","templated":true}]}}