{"id":28941,"date":"2025-10-26T19:35:10","date_gmt":"2025-10-27T01:35:10","guid":{"rendered":"https:\/\/www.aquilaguna.com\/?p=28941"},"modified":"2025-10-26T19:35:29","modified_gmt":"2025-10-27T01:35:29","slug":"28941","status":"publish","type":"post","link":"https:\/\/www.aquilaguna.com\/index.php\/2025\/10\/26\/28941\/","title":{"rendered":"Aqu\u00ed Laguna."},"content":{"rendered":"\n<p>\u00a1V\u00edsperas\u00a0 del d\u00eda de muertos!,\u00a0 y el mundo,\u00a0parodiando \u2019\u2019sigue su marcha\u2019\u2019 en medio de festejos a lo largo y ancho del mundo rural de la comarca, toma de protesta\u00a0en ejercicio o de renovaci\u00f3n a cargo de los restos del mundo campesino y en\u00a0 el municipio\u00a0principal, el aplazamiento\u00a0 de decisiones torales sobre el destino que los\u00a0recursos p\u00fablicos en el caso del municipio de Torre\u00f3n, que impactar\u00e1\u00a0el\u00a0bolsillo, el ingreso de todo\u00a0habitante con patrimonio registrado\u00a0vigente, de cuando menos una generacion de quienes la habiten\u00a0en estas fechas y hasta\u00a0los 25 a\u00f1os siguientes.<\/p>\n\n\n\n<p>En este \u00faltimo tema, \u2018\u2019algo\u2019\u2019 de sensatez o temor, seg\u00fan estiman otros, fincaron la decisi\u00f3n del llamado Comit\u00e9 de Licitaciones a cargo del primer Regidor\u00a0Jorge Luis Cuerda Serna, y\u00a0 posponer -\u00b4para no precipitarse\u2019-,\u00a0hasta por 20 d\u00edas naturales, la fecha para\u00a0definir\u00a0la decisi\u00f3n\u00a0en torno\u00a0 a lo propuesto por la fusionada\u00a0empresa -unica\u00a0proponente-, que se present\u00f3 a concurso para obener la licitaci\u00f3n por el servicio de limpieza, servicio que desde hace\u00a0otros 32 a\u00f1os, a cumplirse en pr\u00f3ximo mes de marzo del 2026, ha devengado de manera\u00a0monop\u00f3lica la empresa regiomontana Promotora Ambiental, S.A.,\u00a0que cobra mensualmente 35 millones de pesos por la prestaci\u00f3n de tal servicio.<\/p>\n\n\n\n<p>El actual contrato concesi\u00f3n vigente\u00a0ha sido\u00a0insuficiente para cubrir a cabalidad\u00a0la limpieza, barrido y recolecci\u00f3n de basura\u00a0y su confinamiento en el \u00e1rea urbana del\u00a0municipio de Torre\u00f3n, entidad contratante, ya no hablemos de tales servicios p\u00fablicos en su zona rural, prueba evidente de ello, es la integraci\u00f3n\u00a0de un grupo de apoyo, al menos en la tarea sustancial del barrido y limpieza de sus calles,\u00a0a traves de la contrataci\u00f3n por parte del Ayuntamiento, llamado en\u00a0otras administraciones locales, como\u00a0La Marea, o bien\u00a0hoy, como La Ola, grupo\u00a0que suma\u00a0 ya casi los 900\u00a0integrantes, y que seg\u00fan es visible\u00a0 cargan\u00a0sobre sus espaldas\u00a0la\u00a0tarea\u00a0principal visible\u00a0de estas acciones, seg\u00fan\u00a0se pueden ver en calles y avenidas.<\/p>\n\n\n\n<p>Se ignora el monto de recursos p\u00fablicos que se asignan a este \u2018\u2019programa social\u2019\u2019 como lo califica\u00a0 eufem\u00edsticamente el director de Servicios P\u00fablicos, Fernando Villarreal, y no como costo a\u00f1adido a la prestaci\u00f3n de un servicio\u00a0p\u00fablico ineludible como es el caso de la limpieza.<\/p>\n\n\n\n<p>Sobre el tema,\u00a0pesa espeso silencio, no solo de quienes integran el cuerpo edilicio, m\u00e1s all\u00e1 de quienes est\u00e1 conformado el Comit\u00e9 de Licitaci\u00f3n, sino de los\u00a0otrora\u00a0opinadores permanntes sobre \u2018\u2019la cosa p\u00fablica\u2019\u2019 como lo son\u00a0 las C\u00e1maras y organismos empresariales,\u00a0en especial, quienes\u00a0dirigen la C\u00e1mara de la Propiedad\u00a0Urbana y sobre todo de los respresnates\u00a0populares en los \u00e1mbitos locales y el federal, que al parecer,\u00a0 no solo son ciegos, si no tambien mudos.<\/p>\n\n\n\n<p>En otros temas, menudean en comunidades rurales, las celebraciones, con comilonas y abundancia de bebida y\u00a0contratacion de\u00a0grupos musicales, y que generalmnte concluyen al t\u00e9rmino del presente mes,\u00a0 recordando,\u00a0las fechas que les correspondi\u00f3 en la agenda que fij\u00f3, en octubre\u00a0de 1936\u00a0y\u00a0desde\u00a0San Pedro de las Colonias\u00a0a bordo del tren presidencial, el\u00a0General\u00a0L\u00e1zaro C\u00e1rdenas, ejecutando su Decreto en el que finc\u00f3 la Reforma Agraria, para saldar\u00a0uno de los\u00a0compromisos del movimiento armado de 1910; la promesa que atrajo al mundo campesino a la Revoluci\u00f3n Mexicana, con el que se quebr\u00f3\u00a0el sistema feudal de la tenencia de la tierra en este pa\u00eds. <\/p>\n\n\n\n<p>Y ya vemos\u00a0a 89 a\u00f1os de tales tiempos, y a partir de la Contrareforma salinista, el fen\u00f3meno de\u00a0 reconcentraci\u00f3n de tierras, es un hecho, se vive su\u00a0renacimiento, en especial\u00a0sobre las tierras laguneras que registran  o satisfacen alguna vocaci\u00f3n econ\u00f3mica, y adem\u00e1s, contaron con\u00a0concesi\u00f3n para explotar pozo de regad\u00edo, aguas subterr\u00e1neas\u00a0pues, o dotaci\u00f3n de aguas de gravedad\u00a0 ya sea con destino a los cultivos, o bien a la simple\u00a0especulaci\u00f3n inmobiliaria, a costa claro, de la virtual extinci\u00f3n del mundo campesino como se conocio en estas tierras\u00a0una decada antes del fin del siglo XX, de ah\u00ed que\u00a0aun resulte interesante que no anacr\u00f3nico, la resurrecci\u00f3n intermitente\u00a0de las organizaciones campesinas\u00a0cual resistencia a su extinci\u00f3n, de entre \u00e9stas, es notable\u00a0la\u00a0persistencia de\u00a0las siglas\u00a0de la Confederaci\u00f3n Nacional Campesina -CNC-e, se organismo cuya creaci\u00f3n, construcci\u00f3n se atribuye al l\u00edder agrario\u00a0 Graciano S\u00e1nchez.<\/p>\n\n\n\n<p>Tal agruapcion result\u00f3 ser otrora, uno de los pilares que sostuvieron\u00a0lo mejor de su\u00a0\u00e9poca dorada, generadora de abundante\u00a0voto verde y carne de\u00a0mitines tumultuosos y\u00a0 camada de\u00a0diputados federales paracaidistas, como hoy se les recuerda, devenida luego en un mero logotipo\u00a0enarbolado a veces en\u00a0 alguna temporada electoral, en tanto que\u00a0quienes\u00a0militaban bajo tales siglas corrieron\u00a0con alguna\u00a0suerte en\u00a0tal ambito polit\u00edco de\u00a0virtual extinci\u00f3n.<\/p>\n\n\n\n<p>De ah\u00ed que hoy en la comarca lagunera, se reconozca el esfuerzo, el inter\u00e9s en sostener y renovar en lo posible tale estructura\u00a0pol\u00edtica en la entidad, Coahuila pues, cual \u00ednsula tricolor en el duro panorama morenista que lo rodea y dicen que por votaci\u00f3n, tras renovaci\u00f3n de cada uno de los\u00a038 municipios de sus \u00a0 desviv\u00eddos comit\u00e9s muncipales, la designaci\u00f3n de un nuevo dirigente, en la persona del M\u00e9dico Veterinario Zootecnista, Jes\u00fas de la Rosa Godoy, un sampetrino de largo\u00a0y reconocido oficio\u00a0pol\u00edtico, de rango no solo local, con incursiones sobresalientes\u00a0en las ligas nacionales, incluso a cargo de importantes encomiendas del orden pol\u00edtico. As\u00ed tambien se le recuerda su estrecha relacion con\u00a0un\u00a0por dem\u00e1s controversial\u00a0 priista -aun lo es-, Roberto Madrazo Pintado, pero tambi\u00e9n, excelente\u00a0funcionario p\u00fablico.<\/p>\n\n\n\n<p>En fin, De la Rosa Godoy cuenta pues con la experiencia y el oficio que mucho le\u00a0habra de servir para renovar\u00a0caminos, destinos, busqueda\u00a0y conducci\u00f3n de\u00a0nuevas vocaciones\u00a0econ\u00f3micas y laborales, de autosuficiencia, etc.,\u00a0para\u00a0los restos de la clase campesina lagunera. Luego de haber tomado protesta como\u00a0nuevo dirigente estatal de tales siglas, que estuvieron por algunos a\u00f1os bajo la representaci\u00f3n de\u00a0 Natividad\u00a0Navarro Morales, que sin duda, hizo lo que pudo. Y quien se qued\u00f3 en el camino, si duda, result\u00f3 ser en este recambio, el tambien sampetrino Jos\u00e9 Luis M\u00e9ndez, el conocido \u2018\u2019Chapo\u2018\u2019 luego que en los \u00faltimos meses se hab\u00eda\u00a0se\u00f1alado como el prospecto para tal dirigencia. Otra vez ser\u00e1, si\u00a0hay tiempo&#8230; <\/p>\n\n\n\n<p>Y celebrando la vida, pero sobre todo los milagros atribuidos, el culto religioso a la figura de San Judas Tadeo\u00a0que ha reemplazado,\u00a0el fervor que la Virgen de Guadalupe cobrar\u00e1 entre los laguneros,\u00a0registr\u00f3\u00a0 \u00e9ste s\u00e1bado el inicio de\u00a0sus reliquias, y matachines\u00a0en algunas calles de la ciudad, y en este marco,\u00a0pero sin significaci\u00f3n religiosa alguna,\u00a0sino m\u00e1s bien de orden\u00a0tradicional e hist\u00f3rico, en sus pobladores, a cargo del profesor Jes\u00fas Contreras Pacheco como su nueva y renovada autoridad ejidal en\u00a0el ejido El  Coyote, centro del n\u00facleo\u00a0campesino m\u00e1s grande del municipio de Matamoros, cual capital,\u00a0la de otros dos centros ejidales\u00a0que han trascendido en conjunto a traves del tiempo, se preparan para el\u00a0 pr\u00f3ximo mi\u00e9rcoles, celebrar, y en grande, el festejo conmemorativo de su creacion, seg\u00fan profusi\u00f3n informativa en redes sociales.<\/p>\n\n\n\n<p>Las invitaciones formales fueron hechas circular con toda formalidad a sus invitados especiales, entre ellos el Gobernadsor Manolo\u00a0Jim\u00e9nez Salinas\u00a0desde hace semanas,\u00a0y se espera que en \u00e9sta ocasi\u00f3n, el Profe Contreras, como tiene acostumbrados a sus representados, eche la casa por la ventana y supere, con creces, los festejos que presidieron otras personas del lugar, en especial, los salidos \u2018\u2019del corral\u2019\u2019 de Raul Onofre, ya veremos y diremos&#8230; \u00a0<\/p>\n","protected":false},"excerpt":{"rendered":"<p>\u00a1V\u00edsperas\u00a0 del d\u00eda de muertos!,\u00a0 y el mundo,\u00a0parodiando \u2019\u2019sigue su marcha\u2019\u2019 en medio de festejos a lo largo y ancho del mundo rural de la comarca, toma de protesta\u00a0en ejercicio o de renovaci\u00f3n a cargo de los restos del mundo campesino y en\u00a0 el municipio\u00a0principal, el aplazamiento\u00a0 de decisiones torales sobre el destino que los\u00a0recursos p\u00fablicos en el caso del municipio de Torre\u00f3n, que impactar\u00e1\u00a0el\u00a0bolsillo, el ingreso de todo\u00a0habitante con&#8230;<\/p>\n","protected":false},"author":2,"featured_media":0,"comment_status":"closed","ping_status":"","sticky":false,"template":"","format":"standard","meta":{"footnotes":""},"categories":[8],"tags":[],"class_list":["post-28941","post","type-post","status-publish","format-standard","hentry","category-aqui-laguna","wpcat-8-id"],"_links":{"self":[{"href":"https:\/\/www.aquilaguna.com\/index.php\/wp-json\/wp\/v2\/posts\/28941","targetHints":{"allow":["GET"]}}],"collection":[{"href":"https:\/\/www.aquilaguna.com\/index.php\/wp-json\/wp\/v2\/posts"}],"about":[{"href":"https:\/\/www.aquilaguna.com\/index.php\/wp-json\/wp\/v2\/types\/post"}],"author":[{"embeddable":true,"href":"https:\/\/www.aquilaguna.com\/index.php\/wp-json\/wp\/v2\/users\/2"}],"replies":[{"embeddable":true,"href":"https:\/\/www.aquilaguna.com\/index.php\/wp-json\/wp\/v2\/comments?post=28941"}],"version-history":[{"count":2,"href":"https:\/\/www.aquilaguna.com\/index.php\/wp-json\/wp\/v2\/posts\/28941\/revisions"}],"predecessor-version":[{"id":28943,"href":"https:\/\/www.aquilaguna.com\/index.php\/wp-json\/wp\/v2\/posts\/28941\/revisions\/28943"}],"wp:attachment":[{"href":"https:\/\/www.aquilaguna.com\/index.php\/wp-json\/wp\/v2\/media?parent=28941"}],"wp:term":[{"taxonomy":"category","embeddable":true,"href":"https:\/\/www.aquilaguna.com\/index.php\/wp-json\/wp\/v2\/categories?post=28941"},{"taxonomy":"post_tag","embeddable":true,"href":"https:\/\/www.aquilaguna.com\/index.php\/wp-json\/wp\/v2\/tags?post=28941"}],"curies":[{"name":"wp","href":"https:\/\/api.w.org\/{rel}","templated":true}]}}