{"id":28947,"date":"2025-10-27T17:10:29","date_gmt":"2025-10-27T23:10:29","guid":{"rendered":"https:\/\/www.aquilaguna.com\/?p=28947"},"modified":"2025-10-27T17:10:29","modified_gmt":"2025-10-27T23:10:29","slug":"inicia-en-la-uadec-campana-de-vacunacion-contra-la-influenza-en-colaboracion-con-el-imss","status":"publish","type":"post","link":"https:\/\/www.aquilaguna.com\/index.php\/2025\/10\/27\/inicia-en-la-uadec-campana-de-vacunacion-contra-la-influenza-en-colaboracion-con-el-imss\/","title":{"rendered":"Inicia en la UAdeC Campa\u00f1a de Vacunaci\u00f3n contra la Influenza en Colaboraci\u00f3n con el IMSS."},"content":{"rendered":"\n<p>SALTILLO, Coahuila. 27 de octubre de 2025. La Universidad Aut\u00f3noma de Coahuila,<br>a trav\u00e9s de la Coordinaci\u00f3n General de Extensi\u00f3n Universitaria y en colaboraci\u00f3n<br>con la Unidad de Medicina Familiar (UMF) No. 91 del Instituto Mexicano del Seguro<br>Social (IMSS), dio inicio a la Campa\u00f1a de Vacunaci\u00f3n contra la Influenza en el<br>Campus Central.<\/p>\n\n\n\n<p>La jornada inaugural se llev\u00f3 a cabo en el lobby de la Rector\u00eda, donde se instalaron<br>m\u00f3dulos para la aplicaci\u00f3n de alrededor de 350 dosis de vacunas, para estudiantes,<br>docentes, personal administrativo y p\u00fablico en general.<\/p>\n\n\n\n<p>El coordinador general de Extensi\u00f3n Universitaria, David Hern\u00e1ndez Barrera,<br>agradeci\u00f3 la personal de la Cl\u00ednica 91 del IMSS por su colaboraci\u00f3n y compromiso<br>con la salud universitaria; \u201cGracias al apoyo del personal m\u00e9dico y de enfermer\u00eda del<br>IMSS, podemos acercar estos servicios preventivos a nuestra comunidad<br>universitaria\u201d, se\u00f1al\u00f3.<\/p>\n\n\n\n<p>Por lo anterior, invit\u00f3 a la comunidad universitaria a aprovechar esta oportunidad y<br>aplicarse la vacuna, recordando que es gratuita y fundamental para prevenir<br>enfermedades respiratorias en esta temporada.<\/p>\n\n\n\n<p>Las brigadas de vacunaci\u00f3n continuar\u00e1n en un horario de 9:30 a 13:00 horas en<br>distintos campus de la Universidad: el martes 28 de octubre en la Explanada de la<br>Unidad Camporredondo y el mi\u00e9rcoles 29 de octubre en la Facultad de Sistemas en<br>Ciudad Universitaria Arteaga.<\/p>\n","protected":false},"excerpt":{"rendered":"<p>SALTILLO, Coahuila. 27 de octubre de 2025. La Universidad Aut\u00f3noma de Coahuila,a trav\u00e9s de la Coordinaci\u00f3n General de Extensi\u00f3n Universitaria y en colaboraci\u00f3ncon la Unidad de Medicina Familiar (UMF) No. 91 del Instituto Mexicano del SeguroSocial (IMSS), dio inicio a la Campa\u00f1a de Vacunaci\u00f3n contra la Influenza en elCampus Central. La jornada inaugural se llev\u00f3 a cabo en el lobby de la Rector\u00eda, donde se instalaronm\u00f3dulos para la aplicaci\u00f3n de&#8230;<\/p>\n","protected":false},"author":1,"featured_media":28948,"comment_status":"closed","ping_status":"","sticky":false,"template":"","format":"standard","meta":{"footnotes":""},"categories":[2],"tags":[],"class_list":["post-28947","post","type-post","status-publish","format-standard","has-post-thumbnail","hentry","category-uadec","wpcat-2-id"],"_links":{"self":[{"href":"https:\/\/www.aquilaguna.com\/index.php\/wp-json\/wp\/v2\/posts\/28947","targetHints":{"allow":["GET"]}}],"collection":[{"href":"https:\/\/www.aquilaguna.com\/index.php\/wp-json\/wp\/v2\/posts"}],"about":[{"href":"https:\/\/www.aquilaguna.com\/index.php\/wp-json\/wp\/v2\/types\/post"}],"author":[{"embeddable":true,"href":"https:\/\/www.aquilaguna.com\/index.php\/wp-json\/wp\/v2\/users\/1"}],"replies":[{"embeddable":true,"href":"https:\/\/www.aquilaguna.com\/index.php\/wp-json\/wp\/v2\/comments?post=28947"}],"version-history":[{"count":1,"href":"https:\/\/www.aquilaguna.com\/index.php\/wp-json\/wp\/v2\/posts\/28947\/revisions"}],"predecessor-version":[{"id":28949,"href":"https:\/\/www.aquilaguna.com\/index.php\/wp-json\/wp\/v2\/posts\/28947\/revisions\/28949"}],"wp:featuredmedia":[{"embeddable":true,"href":"https:\/\/www.aquilaguna.com\/index.php\/wp-json\/wp\/v2\/media\/28948"}],"wp:attachment":[{"href":"https:\/\/www.aquilaguna.com\/index.php\/wp-json\/wp\/v2\/media?parent=28947"}],"wp:term":[{"taxonomy":"category","embeddable":true,"href":"https:\/\/www.aquilaguna.com\/index.php\/wp-json\/wp\/v2\/categories?post=28947"},{"taxonomy":"post_tag","embeddable":true,"href":"https:\/\/www.aquilaguna.com\/index.php\/wp-json\/wp\/v2\/tags?post=28947"}],"curies":[{"name":"wp","href":"https:\/\/api.w.org\/{rel}","templated":true}]}}