{"id":28953,"date":"2025-10-27T18:03:11","date_gmt":"2025-10-28T00:03:11","guid":{"rendered":"https:\/\/www.aquilaguna.com\/?p=28953"},"modified":"2025-10-27T18:03:11","modified_gmt":"2025-10-28T00:03:11","slug":"aprueba-el-cabildo-iniciativas-en-favor-de-la-seguridad-vial-la-educacion-y-la-vivienda-digna","status":"publish","type":"post","link":"https:\/\/www.aquilaguna.com\/index.php\/2025\/10\/27\/aprueba-el-cabildo-iniciativas-en-favor-de-la-seguridad-vial-la-educacion-y-la-vivienda-digna\/","title":{"rendered":"Aprueba el Cabildo iniciativas en favor de la seguridad vial, la educaci\u00f3n y la vivienda digna."},"content":{"rendered":"\n<p>Torre\u00f3n, Coahuila. A 27 de octubre de 2025.<\/p>\n\n\n\n<p>Este lunes durante la D\u00e9cima Novena Sesi\u00f3n de Cabildo presidida por el alcalde<br>Rom\u00e1n Alberto Cepeda Gonz\u00e1lez, se aprobaron diversas iniciativas en favor de la<br>seguridad vial, la educaci\u00f3n y el derecho a una vivienda digna. Adem\u00e1s, se<br>revisaron solicitudes de apoyo con impacto al desarrollo econ\u00f3mico de la ciudad.<\/p>\n\n\n\n<p>Referente a la iniciativa de propuesta de modificaci\u00f3n y adici\u00f3n del Reglamento de<br>Movilidad Urbana y Seguridad Vial del Municipio de Torre\u00f3n, se aprobaron por<br>unanimidad diversas especificaciones en los siguientes art\u00edculos:<\/p>\n\n\n\n<p>El art\u00edculo 27 que determina que los bordos o reductores ser\u00e1n considerados<br>se\u00f1al\u00e9ticas restrictivas para moderar la velocidad para cualquier veh\u00edculo<br>automotor.<\/p>\n\n\n\n<p>El art\u00edculo 41, referente a quien cometa actos que constituyan cohecho para que<br>los agentes de Tr\u00e1nsito y Vialidad modifiquen su actuar.<\/p>\n\n\n\n<p>Art\u00edculo 42, relativo a la prohibici\u00f3n de acrobacias, piruetas, carreras, arrancones u<br>otras maniobras que representen un peligro para quien las realiza y para otros<br>usuarios de la v\u00eda p\u00fablica, conducta que ser\u00e1 motivo de retiro de circulaci\u00f3n del<br>veh\u00edculo.<\/p>\n\n\n\n<p>Art\u00edculo 42 Bis, el cual contempla que las personas que conducen bicicleta,<br>motocicleta, bici motos, cuatrimotos, o veh\u00edculos recreativos para adultos, tienen<br>prohibido hacerlo con un grado de alcoholemia superior al .01 miligramos en aire<br>aspirado, y 0.02 grados en sangre.<\/p>\n\n\n\n<p>Art\u00edculo 67 Fracci\u00f3n Sexta, relativo a la obstrucci\u00f3n de entrada y salida de<br>veh\u00edculos de emergencia, o estacionarse en lugares destinados para personas con<br>discapacidad sin contar con permiso.<\/p>\n\n\n\n<p>Tambi\u00e9n contempla la adici\u00f3n a los art\u00edculos 135 y 136 que entre otras<br>precisiones, menciona la prohibici\u00f3n a los conductores de veh\u00edculo de servicio<br>p\u00fablico de carga o pasajero de ingerir bebidas embriagantes, conducir con aliento<br>alcoh\u00f3lico o en estado de ebriedad.<\/p>\n\n\n\n<p>En otro asunto, fue aprobado por mayor\u00eda el estado financiero correspondiente al<br>mes de septiembre del ejercicio fiscal 2025, as\u00ed como el Avance de Gesti\u00f3n<br>Financiera correspondiente al tercer trimestre del ejercicio fiscal 2025.<\/p>\n\n\n\n<p>Respecto a las solicitudes de diversos est\u00edmulos fiscales presentadas por Ernesto<br>Llamas Sotomayor, director general del Grupo Comarca y Administrador \u00danico de<br>Desarrollos Comarca S.A. de C.V., fueron aprobadas por unanimidad.<\/p>\n\n\n\n<p>Por otro lado, se present\u00f3 el Avance de Gesti\u00f3n Financiera correspondiente al<br>tercer trimestre de 2025 de los siguientes organismos descentralizados: Sistema<br>Municipal de Aguas y Saneamiento de Torre\u00f3n (SIMAS); Sistema para el<br>Desarrollo Integral de la Familia (DIF); Sistema Integral de Mantenimiento Vial del<br>Municipio de Torre\u00f3n (SIMV); y del Consejo Promotor para el Desarrollo de la<br>Reservas Territoriales de Torre\u00f3n (COPRODER).<\/p>\n\n\n\n<p>As\u00ed como de la Direcci\u00f3n de Pensiones y Beneficios Sociales para los<br>Trabajadores al Servicio del Municipio de Torre\u00f3n; Consejo de Administraci\u00f3n del<br>Parque Ecol\u00f3gico Fundadores; Instituto Municipal del Deporte; Instituto Municipal<br>de Planeaci\u00f3n y Competitividad de Torre\u00f3n (IMPLAN); Instituto Municipal de<br>Cultura y Educaci\u00f3n del Municipio de Torre\u00f3n; Instituto Municipal de la Mujer de<br>Torre\u00f3n; Instituto Municipal del Emprendimiento; y de XHTOR Radio Torre\u00f3n.<\/p>\n\n\n\n<p>El Cabildo tambi\u00e9n aprob\u00f3 por unanimidad la Iniciativa con proyecto de Decreto<br>por el que se reforma la Constituci\u00f3n Pol\u00edtica del Estado de Coahuila de Zaragoza<br>y la Ley Org\u00e1nica de la Administraci\u00f3n P\u00fablica del Estado de Coahuila de<br>Zaragoza, presentada por el gobernador Manolo Jim\u00e9nez Salinas, referente a la<br>presentaci\u00f3n del informe anual del Poder Ejecutivo para que pueda realizarse<br>cualquiera de los \u00faltimos 15 d\u00edas de noviembre.<\/p>\n\n\n\n<p>De igual forma, se aprob\u00f3 por unanimidad la Iniciativa con Proyecto de Decreto<br>por el que se Reforma la Denominaci\u00f3n del Cap\u00edtulo IV del T\u00edtulo Cuarto y los<br>art\u00edculos 116, 117 y 118 de la Constituci\u00f3n Pol\u00edtica del Estado de Coahuila de<br>Zaragoza, presentada por el gobernador Manolo Jim\u00e9nez Salinas, que propone<br>actualizar el marco normativo de Coahuila asegurando una educaci\u00f3n de<br>excelencia con un enfoque de derechos humanos, igualdad, perspectiva de<br>g\u00e9nero e inclusi\u00f3n intercultural.<\/p>\n\n\n\n<p>En el mismo sentido, se aprob\u00f3 la Iniciativa con Proyecto de Decreto por el que se<br>reforma el art\u00edculo 173 de la Constituci\u00f3n Pol\u00edtica del Estado de Coahuila de<br>Zaragoza, tambi\u00e9n presentada por el gobernador Manolo Jim\u00e9nez Salinas, en<br>materia de del derecho humano de vivienda adecuada.<\/p>\n\n\n\n<p>Finalmente, el Cabildo aprob\u00f3 por unanimidad ocho solicitudes de<br>establecimientos mercantiles para cambio de domicilio, denominaci\u00f3n o giro en su<br>certificaci\u00f3n municipal de alcoholes.<\/p>\n","protected":false},"excerpt":{"rendered":"<p>Torre\u00f3n, Coahuila. A 27 de octubre de 2025. Este lunes durante la D\u00e9cima Novena Sesi\u00f3n de Cabildo presidida por el alcaldeRom\u00e1n Alberto Cepeda Gonz\u00e1lez, se aprobaron diversas iniciativas en favor de laseguridad vial, la educaci\u00f3n y el derecho a una vivienda digna. Adem\u00e1s, serevisaron solicitudes de apoyo con impacto al desarrollo econ\u00f3mico de la ciudad. Referente a la iniciativa de propuesta de modificaci\u00f3n y adici\u00f3n del Reglamento deMovilidad Urbana y&#8230;<\/p>\n","protected":false},"author":1,"featured_media":28954,"comment_status":"closed","ping_status":"","sticky":false,"template":"","format":"standard","meta":{"footnotes":""},"categories":[5,28,7],"tags":[],"class_list":["post-28953","post","type-post","status-publish","format-standard","has-post-thumbnail","hentry","category-coahuila","category-la-laguna","category-torreon","wpcat-5-id","wpcat-28-id","wpcat-7-id"],"_links":{"self":[{"href":"https:\/\/www.aquilaguna.com\/index.php\/wp-json\/wp\/v2\/posts\/28953","targetHints":{"allow":["GET"]}}],"collection":[{"href":"https:\/\/www.aquilaguna.com\/index.php\/wp-json\/wp\/v2\/posts"}],"about":[{"href":"https:\/\/www.aquilaguna.com\/index.php\/wp-json\/wp\/v2\/types\/post"}],"author":[{"embeddable":true,"href":"https:\/\/www.aquilaguna.com\/index.php\/wp-json\/wp\/v2\/users\/1"}],"replies":[{"embeddable":true,"href":"https:\/\/www.aquilaguna.com\/index.php\/wp-json\/wp\/v2\/comments?post=28953"}],"version-history":[{"count":1,"href":"https:\/\/www.aquilaguna.com\/index.php\/wp-json\/wp\/v2\/posts\/28953\/revisions"}],"predecessor-version":[{"id":28955,"href":"https:\/\/www.aquilaguna.com\/index.php\/wp-json\/wp\/v2\/posts\/28953\/revisions\/28955"}],"wp:featuredmedia":[{"embeddable":true,"href":"https:\/\/www.aquilaguna.com\/index.php\/wp-json\/wp\/v2\/media\/28954"}],"wp:attachment":[{"href":"https:\/\/www.aquilaguna.com\/index.php\/wp-json\/wp\/v2\/media?parent=28953"}],"wp:term":[{"taxonomy":"category","embeddable":true,"href":"https:\/\/www.aquilaguna.com\/index.php\/wp-json\/wp\/v2\/categories?post=28953"},{"taxonomy":"post_tag","embeddable":true,"href":"https:\/\/www.aquilaguna.com\/index.php\/wp-json\/wp\/v2\/tags?post=28953"}],"curies":[{"name":"wp","href":"https:\/\/api.w.org\/{rel}","templated":true}]}}