{"id":28956,"date":"2025-10-27T18:04:10","date_gmt":"2025-10-28T00:04:10","guid":{"rendered":"https:\/\/www.aquilaguna.com\/?p=28956"},"modified":"2025-10-27T18:04:10","modified_gmt":"2025-10-28T00:04:10","slug":"conquista-angel-armendariz-bronce-en-nacional-de-ciclismo-de-ruta","status":"publish","type":"post","link":"https:\/\/www.aquilaguna.com\/index.php\/2025\/10\/27\/conquista-angel-armendariz-bronce-en-nacional-de-ciclismo-de-ruta\/","title":{"rendered":"CONQUISTA \u00c1NGEL ARMEND\u00c1RIZ BRONCE EN NACIONAL DE CICLISMO DE RUTA."},"content":{"rendered":"\n<p>Saltillo, Coahuila de Zaragoza; a 27 de octubre de 2025.- El coahuilense \u00c1ngel Armend\u00e1riz Reyes se qued\u00f3 con la medalla de bronce de la categor\u00eda Junior dentro del Campeonato Nacional de Ciclismo de Ruta y Contrarreloj, evento que se celebr\u00f3 en Ensenada, Baja California.<\/p>\n\n\n\n<p>El ciclista oriundo de Torre\u00f3n se qued\u00f3 a 35.4 segundos de la primera posici\u00f3n, que le correspondi\u00f3 a Jos\u00e9 Said Cisneros, de Aguascalientes, quien cruz\u00f3 la meta con tiempo de 3:40.49 horas, misma marca que el colimense Jos\u00e9 Emilio Rodr\u00edguez, quien termin\u00f3 en el segundo sitio.<\/p>\n\n\n\n<p>\u00c1ngel Armend\u00e1riz Reyes viene de estar dos a\u00f1os en B\u00e9lgica con el equipo JAVA- Start Junior Team, con quien se prepar\u00f3 con miras al proceso de la Olimpiada Nacional 2026, y que ahora lo ha hecho iniciar su temporada con gran \u00e9xito con esta medalla de bronce.<\/p>\n\n\n\n<p>El Campeonato Nacional de Ciclismo de Ruta y Contrarreloj celebrado en Baja California fue avalado por la Uni\u00f3n Ciclista de M\u00e9xico, el cual cont\u00f3 con la presencia de grandes ciclistas del pa\u00eds como el mexicano Isaac del Toro, quien gan\u00f3 su prueba en la categor\u00eda \u00c9lite.<\/p>\n","protected":false},"excerpt":{"rendered":"<p>Saltillo, Coahuila de Zaragoza; a 27 de octubre de 2025.- El coahuilense \u00c1ngel Armend\u00e1riz Reyes se qued\u00f3 con la medalla de bronce de la categor\u00eda Junior dentro del Campeonato Nacional de Ciclismo de Ruta y Contrarreloj, evento que se celebr\u00f3 en Ensenada, Baja California. El ciclista oriundo de Torre\u00f3n se qued\u00f3 a 35.4 segundos de la primera posici\u00f3n, que le correspondi\u00f3 a Jos\u00e9 Said Cisneros, de Aguascalientes, quien cruz\u00f3 la&#8230;<\/p>\n","protected":false},"author":1,"featured_media":28957,"comment_status":"closed","ping_status":"","sticky":false,"template":"","format":"standard","meta":{"footnotes":""},"categories":[5,33,15],"tags":[],"class_list":["post-28956","post","type-post","status-publish","format-standard","has-post-thumbnail","hentry","category-coahuila","category-deporte","category-gobierno-de-coahuila","wpcat-5-id","wpcat-33-id","wpcat-15-id"],"_links":{"self":[{"href":"https:\/\/www.aquilaguna.com\/index.php\/wp-json\/wp\/v2\/posts\/28956","targetHints":{"allow":["GET"]}}],"collection":[{"href":"https:\/\/www.aquilaguna.com\/index.php\/wp-json\/wp\/v2\/posts"}],"about":[{"href":"https:\/\/www.aquilaguna.com\/index.php\/wp-json\/wp\/v2\/types\/post"}],"author":[{"embeddable":true,"href":"https:\/\/www.aquilaguna.com\/index.php\/wp-json\/wp\/v2\/users\/1"}],"replies":[{"embeddable":true,"href":"https:\/\/www.aquilaguna.com\/index.php\/wp-json\/wp\/v2\/comments?post=28956"}],"version-history":[{"count":1,"href":"https:\/\/www.aquilaguna.com\/index.php\/wp-json\/wp\/v2\/posts\/28956\/revisions"}],"predecessor-version":[{"id":28958,"href":"https:\/\/www.aquilaguna.com\/index.php\/wp-json\/wp\/v2\/posts\/28956\/revisions\/28958"}],"wp:featuredmedia":[{"embeddable":true,"href":"https:\/\/www.aquilaguna.com\/index.php\/wp-json\/wp\/v2\/media\/28957"}],"wp:attachment":[{"href":"https:\/\/www.aquilaguna.com\/index.php\/wp-json\/wp\/v2\/media?parent=28956"}],"wp:term":[{"taxonomy":"category","embeddable":true,"href":"https:\/\/www.aquilaguna.com\/index.php\/wp-json\/wp\/v2\/categories?post=28956"},{"taxonomy":"post_tag","embeddable":true,"href":"https:\/\/www.aquilaguna.com\/index.php\/wp-json\/wp\/v2\/tags?post=28956"}],"curies":[{"name":"wp","href":"https:\/\/api.w.org\/{rel}","templated":true}]}}