{"id":28959,"date":"2025-10-27T19:26:05","date_gmt":"2025-10-28T01:26:05","guid":{"rendered":"https:\/\/www.aquilaguna.com\/?p=28959"},"modified":"2025-10-27T19:26:05","modified_gmt":"2025-10-28T01:26:05","slug":"discuten-en-sesion-de-cabildo-por-informe-de-estados-financieros","status":"publish","type":"post","link":"https:\/\/www.aquilaguna.com\/index.php\/2025\/10\/27\/discuten-en-sesion-de-cabildo-por-informe-de-estados-financieros\/","title":{"rendered":"Discuten en Sesi\u00f3n de Cabildo por informe de estados financieros."},"content":{"rendered":"\n<p>Torre\u00f3n, Coahuila.- Nada terso result\u00f3 el desarrollo de la Sesi\u00f3n Ordinaria de Cabildo, celebrado esta ma\u00f1ana, durante el desahogo\u00a0de la orden del d\u00eda, referente a\u00a0la\u00a0aprobaci\u00f3n de los estados financieros\u00a0 \u00a0 correspondientes\u00a0al trimestre julio\/septiembre del a\u00f1o en curso, de la presente administraci\u00f3n que encabeza el Licenciado Rom\u00e1n Alberto Cepeda Gonz\u00e1lez.\u00a0<\/p>\n\n\n\n<p>Todo iba bien, hasta que\u00a0en la fase de intervenciones luego de la aprobaci\u00f3n mayoritaria de los avances de estados financieros de\u00a0los diversos organismos y las cuentas p\u00fablicas de la administraci\u00f3n,\u00a0el regidor morenista\u00a0Gabriel Francisco Pablo, conocido en los medios pol\u00edticos locales, como \u2019\u2019el hijo del pueblo\u2019\u2019\u00a0 con el que se alude la conformacion de su nombre y apellidos, intervino en la fase de discusiones, para externar\u00a0su parecer de que los gastos presentados en los documentos ya aproabdos por las Comisiones\u00a0 correspondientes, le resultan excesivos\u00a0y\u00a0exagerados,\u00a0lo que lo hace suponer,\u00a0un mal manejo.<\/p>\n\n\n\n<p>Su intervenci\u00f3n en el seno del cuerpo edilicio, registr\u00f3 respuesta en voz de la regidora priista, Dora\u00a0Elias Salinas Dur\u00e1n, que en su intervenci\u00f3n argument\u00f3 para hacer valer su capacidad en materia de finanzas, toda vez que afirm\u00f3, contar con un\u00a0t\u00edtulo profesional, am\u00e9n de una maestria y cursar por ahora estudios para obtener un Doctorado de Alta Direccion, solvencia\u00a0que hace considerar que las finanzas del municipio tienen una solvencia del 50% para enfrentar los pasivos. exhortando luego a que quienes hicieran uso de la palabra para abordar el tema financiero,\u00a0contar\u00a0con\u00a0conocimiento del tema,\u00a0y\u00a0no utilizar argumentos infundados, con desconocimiento\u00a0obvio.<\/p>\n\n\n\n<p>Eso gener\u00f3 respuesta inmediata del regidor morenista Gabriel Francisco Pedro, que con sarcasmo\u00a0 calific\u00f3\u00a0en su respuesta,\u00a0de \u2019\u2019experta en hacer discursos, y experta en temas contables\u2019\u2019, para\u00a0 adem\u00e1s reclamarle m\u00e1s adelante\u00a0su atenci\u00f3n personal, con las frases de &#8220;te estoy hablando\u00a0para que voltees a ver&#8221;, cuando\u00a0la regidora aludida le\u00eda el documento que ten\u00eda ante si.\u00a0<\/p>\n\n\n\n<p>El incidente que hizo salir del acostumabrado tono\u00a0de cortes\u00eda pol\u00edtica entre\u00a0los integrantes del Cabildo, en\u00a0las discusiones, escazas por cierto, que se generan en el desarollo de las Sesiones del Cabildo en pleno, que contaba en tales momentos, con la presencia del\u00a0alcalde Rom\u00e1n Alberto Cepeda presidiendo tal acto, celebrado en el Salon de Cabildos\u00a0del S\u00e9ptimo Piso del Edificio Municipal.\u00a0\u00a0<\/p>\n\n\n\n<p>Trascendi\u00f3 al t\u00e9rmino de la reuni\u00f3n edilicia que la Regidora Salinas Duran,\u00a0afirm\u00f3 no descartar,\u00a0en los d\u00edas subsecuentes,\u00a0una denuncia por violencia pol\u00edtica en raz\u00f3n de g\u00e9nero, pues consider\u00f3 que los calificativos externados por su compa\u00f1ero de Cabildo, revelan\u00a0menosprecio\u00a0de sus capacidades\u00a0y menoscaban su integridad profesional.<\/p>\n","protected":false},"excerpt":{"rendered":"<p>Torre\u00f3n, Coahuila.- Nada terso result\u00f3 el desarrollo de la Sesi\u00f3n Ordinaria de Cabildo, celebrado esta ma\u00f1ana, durante el desahogo\u00a0de la orden del d\u00eda, referente a\u00a0la\u00a0aprobaci\u00f3n de los estados financieros\u00a0 \u00a0 correspondientes\u00a0al trimestre julio\/septiembre del a\u00f1o en curso, de la presente administraci\u00f3n que encabeza el Licenciado Rom\u00e1n Alberto Cepeda Gonz\u00e1lez.\u00a0 Todo iba bien, hasta que\u00a0en la fase de intervenciones luego de la aprobaci\u00f3n mayoritaria de los avances de estados financieros de\u00a0los&#8230;<\/p>\n","protected":false},"author":2,"featured_media":0,"comment_status":"closed","ping_status":"","sticky":false,"template":"","format":"standard","meta":{"footnotes":""},"categories":[5,28,7],"tags":[],"class_list":["post-28959","post","type-post","status-publish","format-standard","hentry","category-coahuila","category-la-laguna","category-torreon","wpcat-5-id","wpcat-28-id","wpcat-7-id"],"_links":{"self":[{"href":"https:\/\/www.aquilaguna.com\/index.php\/wp-json\/wp\/v2\/posts\/28959","targetHints":{"allow":["GET"]}}],"collection":[{"href":"https:\/\/www.aquilaguna.com\/index.php\/wp-json\/wp\/v2\/posts"}],"about":[{"href":"https:\/\/www.aquilaguna.com\/index.php\/wp-json\/wp\/v2\/types\/post"}],"author":[{"embeddable":true,"href":"https:\/\/www.aquilaguna.com\/index.php\/wp-json\/wp\/v2\/users\/2"}],"replies":[{"embeddable":true,"href":"https:\/\/www.aquilaguna.com\/index.php\/wp-json\/wp\/v2\/comments?post=28959"}],"version-history":[{"count":1,"href":"https:\/\/www.aquilaguna.com\/index.php\/wp-json\/wp\/v2\/posts\/28959\/revisions"}],"predecessor-version":[{"id":28960,"href":"https:\/\/www.aquilaguna.com\/index.php\/wp-json\/wp\/v2\/posts\/28959\/revisions\/28960"}],"wp:attachment":[{"href":"https:\/\/www.aquilaguna.com\/index.php\/wp-json\/wp\/v2\/media?parent=28959"}],"wp:term":[{"taxonomy":"category","embeddable":true,"href":"https:\/\/www.aquilaguna.com\/index.php\/wp-json\/wp\/v2\/categories?post=28959"},{"taxonomy":"post_tag","embeddable":true,"href":"https:\/\/www.aquilaguna.com\/index.php\/wp-json\/wp\/v2\/tags?post=28959"}],"curies":[{"name":"wp","href":"https:\/\/api.w.org\/{rel}","templated":true}]}}