{"id":28969,"date":"2025-10-28T17:48:39","date_gmt":"2025-10-28T23:48:39","guid":{"rendered":"https:\/\/www.aquilaguna.com\/?p=28969"},"modified":"2025-10-28T17:48:39","modified_gmt":"2025-10-28T23:48:39","slug":"en-coahuila-fabricamos-las-mejores-camionetas-del-mundo-manolo","status":"publish","type":"post","link":"https:\/\/www.aquilaguna.com\/index.php\/2025\/10\/28\/en-coahuila-fabricamos-las-mejores-camionetas-del-mundo-manolo\/","title":{"rendered":"EN COAHUILA FABRICAMOS LAS MEJORES CAMIONETAS DEL MUNDO: MANOLO."},"content":{"rendered":"\n<p>\u00b7&nbsp;&nbsp;&nbsp;&nbsp;&nbsp;&nbsp;<em>Asiste Manolo a la planta RAM de Stellantis en Saltillo<\/em><\/p>\n\n\n\n<p>Saltillo, Coahuila de Zaragoza; a 27 de octubre de 2025.- El gobernador Manolo Jim\u00e9nez Salinas acompa\u00f1\u00f3 a directivos de la empresa Stellantis en el lanzamiento del nuevo portafolio de RAM M\u00e9xico, veh\u00edculos que se producir\u00e1n en Saltillo para el mercado nacional, con lo que se fortalecen sus ventas en M\u00e9xico y en diversas partes del mundo.<\/p>\n\n\n\n<p>&#8220;\u00a1En Coahuila hacemos las mejores camionetas del mundo! Qu\u00e9 gusto acompa\u00f1ar a todo el gran equipo de Stellantis en su planta de Saltillo, donde presentaron su nuevo portafolio RAM. Hicimos un recorrido por las l\u00edneas de producci\u00f3n, salud\u00e9 a los trabajadores y le dimos la bienvenida a concesionarios de todo el pa\u00eds. Muchas gracias a mi amigo Daniel Gonz\u00e1lez, CEO de Stellantis en M\u00e9xico, por la invitaci\u00f3n, y felicidades por el gran trabajo que hacen todos los d\u00edas. Cuenten con nosotros para juntos, seguir fortaleciendo el desarrollo econ\u00f3mico y los empleos en Coahuila&#8221;, destac\u00f3 el gobernador.<\/p>\n\n\n\n<p>Manolo Jim\u00e9nez resalt\u00f3 que las camionetas que se producen en esta planta han sido premiadas internacionalmente como las mejores camionetas del mundo, por lo que felicit\u00f3 y agradeci\u00f3 a Stellantis por seguir confiando en Coahuila.<\/p>\n\n\n\n<p>\u201cNosotros como gobierno, tenemos que generar las mejores condiciones de desarrollo para que a los inversionistas les vaya bien, y la mejor manera de lograrlo es trabajando coordinados y en equipo sociedad civil organizada, iniciativa privada y gobierno\u201d, manifest\u00f3.<\/p>\n\n\n\n<p>Reconoci\u00f3 el compromiso y calidad de las y los trabajadores coahuilenses por hacer de esta planta la m\u00e1s eficiente del mundo.<\/p>\n\n\n\n<p>Adem\u00e1s, destac\u00f3 que Coahuila es el mayor productor de veh\u00edculos en el pa\u00eds, y el mayor productor de autopartes.<\/p>\n\n\n\n<p>Jim\u00e9nez Salinas record\u00f3 que uno de los compromisos que hizo en campa\u00f1a con Stellantis y con los miles de trabajadores de Derramadero fue la ampliaci\u00f3n y modernizaci\u00f3n de la carretera, compromiso que, dijo, pr\u00e1cticamente a los meses de haber tomado posesi\u00f3n iniciaron a cumplir, lo que mejorar\u00e1 la calidad de vida y seguridad de los trabajadores.<\/p>\n\n\n\n<p>Agreg\u00f3 que en Coahuila se mantiene la coordinaci\u00f3n entre las diferentes instituciones de los tres \u00f3rdenes de gobierno para continuar blindando al estado, lo que ha dado como resultado que la entidad sea la segunda m\u00e1s segura de M\u00e9xico, y que Saltillo, Piedras Negras y Torre\u00f3n est\u00e9n entre las ciudades m\u00e1s seguras de todo el pa\u00eds.<\/p>\n\n\n\n<p>Daniel Gonz\u00e1lez, CEO de Stellantis M\u00e9xico reconoci\u00f3 la calidad de la mano de obra de los trabajadores coahuilenses que hacen un producto de gran calidad de exportaci\u00f3n al mundo.<\/p>\n\n\n\n<p>Carlos Rivera, vicepresidente Senior de Manufactura, explic\u00f3 que en la nueva planta de Stellantis en Derramadero les permitir\u00e1 producir la RAM 1500 para M\u00e9xico, Canad\u00e1 y el resto del mundo.<\/p>\n\n\n\n<p>Por su parte, el alcalde de Saltillo, Javier D\u00edaz Gonz\u00e1lez mencion\u00f3 que Coahuila se ha consolidado como el verdadero coraz\u00f3n de la producci\u00f3n de la RAM.<\/p>\n\n\n\n<p>Reconoci\u00f3 a Manolo Jim\u00e9nez por su liderazgo, visi\u00f3n y compromiso con el desarrollo de todo el estado.<\/p>\n\n\n\n<p>En este evento estuvieron presentes, adem\u00e1s, Luis Olivares Mart\u00ednez, secretario de Econom\u00eda; Joaqu\u00edn \u00c1lava, director de Asuntos Corporativos; Miguel Ceballos, gerente de Comunicaci\u00f3n de Stellantis M\u00e9xico; Gerardo Camacho, gerente de Panta Camiones de Stellantis M\u00e9xico; Ana Laura Dorante, gerente de Recursos Humano de Stellantis M\u00e9xico; Guillermo D\u00edaz, secretario general del Sindicato de Trabajadores Stellantis.<\/p>\n","protected":false},"excerpt":{"rendered":"<p>\u00b7&nbsp;&nbsp;&nbsp;&nbsp;&nbsp;&nbsp;Asiste Manolo a la planta RAM de Stellantis en Saltillo Saltillo, Coahuila de Zaragoza; a 27 de octubre de 2025.- El gobernador Manolo Jim\u00e9nez Salinas acompa\u00f1\u00f3 a directivos de la empresa Stellantis en el lanzamiento del nuevo portafolio de RAM M\u00e9xico, veh\u00edculos que se producir\u00e1n en Saltillo para el mercado nacional, con lo que se fortalecen sus ventas en M\u00e9xico y en diversas partes del mundo. &#8220;\u00a1En Coahuila hacemos las&#8230;<\/p>\n","protected":false},"author":1,"featured_media":28970,"comment_status":"closed","ping_status":"","sticky":false,"template":"","format":"standard","meta":{"footnotes":""},"categories":[5,29,15],"tags":[],"class_list":["post-28969","post","type-post","status-publish","format-standard","has-post-thumbnail","hentry","category-coahuila","category-economia","category-gobierno-de-coahuila","wpcat-5-id","wpcat-29-id","wpcat-15-id"],"_links":{"self":[{"href":"https:\/\/www.aquilaguna.com\/index.php\/wp-json\/wp\/v2\/posts\/28969","targetHints":{"allow":["GET"]}}],"collection":[{"href":"https:\/\/www.aquilaguna.com\/index.php\/wp-json\/wp\/v2\/posts"}],"about":[{"href":"https:\/\/www.aquilaguna.com\/index.php\/wp-json\/wp\/v2\/types\/post"}],"author":[{"embeddable":true,"href":"https:\/\/www.aquilaguna.com\/index.php\/wp-json\/wp\/v2\/users\/1"}],"replies":[{"embeddable":true,"href":"https:\/\/www.aquilaguna.com\/index.php\/wp-json\/wp\/v2\/comments?post=28969"}],"version-history":[{"count":1,"href":"https:\/\/www.aquilaguna.com\/index.php\/wp-json\/wp\/v2\/posts\/28969\/revisions"}],"predecessor-version":[{"id":28971,"href":"https:\/\/www.aquilaguna.com\/index.php\/wp-json\/wp\/v2\/posts\/28969\/revisions\/28971"}],"wp:featuredmedia":[{"embeddable":true,"href":"https:\/\/www.aquilaguna.com\/index.php\/wp-json\/wp\/v2\/media\/28970"}],"wp:attachment":[{"href":"https:\/\/www.aquilaguna.com\/index.php\/wp-json\/wp\/v2\/media?parent=28969"}],"wp:term":[{"taxonomy":"category","embeddable":true,"href":"https:\/\/www.aquilaguna.com\/index.php\/wp-json\/wp\/v2\/categories?post=28969"},{"taxonomy":"post_tag","embeddable":true,"href":"https:\/\/www.aquilaguna.com\/index.php\/wp-json\/wp\/v2\/tags?post=28969"}],"curies":[{"name":"wp","href":"https:\/\/api.w.org\/{rel}","templated":true}]}}