{"id":28972,"date":"2025-10-28T17:40:32","date_gmt":"2025-10-28T23:40:32","guid":{"rendered":"https:\/\/www.aquilaguna.com\/?p=28972"},"modified":"2025-10-28T18:40:56","modified_gmt":"2025-10-29T00:40:56","slug":"congreso-del-estado-de-coahuila-informa-118","status":"publish","type":"post","link":"https:\/\/www.aquilaguna.com\/index.php\/2025\/10\/28\/congreso-del-estado-de-coahuila-informa-118\/","title":{"rendered":"Congreso del Estado de Coahuila informa:"},"content":{"rendered":"\n<p>&nbsp;&nbsp;Las Diputadas los Diputados de la Sexag\u00e9sima Tercera Legislatura del Congreso del Estado de Coahuila de Zaragoza hicieron un reconocimiento al Museo de los Presidentes Coahuilenses con motivo de su XV Aniversario; por su invaluable labor en la preservaci\u00f3n de la memoria hist\u00f3rica, la difusi\u00f3n del legado coahuilense y la promoci\u00f3n de la identidad de nuestro Estado.<\/p>\n\n\n\n<p>&nbsp;&nbsp;&nbsp;&nbsp;&nbsp;&nbsp;&nbsp;El Reconocimiento a este importante Museo, fue hecho al inicio de la Novena Sesi\u00f3n del Segundo Periodo Ordinario de Sesiones, correspondiente al Segundo A\u00f1o de Ejercicio Constitucional de la LXIII Legislatura local.<\/p>\n\n\n\n<p>&nbsp;&nbsp;&nbsp;&nbsp;&nbsp;&nbsp;&nbsp;Con motivo del aniversario del Museo, las Diputadas y los Diputados hicieron un pronunciamiento en voz de la Diputada Luz Elena Morales N\u00fa\u00f1ez, quien dijo que ser\u00eda el 28 de octubre de 2010, cuando derivado de las conmemoraciones del Bicentenario de la Independencia y Centenario de la Revoluci\u00f3n Mexicana, el gobierno de Coahuila abri\u00f3 las puertas de este recinto dedicado a honrar la memoria de los cinco coahuilenses que alcanzaron la m\u00e1s alta responsabilidad pol\u00edtica de la Naci\u00f3n:<\/p>\n\n\n\n<ul class=\"wp-block-list\">\n<li>Melchor M\u00fazquiz, originario de Santa Rosa, (hoy nombrado Muzquiz en su honor); quien asumi\u00f3 la Presidencia interina de M\u00e9xico en 1832 durante los primeros a\u00f1os de la Rep\u00fablica.<\/li>\n\n\n\n<li>Francisco I. Madero, presidente de M\u00e9xico de 1911 a 1913, nacido en Parras de la Fuente; quien encabez\u00f3 la Revoluci\u00f3n Mexicana contra Porfirio D\u00edaz promoviendo la democracia y la no relecci\u00f3n.<\/li>\n\n\n\n<li>Eulalio Guti\u00e9rrez de 1914 a 1915, originario de Ramos Arizpe; fue presidente provisional durante la Convenci\u00f3n de Aguascalientes, en plena lucha revolucionaria, buscando la reconciliaci\u00f3n nacional.<\/li>\n\n\n\n<li>Roque Gonz\u00e1lez Garza en 1915, de Saltillo; quien asumi\u00f3 la Presidencia provisional en un periodo de gran inestabilidad pol\u00edtica derivada de la Revoluci\u00f3n.<\/li>\n\n\n\n<li>Y finalmente, Venustiano Carranza de 1917 a 1920, originario de Cuatro Ci\u00e9negas, primer presidente constitucional tras la Revoluci\u00f3n, quien promulg\u00f3 la Constituci\u00f3n de 1917.<\/li>\n<\/ul>\n\n\n\n<p>&nbsp;&nbsp;&nbsp;&nbsp;&nbsp;&nbsp;&nbsp;&nbsp;Morales N\u00fa\u00f1ez&nbsp; a\u00f1adi\u00f3: \u201cTodos ellos, parte esencial de nuestra historia, orgullo e identidad coahuilense, siendo su legado la raz\u00f3n de ser y el compromiso permanente de este gran museo, \u00fanico en su tipo a nivel nacional gracias a la cantidad y calidad de los objetos personales de cada uno de los presidentes, mismos que fueron donados por sus propias familias para compartirlos en esta exhibici\u00f3n permanente con el p\u00fablico visitante.<\/p>\n\n\n\n<p>&nbsp;&nbsp;&nbsp;&nbsp;&nbsp;&nbsp;&nbsp;Manifest\u00f3 que a trav\u00e9s de cinco salas de exhibici\u00f3n con el dise\u00f1o del prestigioso arquitecto Pedro Ram\u00edrez V\u00e1zquez, creador tambi\u00e9n del Museo Nacional de Antropolog\u00eda, el Estadio Azteca y el Palacio Legislativo de San L\u00e1zaro, surge este espacio para preservar la memoria, difundir la historia y promover el amor a la patria entre las nuevas generaciones.<\/p>\n\n\n\n<p>&nbsp; &nbsp; &nbsp; Asimismo, expres\u00f3 el m\u00e1s sincero reconocimiento al Lic. Ra\u00fal L\u00f3pez Guti\u00e9rrez, Presidente del Patronato del Museo, y con \u00e9l, a todos sus integrantes, por su dedicaci\u00f3n, compromiso con la historia y con el amor a Coahuila y a M\u00e9xico.<\/p>\n\n\n\n<p>&nbsp;&nbsp;&nbsp;&nbsp;&nbsp;&nbsp;&nbsp;Finalmente, las Diputadas y los Diputados hicieron entrega de una placa&nbsp; de reconocimiento al Lic. L\u00f3pez Guti\u00e9rrez.<\/p>\n\n\n\n<p>&nbsp;&nbsp;&nbsp;&nbsp;&nbsp;&nbsp;&nbsp;&nbsp;En Esta Sesi\u00f3n, Diputadas y Diputados plantearon y dieron lectura a las siguientes iniciativas:<\/p>\n\n\n\n<p><strong>&nbsp;&nbsp;&nbsp;&nbsp;&nbsp;&nbsp;&nbsp;1.- <\/strong>Iniciativa con Proyecto de Decreto que plantea&nbsp; se adiciona una fracci\u00f3n VI al art\u00edculo 14, de la Ley Estatal de Salud.<\/p>\n\n\n\n<p><strong>&nbsp;&nbsp;&nbsp;&nbsp;&nbsp;&nbsp;&nbsp;2.- <\/strong>Iniciativa con Proyecto de Decreto que propone adicionar nuevos contenidos a la fracci\u00f3n V y VI, recorriendo el actual a la siguiente, haciendo lo propio con las dem\u00e1s fracciones del art\u00edculo 3; se adiciona una fracci\u00f3n IX al art\u00edculo 6; se reforma el inciso a), se adiciona un inciso b) y se recorren los subsecuentes de la fracci\u00f3n X del art\u00edculo 7; de igual manera se adiciona un nuevo contenido a la fracci\u00f3n VII, recorriendo el actual a la siguiente, haciendo lo propio con las dem\u00e1s fracciones del art\u00edculo 15 y se crea el cap\u00edtulo V denominado \u201cDel trabajo\u201d adicionando los art\u00edculos 17,18 y 19 ,a la Ley para la Inclusi\u00f3n y Garant\u00eda de los Derechos de las Personas con la Condici\u00f3n del Espectro Autista del Estado.&nbsp;<\/p>\n\n\n\n<p><strong>&nbsp;&nbsp;&nbsp;&nbsp;&nbsp;&nbsp;&nbsp;3.- <\/strong>Iniciativa con Proyecto de Decreto para que se reforme el primer p\u00e1rrafo y se adicione un segundo p\u00e1rrafo a la fracci\u00f3n V del art\u00edculo 103, de la Ley del Equilibrio Ecol\u00f3gico y la Protecci\u00f3n al Ambiente del Estado.<\/p>\n\n\n\n<p><strong>&nbsp;&nbsp;&nbsp;&nbsp;&nbsp;&nbsp;&nbsp;4.- <\/strong>Iniciativa con Proyecto de Decreto para que se reformen diversas disposiciones de la Ley de Transporte y Movilidad Sustentable para el Estado.&nbsp;<\/p>\n\n\n\n<p><strong>&nbsp;&nbsp;&nbsp;&nbsp;&nbsp;&nbsp;&nbsp;5.- <\/strong>Iniciativa con Proyecto de Decreto que plantea adicionar un tercer p\u00e1rrafo del art\u00edculo 96 y se reforme el tercer p\u00e1rrafo del art\u00edculo 111, del C\u00f3digo Municipal para el Estado.<\/p>\n\n\n\n<p><strong>&nbsp;&nbsp;&nbsp;&nbsp;&nbsp;&nbsp;&nbsp;<\/strong>&nbsp;Por otra parte, las Diputadas y los Diputados aprobaron por unanimidad de votos los siguientes dict\u00e1menes:<\/p>\n\n\n\n<p><strong>&nbsp;&nbsp;&nbsp;&nbsp;&nbsp;&nbsp;&nbsp;1.- <\/strong>Dictamen con vista del sentir de los Ayuntamientos de la Comisi\u00f3n de Gobernaci\u00f3n, Puntos Constitucionales y Justicia, del Proyecto de Decreto por el que se reforma el primer p\u00e1rrafo del art\u00edculo 49 y la fracci\u00f3n IV del art\u00edculo 84, de la Constituci\u00f3n Pol\u00edtica del Estado de Coahuila de Zaragoza, a iniciativa del Gobernador Constitucional del Estado, Ing. Manolo Jim\u00e9nez Salinas.<\/p>\n\n\n\n<p>&nbsp;&nbsp;&nbsp;&nbsp;&nbsp;&nbsp;&nbsp;Se dispuso el env\u00edo del presente Decreto al Ejecutivo del Estado para su promulgaci\u00f3n, publicaci\u00f3n y observancia.<\/p>\n\n\n\n<p><strong>&nbsp;&nbsp;&nbsp;&nbsp;&nbsp;&nbsp;&nbsp;2.- <\/strong>Dictamen con vista del sentir de los Ayuntamientos de la Comisi\u00f3n de Gobernaci\u00f3n, Puntos Constitucionales y Justicia, del Proyecto de Decreto por el que se reforma la denominaci\u00f3n del Cap\u00edtulo VI del T\u00edtulo Cuarto y los art\u00edculos 116, 117 y 118 de la Constituci\u00f3n Pol\u00edtica del Estado de Coahuila de Zaragoza, a iniciativa del Gobernador Constitucional del Estado, Ing. Manolo Jim\u00e9nez Salinas.<\/p>\n\n\n\n<p>&nbsp;&nbsp;&nbsp;&nbsp;&nbsp;&nbsp;&nbsp;Se dispuso el env\u00edo del presente Decreto al Ejecutivo del Estado para su promulgaci\u00f3n, publicaci\u00f3n y observancia.<\/p>\n\n\n\n<p>&nbsp;&nbsp;&nbsp;&nbsp;&nbsp;&nbsp;&nbsp;&nbsp;<strong>3.- <\/strong>Dictamen con vista del sentir de los Ayuntamientos de la Comisi\u00f3n de Gobernaci\u00f3n, Puntos Constitucionales y Justicia,&nbsp; del Proyecto de Decreto por el que se&nbsp; reforma el p\u00e1rrafo noveno del art\u00edculo 173 de la Constituci\u00f3n Pol\u00edtica del Estado de Coahuila de Zaragoza, a iniciativa del Gobernador Constitucional del Estado, Ing. Manolo Jim\u00e9nez Salinas.<\/p>\n\n\n\n<p>&nbsp;&nbsp;&nbsp;&nbsp;&nbsp;&nbsp;&nbsp;Se dispuso el env\u00edo del presente Decreto al Ejecutivo del Estado para su promulgaci\u00f3n, publicaci\u00f3n y observancia.<\/p>\n\n\n\n<p>&nbsp;&nbsp;&nbsp;&nbsp;&nbsp;&nbsp;&nbsp;<strong>4.- <\/strong>Dictamen con Punto de Acuerdo de la Comisi\u00f3n de Hacienda, para exhortar a la Secretar\u00eda de Hacienda y Cr\u00e9dito P\u00fablico, a fin de que se dise\u00f1e un mecanismo fiscal que permita otorgar deducciones o exenciones a las empresas que invierten directamente en investigaci\u00f3n, innovaci\u00f3n y desarrollo tecnol\u00f3gico.<\/p>\n\n\n\n<p>&nbsp;&nbsp;&nbsp;&nbsp;&nbsp;&nbsp;&nbsp;<strong>5.- <\/strong>Dictamen con Punto de Acuerdo de la Comisi\u00f3n de Hacienda por el que se exhorta respetuosamente a la Secretar\u00eda de Hacienda y Cr\u00e9dito P\u00fablico del Gobierno Federal, para que en el pr\u00f3ximo an\u00e1lisis presupuestal, incorpore adecuadamente los recursos necesarios para ejercer las nuevas facultades y atribuciones del Instituto Nacional de Estad\u00edstica y Geograf\u00eda (INEGI), al asumir el traspaso de funciones del Consejo Nacional de Evaluaci\u00f3n de la Pol\u00edtica de Desarrollo Social (CONEVAL), con el prop\u00f3sito de no afectar la medici\u00f3n de pobreza e indicadores que sirven de base para orientar las decisiones de la pol\u00edtica p\u00fablica.<\/p>\n\n\n\n<p>&nbsp;&nbsp;&nbsp;&nbsp;&nbsp;&nbsp;&nbsp;&nbsp;En esta Novena Sesi\u00f3n, Diputadas y Diputados plantearon 11 Proposiciones con Punto de Acuerdo, de las cuales, luego de ser consideradas como de urgente y obvia resoluci\u00f3n, se aprobaron las siguientes:<\/p>\n\n\n\n<p><strong>&nbsp;&nbsp;&nbsp;&nbsp;&nbsp;&nbsp;&nbsp;<\/strong><strong>1.- <\/strong>Proposici\u00f3n con Punto de Acuerdo&nbsp; para exhortar a la Secretar\u00eda del Trabajo y Previsi\u00f3n Social y a la Secretar\u00eda de Econom\u00eda, ambas del Gobierno Federal, para que en coordinaci\u00f3n con sus hom\u00f3logas en el Estado de Coahuila, implementen un programa integral dirigido a combatir la brecha salarial por g\u00e9nero en el sector industrial.<\/p>\n\n\n\n<p><strong>&nbsp;&nbsp;&nbsp;&nbsp;&nbsp;&nbsp;&nbsp;2.- <\/strong>Proposici\u00f3n con Punto de Acuerdo&nbsp; con objeto de exhortar respetuosamente a la Secretar\u00eda de Medio Ambiente del Estado de Coahuila, para que en el \u00e1mbito de su competencia y en coordinaci\u00f3n con las autoridades de los municipios de Saltillo, Ramos Arizpe y Arteaga, realicen las acciones necesarias para mejorar el medio ambiente y calidad del aire en la ciudad de Saltillo y su zona metropolitana.<\/p>\n\n\n\n<p><strong>&nbsp;&nbsp;&nbsp;&nbsp;&nbsp;&nbsp;&nbsp;3.- <\/strong>Proposici\u00f3n con Punto de Acuerdo con objeto de que se env\u00ede un atento exhorto a los 38 Municipios del Estado, para que conforme a sus atribuciones y de acuerdo con sus necesidades en la materia, brinden apoyo y asesor\u00eda a los fraccionamientos cerrados, semicerrados y abiertos en sus jurisdicciones, a fin de que puedan organizar sus formas de autorregulaci\u00f3n y crear las asambleas, comit\u00e9s o asociaciones de colonos que necesitan, as\u00ed como los reglamentos pertinentes de acuerdo a cada caso, en aras de fortalecer y fomentar la convivencia pac\u00edfica, la soluci\u00f3n de problemas comunitarios y la vida en familia en cada una de estas comunidades.<\/p>\n\n\n\n<p><strong>&nbsp;&nbsp;&nbsp;&nbsp;&nbsp;&nbsp;&nbsp;4.- <\/strong>Proposici\u00f3n con Punto de Acuerdo con objeto de exhortar respetuosamente a diversas autoridades en materia de turismo de los 3 \u00f3rdenes de Gobierno, para que en coordinaci\u00f3n, fortalezcan la promoci\u00f3n, atracci\u00f3n y organizaci\u00f3n de eventos deportivos, culturales y recreativos como estrategia de desarrollo econ\u00f3mico y social para la Regi\u00f3n Carbon\u00edfera en el Estado de Coahuila.<\/p>\n\n\n\n<p><strong>&nbsp;&nbsp;&nbsp;&nbsp;&nbsp;&nbsp;&nbsp;5.-&nbsp; <\/strong>Proposici\u00f3n con Punto de Acuerdo para exhortar respetuosamente a la Coordinaci\u00f3n Nacional de Protecci\u00f3n Civil, en colaboraci\u00f3n con los gobiernos de las entidades federativas y municipios, a fortalecer los sistemas de alerta temprana ante fen\u00f3menos meteorol\u00f3gicos extremos, garantizando que las alertas emitidas por el servicio meteorol\u00f3gico nacional sean efectivamente comunicadas y comprendidas por la poblaci\u00f3n en riesgo.<\/p>\n\n\n\n<p><strong>&nbsp;&nbsp;&nbsp;&nbsp;&nbsp;&nbsp;&nbsp;6.- <\/strong>Proposici\u00f3n con Punto de Acuerdo con objeto de exhortar a las Secretar\u00edas de Educaci\u00f3n P\u00fablica Federal, a trav\u00e9s de la Direcci\u00f3n General La Escuela es Nuestra (DGLEEN), del Bienestar y de Anticorrupci\u00f3n y Buen Gobierno, para que en el \u00e1mbito de sus respectivas atribuciones, refuercen las acciones de supervisi\u00f3n, control, vigilancia y seguimiento de las obras de infraestructura f\u00edsica educativa, que se llevan a cabo en los planteles educativos que forman parte del Programa \u201cLa Escuela es Nuestra\u201d (PLEEN), as\u00ed como, el correcto ejercicio de los recursos asignados para llevar a cabo estas acciones en los planteles educativos.<\/p>\n\n\n\n<p>&nbsp;&nbsp;&nbsp;&nbsp;&nbsp;&nbsp;&nbsp;Cabe se\u00f1alar que ,al inicio de esta sesi\u00f3n las Diputadas, los Diputados y p\u00fablico asistente, guardaron un minuto de silencio en memoria del oficial Miguel \u00c1ngel Mart\u00ednez Hern\u00e1ndez, elemento de la Polic\u00eda Estatal, quien falleci\u00f3 en el cumplimiento de sus funciones salvaguardado la seguridad de las familias Coahuilenses.<\/p>\n","protected":false},"excerpt":{"rendered":"<p>&nbsp;&nbsp;Las Diputadas los Diputados de la Sexag\u00e9sima Tercera Legislatura del Congreso del Estado de Coahuila de Zaragoza hicieron un reconocimiento al Museo de los Presidentes Coahuilenses con motivo de su XV Aniversario; por su invaluable labor en la preservaci\u00f3n de la memoria hist\u00f3rica, la difusi\u00f3n del legado coahuilense y la promoci\u00f3n de la identidad de nuestro Estado. &nbsp;&nbsp;&nbsp;&nbsp;&nbsp;&nbsp;&nbsp;El Reconocimiento a este importante Museo, fue hecho al inicio de la Novena&#8230;<\/p>\n","protected":false},"author":1,"featured_media":28973,"comment_status":"closed","ping_status":"closed","sticky":false,"template":"","format":"standard","meta":{"footnotes":""},"categories":[5,21],"tags":[],"class_list":["post-28972","post","type-post","status-publish","format-standard","has-post-thumbnail","hentry","category-coahuila","category-congreso-del-estado","wpcat-5-id","wpcat-21-id"],"_links":{"self":[{"href":"https:\/\/www.aquilaguna.com\/index.php\/wp-json\/wp\/v2\/posts\/28972","targetHints":{"allow":["GET"]}}],"collection":[{"href":"https:\/\/www.aquilaguna.com\/index.php\/wp-json\/wp\/v2\/posts"}],"about":[{"href":"https:\/\/www.aquilaguna.com\/index.php\/wp-json\/wp\/v2\/types\/post"}],"author":[{"embeddable":true,"href":"https:\/\/www.aquilaguna.com\/index.php\/wp-json\/wp\/v2\/users\/1"}],"replies":[{"embeddable":true,"href":"https:\/\/www.aquilaguna.com\/index.php\/wp-json\/wp\/v2\/comments?post=28972"}],"version-history":[{"count":1,"href":"https:\/\/www.aquilaguna.com\/index.php\/wp-json\/wp\/v2\/posts\/28972\/revisions"}],"predecessor-version":[{"id":28974,"href":"https:\/\/www.aquilaguna.com\/index.php\/wp-json\/wp\/v2\/posts\/28972\/revisions\/28974"}],"wp:featuredmedia":[{"embeddable":true,"href":"https:\/\/www.aquilaguna.com\/index.php\/wp-json\/wp\/v2\/media\/28973"}],"wp:attachment":[{"href":"https:\/\/www.aquilaguna.com\/index.php\/wp-json\/wp\/v2\/media?parent=28972"}],"wp:term":[{"taxonomy":"category","embeddable":true,"href":"https:\/\/www.aquilaguna.com\/index.php\/wp-json\/wp\/v2\/categories?post=28972"},{"taxonomy":"post_tag","embeddable":true,"href":"https:\/\/www.aquilaguna.com\/index.php\/wp-json\/wp\/v2\/tags?post=28972"}],"curies":[{"name":"wp","href":"https:\/\/api.w.org\/{rel}","templated":true}]}}