{"id":28975,"date":"2025-10-28T18:42:40","date_gmt":"2025-10-29T00:42:40","guid":{"rendered":"https:\/\/www.aquilaguna.com\/?p=28975"},"modified":"2025-10-28T18:42:40","modified_gmt":"2025-10-29T00:42:40","slug":"frente-frio-numero-11-generara-descenso-de-temperatura-en-el-estado","status":"publish","type":"post","link":"https:\/\/www.aquilaguna.com\/index.php\/2025\/10\/28\/frente-frio-numero-11-generara-descenso-de-temperatura-en-el-estado\/","title":{"rendered":"FRENTE FR\u00cdO N\u00daMERO 11 GENERAR\u00c1 DESCENSO DE TEMPERATURA EN EL ESTADO."},"content":{"rendered":"\n<p>Saltillo, Coahuila de Zaragoza; a 28 de octubre de 2025. \u2013 La Secretar\u00eda de Gobierno, a trav\u00e9s de la Subsecretar\u00eda de Protecci\u00f3n Civil del Estado, informa que la noche de este martes se prev\u00e9 el ingreso del Frente Fr\u00edo n\u00famero 11 a Coahuila, generando rachas de viento de 60 a 80 km\/h, as\u00ed como un descenso de temperatura en el estado.<\/p>\n\n\n\n<p>El Servicio Meteorol\u00f3gico Nacional ha emitido el siguiente pron\u00f3stico general para Coahuila:<\/p>\n\n\n\n<p>&nbsp;&nbsp;&nbsp;&nbsp;&nbsp;&nbsp;&nbsp;&nbsp;&nbsp;&nbsp;&nbsp;&nbsp;\u2022&nbsp;&nbsp;&nbsp;&nbsp;&nbsp;&nbsp;&nbsp;&nbsp;&nbsp;&nbsp;Descenso de temperatura en las cinco regiones del estado.<\/p>\n\n\n\n<p>&nbsp;&nbsp;&nbsp;&nbsp;&nbsp;&nbsp;&nbsp;&nbsp;&nbsp;&nbsp;&nbsp;&nbsp;\u2022&nbsp;&nbsp;&nbsp;&nbsp;&nbsp;&nbsp;&nbsp;&nbsp;&nbsp;&nbsp;Viento de 30 a 45 km\/h, con rachas de 65 a 80 km\/h, lo cual puede causar la ca\u00edda de \u00e1rboles, postes y estructuras ligeras. Se reitera la importancia de asegurar objetos en exteriores y extremar precauciones al conducir.<\/p>\n\n\n\n<p>\u2e3b<\/p>\n\n\n\n<p><strong>Pron\u00f3stico por regi\u00f3n<\/strong><\/p>\n\n\n\n<p><strong>Regi\u00f3n Norte<\/strong><\/p>\n\n\n\n<p>&nbsp;&nbsp;&nbsp;&nbsp;&nbsp;&nbsp;&nbsp;&nbsp;&nbsp;&nbsp;&nbsp;&nbsp;\u2022&nbsp;&nbsp;&nbsp;&nbsp;&nbsp;&nbsp;&nbsp;&nbsp;&nbsp;&nbsp;Mi\u00e9rcoles: 23 \u00b0C \/ 8 \u00b0C \u2013 0% probabilidad de lluvia<\/p>\n\n\n\n<p>&nbsp;&nbsp;&nbsp;&nbsp;&nbsp;&nbsp;&nbsp;&nbsp;&nbsp;&nbsp;&nbsp;&nbsp;\u2022&nbsp;&nbsp;&nbsp;&nbsp;&nbsp;&nbsp;&nbsp;&nbsp;&nbsp;&nbsp;Jueves: 25 \u00b0C \/ 9 \u00b0C \u2013 0% probabilidad de lluvia<\/p>\n\n\n\n<p><strong>Regi\u00f3n Carbon\u00edfera<\/strong><\/p>\n\n\n\n<p>&nbsp;&nbsp;&nbsp;&nbsp;&nbsp;&nbsp;&nbsp;&nbsp;&nbsp;&nbsp;&nbsp;&nbsp;\u2022&nbsp;&nbsp;&nbsp;&nbsp;&nbsp;&nbsp;&nbsp;&nbsp;&nbsp;&nbsp;Mi\u00e9rcoles: 24 \u00b0C \/ 8 \u00b0C \u2013 10% probabilidad de lluvia<\/p>\n\n\n\n<p>&nbsp;&nbsp;&nbsp;&nbsp;&nbsp;&nbsp;&nbsp;&nbsp;&nbsp;&nbsp;&nbsp;&nbsp;\u2022&nbsp;&nbsp;&nbsp;&nbsp;&nbsp;&nbsp;&nbsp;&nbsp;&nbsp;&nbsp;Jueves: 26 \u00b0C \/ 9 \u00b0C \u2013 5% probabilidad de lluvia<\/p>\n\n\n\n<p><strong>Regi\u00f3n Centro<\/strong><\/p>\n\n\n\n<p>&nbsp;&nbsp;&nbsp;&nbsp;&nbsp;&nbsp;&nbsp;&nbsp;&nbsp;&nbsp;&nbsp;&nbsp;\u2022&nbsp;&nbsp;&nbsp;&nbsp;&nbsp;&nbsp;&nbsp;&nbsp;&nbsp;&nbsp;Mi\u00e9rcoles: 22 \u00b0C \/ 10 \u00b0C \u2013 15% probabilidad de lluvia<\/p>\n\n\n\n<p>&nbsp;&nbsp;&nbsp;&nbsp;&nbsp;&nbsp;&nbsp;&nbsp;&nbsp;&nbsp;&nbsp;&nbsp;\u2022&nbsp;&nbsp;&nbsp;&nbsp;&nbsp;&nbsp;&nbsp;&nbsp;&nbsp;&nbsp;Jueves: 26 \u00b0C \/ 11 \u00b0C \u2013 5% probabilidad de lluvia<\/p>\n\n\n\n<p><strong>Regi\u00f3n Laguna<\/strong><\/p>\n\n\n\n<p>&nbsp;&nbsp;&nbsp;&nbsp;&nbsp;&nbsp;&nbsp;&nbsp;&nbsp;&nbsp;&nbsp;&nbsp;\u2022&nbsp;&nbsp;&nbsp;&nbsp;&nbsp;&nbsp;&nbsp;&nbsp;&nbsp;&nbsp;Mi\u00e9rcoles: 26 \u00b0C \/ 10 \u00b0C \u2013 0% probabilidad de lluvia<\/p>\n\n\n\n<p>&nbsp;&nbsp;&nbsp;&nbsp;&nbsp;&nbsp;&nbsp;&nbsp;&nbsp;&nbsp;&nbsp;&nbsp;\u2022&nbsp;&nbsp;&nbsp;&nbsp;&nbsp;&nbsp;&nbsp;&nbsp;&nbsp;&nbsp;Jueves: 27 \u00b0C \/ 11 \u00b0C \u2013 0% probabilidad de lluvia<\/p>\n\n\n\n<p><strong>Regi\u00f3n Sureste<\/strong><\/p>\n\n\n\n<p>&nbsp;&nbsp;&nbsp;&nbsp;&nbsp;&nbsp;&nbsp;&nbsp;&nbsp;&nbsp;&nbsp;&nbsp;\u2022&nbsp;&nbsp;&nbsp;&nbsp;&nbsp;&nbsp;&nbsp;&nbsp;&nbsp;&nbsp;Mi\u00e9rcoles: 20 \u00b0C \/ 6 \u00b0C \u2013 25% probabilidad de lluvia<\/p>\n\n\n\n<p>&nbsp;&nbsp;&nbsp;&nbsp;&nbsp;&nbsp;&nbsp;&nbsp;&nbsp;&nbsp;&nbsp;&nbsp;\u2022&nbsp;&nbsp;&nbsp;&nbsp;&nbsp;&nbsp;&nbsp;&nbsp;&nbsp;&nbsp;Jueves: 23 \u00b0C \/ 8 \u00b0C \u2013 5% probabilidad de lluvia<\/p>\n\n\n\n<p>\u2e3b<\/p>\n\n\n\n<p><strong>Recomendaciones importantes ante el fr\u00edo y las bajas temperaturas<\/strong><\/p>\n\n\n\n<p>&nbsp;&nbsp;&nbsp;&nbsp;&nbsp;&nbsp;&nbsp;&nbsp;&nbsp;&nbsp;&nbsp;&nbsp;\u2022&nbsp;&nbsp;&nbsp;&nbsp;&nbsp;&nbsp;&nbsp;&nbsp;&nbsp;&nbsp;Abr\u00edguese con ropa adecuada: use varias capas, gorro, guantes y bufanda para mantener el calor corporal.<\/p>\n\n\n\n<p>&nbsp;&nbsp;&nbsp;&nbsp;&nbsp;&nbsp;&nbsp;&nbsp;&nbsp;&nbsp;&nbsp;&nbsp;\u2022&nbsp;&nbsp;&nbsp;&nbsp;&nbsp;&nbsp;&nbsp;&nbsp;&nbsp;&nbsp;Proteja a ni\u00f1os, adultos mayores y personas con salud delicada, quienes son m\u00e1s vulnerables al fr\u00edo.<\/p>\n\n\n\n<p>&nbsp;&nbsp;&nbsp;&nbsp;&nbsp;&nbsp;&nbsp;&nbsp;&nbsp;&nbsp;&nbsp;&nbsp;\u2022&nbsp;&nbsp;&nbsp;&nbsp;&nbsp;&nbsp;&nbsp;&nbsp;&nbsp;&nbsp;Mantenga ventanas y puertas bien cerradas para evitar corrientes de aire.<\/p>\n\n\n\n<p>&nbsp;&nbsp;&nbsp;&nbsp;&nbsp;&nbsp;&nbsp;&nbsp;&nbsp;&nbsp;&nbsp;&nbsp;\u2022&nbsp;&nbsp;&nbsp;&nbsp;&nbsp;&nbsp;&nbsp;&nbsp;&nbsp;&nbsp;NO encienda anafres, braseros ni carb\u00f3n dentro de la vivienda, ya que pueden generar mon\u00f3xido de carbono, un gas peligroso que puede causar intoxicaci\u00f3n o incluso la muerte.<\/p>\n\n\n\n<p>&nbsp;&nbsp;&nbsp;&nbsp;&nbsp;&nbsp;&nbsp;&nbsp;&nbsp;&nbsp;&nbsp;&nbsp;\u2022&nbsp;&nbsp;&nbsp;&nbsp;&nbsp;&nbsp;&nbsp;&nbsp;&nbsp;&nbsp;Use calentadores \u00fanicamente en interiores bien ventilados y en buen estado.<\/p>\n\n\n\n<p>&nbsp;&nbsp;&nbsp;&nbsp;&nbsp;&nbsp;&nbsp;&nbsp;&nbsp;&nbsp;&nbsp;&nbsp;\u2022&nbsp;&nbsp;&nbsp;&nbsp;&nbsp;&nbsp;&nbsp;&nbsp;&nbsp;&nbsp;Consuma bebidas calientes y alimentos nutritivos.<\/p>\n\n\n\n<p>&nbsp;&nbsp;&nbsp;&nbsp;&nbsp;&nbsp;&nbsp;&nbsp;&nbsp;&nbsp;&nbsp;&nbsp;\u2022&nbsp;&nbsp;&nbsp;&nbsp;&nbsp;&nbsp;&nbsp;&nbsp;&nbsp;&nbsp;Preste atenci\u00f3n a signos de hipotermia o congelaci\u00f3n, como piel fr\u00eda, mareo, confusi\u00f3n o extremidades entumecidas, y busque atenci\u00f3n m\u00e9dica si es necesario.<\/p>\n\n\n\n<p>\u2e3b<\/p>\n\n\n\n<p>La Subsecretar\u00eda de Protecci\u00f3n Civil del Estado mantiene vigilancia permanente sobre las condiciones meteorol\u00f3gicas e invita a la poblaci\u00f3n a mantenerse informada \u00fanicamente a trav\u00e9s de medios oficiales.<\/p>\n\n\n\n<p>En caso de emergencia, llama al 911.<\/p>\n","protected":false},"excerpt":{"rendered":"<p>Saltillo, Coahuila de Zaragoza; a 28 de octubre de 2025. \u2013 La Secretar\u00eda de Gobierno, a trav\u00e9s de la Subsecretar\u00eda de Protecci\u00f3n Civil del Estado, informa que la noche de este martes se prev\u00e9 el ingreso del Frente Fr\u00edo n\u00famero 11 a Coahuila, generando rachas de viento de 60 a 80 km\/h, as\u00ed como un descenso de temperatura en el estado. El Servicio Meteorol\u00f3gico Nacional ha emitido el siguiente pron\u00f3stico&#8230;<\/p>\n","protected":false},"author":1,"featured_media":28976,"comment_status":"closed","ping_status":"","sticky":false,"template":"","format":"standard","meta":{"footnotes":""},"categories":[27,5,15,54],"tags":[],"class_list":["post-28975","post","type-post","status-publish","format-standard","has-post-thumbnail","hentry","category-clima","category-coahuila","category-gobierno-de-coahuila","category-proteccion-civil","wpcat-27-id","wpcat-5-id","wpcat-15-id","wpcat-54-id"],"_links":{"self":[{"href":"https:\/\/www.aquilaguna.com\/index.php\/wp-json\/wp\/v2\/posts\/28975","targetHints":{"allow":["GET"]}}],"collection":[{"href":"https:\/\/www.aquilaguna.com\/index.php\/wp-json\/wp\/v2\/posts"}],"about":[{"href":"https:\/\/www.aquilaguna.com\/index.php\/wp-json\/wp\/v2\/types\/post"}],"author":[{"embeddable":true,"href":"https:\/\/www.aquilaguna.com\/index.php\/wp-json\/wp\/v2\/users\/1"}],"replies":[{"embeddable":true,"href":"https:\/\/www.aquilaguna.com\/index.php\/wp-json\/wp\/v2\/comments?post=28975"}],"version-history":[{"count":1,"href":"https:\/\/www.aquilaguna.com\/index.php\/wp-json\/wp\/v2\/posts\/28975\/revisions"}],"predecessor-version":[{"id":28977,"href":"https:\/\/www.aquilaguna.com\/index.php\/wp-json\/wp\/v2\/posts\/28975\/revisions\/28977"}],"wp:featuredmedia":[{"embeddable":true,"href":"https:\/\/www.aquilaguna.com\/index.php\/wp-json\/wp\/v2\/media\/28976"}],"wp:attachment":[{"href":"https:\/\/www.aquilaguna.com\/index.php\/wp-json\/wp\/v2\/media?parent=28975"}],"wp:term":[{"taxonomy":"category","embeddable":true,"href":"https:\/\/www.aquilaguna.com\/index.php\/wp-json\/wp\/v2\/categories?post=28975"},{"taxonomy":"post_tag","embeddable":true,"href":"https:\/\/www.aquilaguna.com\/index.php\/wp-json\/wp\/v2\/tags?post=28975"}],"curies":[{"name":"wp","href":"https:\/\/api.w.org\/{rel}","templated":true}]}}