{"id":28987,"date":"2025-10-28T18:47:34","date_gmt":"2025-10-29T00:47:34","guid":{"rendered":"https:\/\/www.aquilaguna.com\/?p=28987"},"modified":"2025-10-28T18:47:34","modified_gmt":"2025-10-29T00:47:34","slug":"policias-como-miguel-angel-son-heroes-en-coahuila-manolo","status":"publish","type":"post","link":"https:\/\/www.aquilaguna.com\/index.php\/2025\/10\/28\/policias-como-miguel-angel-son-heroes-en-coahuila-manolo\/","title":{"rendered":"POLIC\u00cdAS COMO MIGUEL \u00c1NGEL SON H\u00c9ROES EN COAHUILA: MANOLO."},"content":{"rendered":"\n<p>\u00b7&nbsp;&nbsp;&nbsp;&nbsp;&nbsp;&nbsp;<em>Rinde Gobernador homenaje p\u00f3stumo a elemento ca\u00eddo por enfrentamiento en los l\u00edmites con NL<\/em><\/p>\n\n\n\n<p>\u00b7&nbsp;&nbsp;&nbsp;&nbsp;&nbsp;&nbsp;<em>Gobierno del Estado brinda apoyo vitalicio a familia<\/em><\/p>\n\n\n\n<p>Saltillo, Coahuila de Zaragoza; a 28 de octubre de 2025.-El gobernador Manolo Jim\u00e9nez Salinas encabez\u00f3 el homenaje p\u00f3stumo en memoria del oficial Miguel \u00c1ngel Mart\u00ednez Hern\u00e1ndez, elemento de la Polic\u00eda Estatal ca\u00eddo en cumplimiento de su deber; acto que tuvo lugar en el patio de la Subsecretar\u00eda de la Polic\u00eda Estatal en Saltillo.<\/p>\n\n\n\n<p>Acompa\u00f1ado por autoridades militares, civiles y de seguridad, el mandatario estatal rindi\u00f3 un sentido reconocimiento al valor, compromiso y entrega del agente, quien sirvi\u00f3 con honor y lealtad al pueblo de Coahuila.<\/p>\n\n\n\n<p>El gobernador Manolo Jim\u00e9nez Salinas afirm\u00f3 que la seguridad es el pilar m\u00e1s importante para garantizar la calidad de vida de las familias coahuilenses, y reconoci\u00f3 que esa fortaleza se sostiene gracias al compromiso y la valent\u00eda de las corporaciones estatales, municipales y de la Fiscal\u00eda.<\/p>\n\n\n\n<p>Durante el homenaje p\u00f3stumo al elemento Miguel \u00c1ngel Mart\u00ednez Hern\u00e1ndez, destac\u00f3 que el agente es un h\u00e9roe coahuilense que sirvi\u00f3 con honor para preservar la paz del estado: \u201cHoy despedimos a un gran compa\u00f1ero, pero su legado y su ejemplo quedar\u00e1n siempre en nuestros corazones\u201d.<\/p>\n\n\n\n<p>Jim\u00e9nez Salinas reiter\u00f3 su respaldo total a las y los elementos de seguridad y a sus familias, a quienes asegur\u00f3 que nunca estar\u00e1n solos: \u201cAs\u00ed como Miguel \u00c1ngel cuid\u00f3 a los coahuilenses, nosotros como gobierno cuidaremos siempre de los suyos. Aqu\u00ed en Coahuila, quien se mete con uno, se mete con todos\u201d.&nbsp;<\/p>\n\n\n\n<p>El mandatario subray\u00f3 que este blindaje de paz y estabilidad se ha logrado gracias al trabajo coordinado, la voluntad y el valor de mujeres y hombres que d\u00eda a d\u00eda protegen a la poblaci\u00f3n.<\/p>\n\n\n\n<p>Durante la ceremonia, se realiz\u00f3 la colocaci\u00f3n de una placa conmemorativa en el muro de los ca\u00eddos en cumplimiento del deber, acto encabezado por el gobernador Manolo Jim\u00e9nez, quien estuvo acompa\u00f1ado por la esposa del elemento, Nadia P\u00e9rez Obreg\u00f3n, y su hija.<\/p>\n\n\n\n<p>Posteriormente, se llev\u00f3 a cabo el toque de silencio y salva de honor por parte de la Banda de Guerra del 69\u00ba Batall\u00f3n de Infanter\u00eda, y el gobernador hizo entrega de la Bandera de Coahuila a la familia del elemento como s\u00edmbolo de honor y gratitud del pueblo coahuilense.<\/p>\n\n\n\n<p>Miguel \u00c1ngel Mart\u00ednez Hern\u00e1ndez naci\u00f3 el 4 de abril de 1990 en Suchiaco Coxcatl\u00e1n, San Luis Potos\u00ed. Ingres\u00f3 al Ej\u00e9rcito Mexicano en 2009, donde alcanz\u00f3 el grado de Cabo de Transmisiones. En 2013 se incorpor\u00f3 a la Secretar\u00eda de Seguridad P\u00fablica de Coahuila dentro del Grupo de Armas y T\u00e1cticas Especiales \u201cTitanes\u201d, donde se desempe\u00f1\u00f3 como responsable de unidad.<\/p>\n\n\n\n<p>Con 12 a\u00f1os de servicio dentro de la corporaci\u00f3n, Miguel \u00c1ngel fue ejemplo de disciplina, compromiso y valor.<\/p>\n\n\n\n<p>El gobernador Jim\u00e9nez Salinas reiter\u00f3 que la seguridad de Coahuila se sostiene gracias al esfuerzo conjunto de mujeres y hombres valientes que conforman las corporaciones estatales, a quienes refrend\u00f3 su respaldo absoluto.<\/p>\n\n\n\n<p>\u201cNuestro compromiso es seguir fortaleciendo nuestras instituciones de seguridad y apoyar siempre a las familias de quienes han entregado su vida por la paz de nuestro estado. Su legado permanece como ejemplo de servicio, lealtad y amor por Coahuila\u201d, subray\u00f3.<\/p>\n\n\n\n<p>En el homenaje estuvieron presentes el General Brigadier de Estado Mayor Juan Carlos Quir\u00f3z Mu\u00f1oz, comandante interino de la Sexta Zona Militar; Luz Elena Morales N\u00fa\u00f1ez, presidenta de la Junta de Gobierno del Congreso del Estado; Miguel Felipe Mery Ayup, magistrado presidente del Tribunal Superior de Justicia; Javier D\u00edaz Gonz\u00e1lez, alcalde de Saltillo; Federico Fern\u00e1ndez Monta\u00f1ez, fiscal general del Estado; y Hugo Eduardo Guti\u00e9rrez Rodr\u00edguez, secretario de Seguridad P\u00fablica.<\/p>\n\n\n\n<p>Con este homenaje, el Gobierno del Estado de Coahuila refrenda su reconocimiento permanente a los elementos de seguridad que con valent\u00eda y compromiso protegen la tranquilidad de las familias coahuilenses.<\/p>\n","protected":false},"excerpt":{"rendered":"<p>\u00b7&nbsp;&nbsp;&nbsp;&nbsp;&nbsp;&nbsp;Rinde Gobernador homenaje p\u00f3stumo a elemento ca\u00eddo por enfrentamiento en los l\u00edmites con NL \u00b7&nbsp;&nbsp;&nbsp;&nbsp;&nbsp;&nbsp;Gobierno del Estado brinda apoyo vitalicio a familia Saltillo, Coahuila de Zaragoza; a 28 de octubre de 2025.-El gobernador Manolo Jim\u00e9nez Salinas encabez\u00f3 el homenaje p\u00f3stumo en memoria del oficial Miguel \u00c1ngel Mart\u00ednez Hern\u00e1ndez, elemento de la Polic\u00eda Estatal ca\u00eddo en cumplimiento de su deber; acto que tuvo lugar en el patio de la Subsecretar\u00eda de&#8230;<\/p>\n","protected":false},"author":1,"featured_media":28988,"comment_status":"closed","ping_status":"","sticky":false,"template":"","format":"standard","meta":{"footnotes":""},"categories":[5,15,24],"tags":[],"class_list":["post-28987","post","type-post","status-publish","format-standard","has-post-thumbnail","hentry","category-coahuila","category-gobierno-de-coahuila","category-seguridad","wpcat-5-id","wpcat-15-id","wpcat-24-id"],"_links":{"self":[{"href":"https:\/\/www.aquilaguna.com\/index.php\/wp-json\/wp\/v2\/posts\/28987","targetHints":{"allow":["GET"]}}],"collection":[{"href":"https:\/\/www.aquilaguna.com\/index.php\/wp-json\/wp\/v2\/posts"}],"about":[{"href":"https:\/\/www.aquilaguna.com\/index.php\/wp-json\/wp\/v2\/types\/post"}],"author":[{"embeddable":true,"href":"https:\/\/www.aquilaguna.com\/index.php\/wp-json\/wp\/v2\/users\/1"}],"replies":[{"embeddable":true,"href":"https:\/\/www.aquilaguna.com\/index.php\/wp-json\/wp\/v2\/comments?post=28987"}],"version-history":[{"count":1,"href":"https:\/\/www.aquilaguna.com\/index.php\/wp-json\/wp\/v2\/posts\/28987\/revisions"}],"predecessor-version":[{"id":28989,"href":"https:\/\/www.aquilaguna.com\/index.php\/wp-json\/wp\/v2\/posts\/28987\/revisions\/28989"}],"wp:featuredmedia":[{"embeddable":true,"href":"https:\/\/www.aquilaguna.com\/index.php\/wp-json\/wp\/v2\/media\/28988"}],"wp:attachment":[{"href":"https:\/\/www.aquilaguna.com\/index.php\/wp-json\/wp\/v2\/media?parent=28987"}],"wp:term":[{"taxonomy":"category","embeddable":true,"href":"https:\/\/www.aquilaguna.com\/index.php\/wp-json\/wp\/v2\/categories?post=28987"},{"taxonomy":"post_tag","embeddable":true,"href":"https:\/\/www.aquilaguna.com\/index.php\/wp-json\/wp\/v2\/tags?post=28987"}],"curies":[{"name":"wp","href":"https:\/\/api.w.org\/{rel}","templated":true}]}}